{"id":11761,"date":"2020-06-29T08:42:33","date_gmt":"2020-06-29T06:42:33","guid":{"rendered":"https:\/\/www.coffeedesk.pl\/blog\/?p=11761"},"modified":"2020-06-29T11:43:07","modified_gmt":"2020-06-29T09:43:07","slug":"coffeedesk-nasza-historia","status":"publish","type":"post","link":"https:\/\/www.coffeedesk.pl\/blog\/coffeedesk-nasza-historia\/","title":{"rendered":"Coffeedesk &#8211; nasza historia: od 3 przyjaci\u00f3\u0142 z palet\u0105 w\u0142oskiej kawy do 140 pasjonat\u00f3w speciality coffee i 70 mln z\u0142 przychodu!"},"content":{"rendered":"<p><strong><big>Zacz\u0119\u0142o si\u0119 ponad 7 lat temu, kiedy \u0141ukasz Wich\u0142acz oraz Marcin i Jacek Gardzielik podj\u0119li decyzj\u0119, \u017ce chc\u0105 poprowadzi\u0107 wsp\u00f3lny biznes. Tak w\u0142a\u015bnie narodzi\u0142 si\u0119 Coffee Trader, czyli hurtownia kawy, kt\u00f3ra ju\u017c rok p\u00f3\u017aniej ewoluowa\u0142a w Coffeedesk. Na pocz\u0105tku wydawa\u0142o im si\u0119, \u017ce to b\u0119dzie praca po godzinach, \u017cycie jednak do\u015b\u0107 szybko zweryfikowa\u0142o pocz\u0105tkowe plany i za\u0142o\u017cenia, a oni musieli odda\u0107 si\u0119 kawie w pe\u0142nym etacie. I dobrze!<\/big><\/strong><\/p>\n<h2 id=\"poczatki-bywaja-trudne-ale-inspirujace\"><b>Pocz\u0105tki bywaj\u0105 trudne, ale inspiruj\u0105ce!<\/b><\/h2>\n<h3 id=\"trojka-przyjaciol-i-pomysl-na-wspolny-biznes\"><b>Tr\u00f3jka przyjaci\u00f3\u0142 i pomys\u0142 na wsp\u00f3lny biznes<\/b><\/h3>\n<p><span style=\"font-weight: 400;\">\u0141ukasz, Jacek i Marcin d\u0142ugo my\u015bleli o wsp\u00f3lnym biznesie i w ko\u0144cu pad\u0142o na kaw\u0119. Cho\u0107 brali pod uwag\u0119 m.in. wino i sushi, to jednak ostatecznie rynek kawy okaza\u0142 si\u0119 tym poci\u0105gaj\u0105cym ich najbardziej i maj\u0105cym najwi\u0119kszy potencja\u0142. Zrzucili si\u0119 wi\u0119c po 17 tys. z\u0142 i za ca\u0142\u0105 kwot\u0119 kupili pierwsze palety z kaw\u0105. Tak w\u0142a\u015bnie rozpocz\u0119\u0142a si\u0119 historia hurtowni kawy Coffee Trader, ale wtedy nikt nie spodziewa\u0142 si\u0119 jeszcze, \u017ce powstanie Coffeedesk w formie takiej, jak\u0105 znamy dzi\u015b!<\/span><\/p>\n<h3 id=\"pierwsze-dobre-i-zle-decyzje\"><b>Pierwsze dobre i z\u0142e decyzje<\/b><\/h3>\n<p><span style=\"font-weight: 400;\">Kiedy w 2013 roku \u0141ukasz, Marcin i Jacek zdecydowali si\u0119 rozkr\u0119ci\u0107 biznes i uruchomili stron\u0119 internetow\u0105 Coffeedesk, nie mieli jeszcze ani strategii, ani bud\u017cetu marketingowego. W pierwszym miesi\u0105cu pojawi\u0142o si\u0119 19 zam\u00f3wie\u0144, jednak, aby nie by\u0142o zbyt kolorowo, to 16 z nich by\u0142o z\u0142o\u017conych przez ekip\u0119 Coffeedesk, znajomych i rodziny\u2026 Szybko okaza\u0142o si\u0119, \u017ce zamkni\u0119ty klub zakupowy (tak, dobrze widzicie &#8211; Coffeedesk.pl w trakcie uruchamiania strony by\u0142 zamkni\u0119tym klubem zakupowym, do kt\u00f3rego wst\u0119p mieli tylko zalogowani u\u017cytkownicy) to nie jest najlepsze rozwi\u0105zanie na sprzeda\u017c kawy, wi\u0119c Coffeedesk ewoluowa\u0142 w klasyczny sklep internetowy &#8211; dost\u0119pny dla wszystkich.\u00a0<\/span><\/p>\n<h3 id=\"dynamiczne-zmiany-i-dynamiczny-rozwoj\"><b>Dynamiczne zmiany i dynamiczny rozw\u00f3j<\/b><\/h3>\n<p><span style=\"font-weight: 400;\">Cho\u0107 w naszej historii nie by\u0142o jednego punktu zwrotnego, to stale generowali\u015bmy nowe pomys\u0142y i dzia\u0142ania. Zawsze dynamicznie reagowali\u015bmy na potrzeby rynku i ucz\u0105c si\u0119 kawy na bie\u017c\u0105co, odkrywali\u015bmy jej nowe ods\u0142ony przed sob\u0105 i Wami. Zawsze stawiali\u015bmy na dobre relacje i bardzo dbali\u015bmy o to, by ka\u017cdy klient i partner czu\u0142 si\u0119 dobrze zaopiekowany. I tak w 2013 roku zostali\u015bmy oficjalnym dystrybutorem marek <a href=\"https:\/\/www.coffeedesk.pl\/nasze-marki\/johan-and-nystrom\/\" target=\"_blank\" rel=\"noopener noreferrer\">Johan&amp;Nystr\u00f6m<\/a> i <a href=\"https:\/\/www.coffeedesk.pl\/nasze-marki\/aeropress\/\" target=\"_blank\" rel=\"noopener noreferrer\">AeroPress<\/a> w Polsce, w 2014 do\u0142\u0105czy\u0142o <a href=\"https:\/\/www.coffeedesk.pl\/nasze-marki\/hario\/\" target=\"_blank\" rel=\"noopener noreferrer\">Hario<\/a> i potem kolejne marki (m.in. <a href=\"https:\/\/www.coffeedesk.pl\/nasze-marki\/bialetti\/\" target=\"_blank\" rel=\"noopener noreferrer\">Bialetti<\/a>), kt\u00f3re teraz s\u0105 naszymi najwi\u0119kszymi bestsellerami, a Waszymi ulubie\u0144cami.<\/span><\/p>\n<p><span style=\"font-weight: 400;\">Kolejnym du\u017cym krokiem w rozwoju Coffeedesk by\u0142o powstanie kawiarni. Nasz pierwszy lokal otworzyli\u015bmy w 2015 roku na osiedlu Bajkowym w Ko\u0142obrzegu. By\u0107 mo\u017ce nie wiecie, \u017ce jednym z powod\u00f3w\u00a0 jego powstania by\u0142 fakt, i\u017c w tamtym czasie wszyscy nasi za\u0142o\u017cyciele byli mieszka\u0144cami osiedla Bajkowe i brakowa\u0142o im dobrej kawy blisko domu! \ud83d\ude09 Powod\u00f3w by\u0142o oczywi\u015bcie wi\u0119cej &#8211; w tamtym czasie Coffeedesk mia\u0142 siedzib\u0119 w Grzybowie, a naszym partnerom biznesowym nie zawsze by\u0142o tam po drodze. Kawiarnia sta\u0142a si\u0119 wi\u0119c te\u017c naszym showroomem, w kt\u00f3rym mogli\u015bmy spotyka\u0107 si\u0119 z klientami i prezentowa\u0107 sprz\u0119t. Chcieli\u015bmy te\u017c pokaza\u0107, \u017ce znamy si\u0119 na kawiarnianym hospitality &#8211; mamy nadziej\u0119, \u017ce odwiedzaj\u0105c nasze kawiarnie widzicie, \u017ce to Wy jeste\u015bcie zawsze na pierwszym miejscu! Cho\u0107 nasza pierwsza kawiarnia w du\u017cej mierze by\u0142a realizacj\u0105 wielkiego marzenia, to kolejna lokalizacja, kt\u00f3r\u0105 otworzyli\u015bmy w Warszawie w 2017 roku, by\u0142a zdecydowanie konceptem biznesowym. Wybrali\u015bmy du\u017cy rynek, z kt\u00f3rego pochodzi ponad 30% naszych klient\u00f3w, aby sprawdzi\u0107 potencja\u0142 skalowania si\u0119 tego kana\u0142u oraz to, czy ludzie po prostu chc\u0105 do nas przychodzi\u0107. I chcecie! Dlatego ju\u017c nied\u0142ugo powstanie wi\u0119cej coffeedeskowych miejsc, w kt\u00f3rych b\u0119dziemy mogli wsp\u00f3lnie celebrowa\u0107 picie najlepszej kawy.<\/span><\/p>\n<p><img  loading=\"lazy\"  decoding=\"async\"  class=\"aligncenter wp-image-11350 size-full pk-lazyload\"  src=\"data:image\/png;base64,iVBORw0KGgoAAAANSUhEUgAACgAAAAarAQMAAADz4WLCAAAAA1BMVEUAAP+KeNJXAAAAAXRSTlMAQObYZgAAAilJREFUeNrtwQENAAAAwqD3T20PBxQAAAAAAAAAAAAAAAAAAAAAAAAAAAAAAAAAAAAAAAAAAAAAAAAAAAAAAAAAAAAAAAAAAAAAAAAAAAAAAAAAAAAAAAAAAAAAAAAAAAAAAAAAAAAAAAAAAAAAAAAAAAAAAAAAAAAAAAAAAAAAAAAAAAAAAAAAAAAAAAAAAAAAAAAAAAAAAAAAAAAAAAAAAAAAAAAAAAAAAAAAAAAAAAAAAAAAAAAAAAAAAAAAAAAAAAAAAAAAAAAAAAAAAAAAAAAAAAAAAAAAAAAAAAAAAAAAAAAAAAAAAAAAAAAAAAAAAAAAAAAAAAAAAAAAAAAAAAAAAAAAAAAAAAAAAAAAAAAAAAAAAAAAAAAAAAAAAAAAAAAAAAAAAAAAAAAAAAAAAAAAAAAAAAAAAAAAAAAAAAAAAAAAAAAAAAAAAAAAAAAAAAAAAAAAAAAAAAAAAAAAAAAAAAAAAAAAAAAAAAAAAAAAAAAAAAAAAAAAAAAAAAAAAAAAAAAAAAAAAAAAAAAAAAAAAAAAAAAAAAAAAAAAAAAAAAAAAAAAAAAAAAAAAAAAAAAAAAAAAAAAAAAAAAAAAAAAAAAAAAAAAAAAAAAAAAAAAAAAAAAAAAAAAAAAAAAAAAAAAAAAAAAAAAAAAAAAAAAAAAAAAAAAAAAAAAAAAAAAAAAAAAAAAAAAAAAAAAAAAAAAAAAAAAAAAAAAAAAAAAAAAAAAAHBoXOMAAS+Ndi0AAAAASUVORK5CYII=\"  alt=\"za\u0142orzyciele Coffeedesk - Jacek, Marcin i \u0141ukasz\"  width=\"2560\"  height=\"1707\"  data-pk-sizes=\"auto\"  data-ls-sizes=\"auto, (max-width: 2560px) 100vw, 2560px\"  data-pk-src=\"https:\/\/www.coffeedesk.pl\/blog\/wp-content\/uploads\/2020\/05\/zarzad-coffeedesk-scaled.jpg\"  data-pk-srcset=\"https:\/\/www.coffeedesk.pl\/blog\/wp-content\/uploads\/2020\/05\/zarzad-coffeedesk-scaled.jpg 2560w, https:\/\/www.coffeedesk.pl\/blog\/wp-content\/uploads\/2020\/05\/zarzad-coffeedesk-800x533.jpg 800w, https:\/\/www.coffeedesk.pl\/blog\/wp-content\/uploads\/2020\/05\/zarzad-coffeedesk-1160x773.jpg 1160w, https:\/\/www.coffeedesk.pl\/blog\/wp-content\/uploads\/2020\/05\/zarzad-coffeedesk-1536x1024.jpg 1536w, https:\/\/www.coffeedesk.pl\/blog\/wp-content\/uploads\/2020\/05\/zarzad-coffeedesk-2048x1365.jpg 2048w, https:\/\/www.coffeedesk.pl\/blog\/wp-content\/uploads\/2020\/05\/zarzad-coffeedesk-320x213.jpg 320w, https:\/\/www.coffeedesk.pl\/blog\/wp-content\/uploads\/2020\/05\/zarzad-coffeedesk-560x373.jpg 560w, https:\/\/www.coffeedesk.pl\/blog\/wp-content\/uploads\/2020\/05\/zarzad-coffeedesk-1920x1280.jpg 1920w\" ><\/p>\n<h2 id=\"jak-sie-zmieniamy-i-dlaczego-nam-sie-to-udaje\"><b>Jak si\u0119 zmieniamy i dlaczego nam si\u0119 to udaje?<\/b><\/h2>\n<p><span style=\"font-weight: 400;\">Od pierwszego dnia dzia\u0142ania firmy mamy jedn\u0105 zasad\u0119, kt\u00f3ra si\u0119 nie zmienia &#8211; najlepsza mo\u017cliwa obs\u0142uga klienta i szacunek do niego. Cho\u0107, kiedy Coffeedesk startowa\u0142, a na pok\u0142adzie byli tylko \u0141ukasz, Marcin i Jacek by\u0142o dok\u0142adnie tak samo, to teraz robimy to na zdecydowanie innym poziomie! Ca\u0142y dzia\u0142 Customer Service dba o to, by ka\u017cdy z Was by\u0142 zadowolony z zakup\u00f3w. Mamy w nim osoby \u015bwietnie znaj\u0105ce kaw\u0119 i akcesoria do jej parzenia, empatyczne i staraj\u0105ce si\u0119, by ka\u017cdy Wasz problem czy w\u0105tpliwo\u015b\u0107 zosta\u0142a wyja\u015bniona. Aktualnie na ponad 70% Waszych zapyta\u0144 odpowiadamy w ci\u0105gu 2 godzin, \u015brednia ilo\u015b\u0107 reklamacji to mniej ni\u017c 1% wszystkich zam\u00f3wie\u0144, a ilo\u015b\u0107 zwrot\u00f3w to oko\u0142o 0,5%.\u00a0<\/span><\/p>\n<p><img  loading=\"lazy\"  decoding=\"async\"  class=\"size-full wp-image-3461 aligncenter pk-lazyload\"  src=\"data:image\/png;base64,iVBORw0KGgoAAAANSUhEUgAAAAEAAAABAQMAAAAl21bKAAAAA1BMVEUAAP+KeNJXAAAAAXRSTlMAQObYZgAAAAlwSFlzAAAOxAAADsQBlSsOGwAAAApJREFUCNdjYAAAAAIAAeIhvDMAAAAASUVORK5CYII=\"  alt=\"kot coffeedesk\"  width=\"1920\"  height=\"1280\"  data-pk-sizes=\"auto\"  data-ls-sizes=\"auto, (max-width: 1920px) 100vw, 1920px\"  data-pk-src=\"https:\/\/www.coffeedesk.pl\/blog\/wp-content\/uploads\/2018\/01\/kotcd.jpg\"  data-pk-srcset=\"https:\/\/www.coffeedesk.pl\/blog\/wp-content\/uploads\/2018\/01\/kotcd.jpg 1920w, https:\/\/www.coffeedesk.pl\/blog\/wp-content\/uploads\/2018\/01\/kotcd-800x533.jpg 800w, https:\/\/www.coffeedesk.pl\/blog\/wp-content\/uploads\/2018\/01\/kotcd-1160x773.jpg 1160w, https:\/\/www.coffeedesk.pl\/blog\/wp-content\/uploads\/2018\/01\/kotcd-320x213.jpg 320w, https:\/\/www.coffeedesk.pl\/blog\/wp-content\/uploads\/2018\/01\/kotcd-560x373.jpg 560w\" ><\/p>\n<p><span style=\"font-weight: 400;\">Chcemy te\u017c robi\u0107 Wam dzie\u0144 i dlatego ju\u017c od 2014 roku zacz\u0119li\u015bmy personalizowa\u0107 paczki rysuj\u0105c na nich koty \u017cycz\u0105ce \u201cMi\u0142ego dnia!\u201d.\u00a0<\/span><\/p>\n<div class=\"pk-alert pk-alert-info\" role=\"alert\" >\nO naszych kotach opowiadamy <a href=\"https:\/\/www.coffeedesk.pl\/blog\/kot-coffeedesk-historia-prawdziwa\/\" target=\"_blank\" rel=\"noopener noreferrer\"><strong>TUTAJ<\/strong><\/a>!<br \/>\n<\/div>\n<p><span style=\"font-weight: 400;\">Ten szacunek pojawia si\u0119 tak\u017ce wewn\u0105trz firmy. Dla Coffeedesk zawsze najwa\u017cniejsi byli i b\u0119d\u0105 ludzie, dlatego stawiamy na budowanie zespo\u0142u i poszukiwanie do teamu os\u00f3b o wysokich kompetencjach, z du\u017cym do\u015bwiadczeniem, od kt\u00f3rych mo\u017cemy czerpa\u0107 wiedz\u0119. Dzi\u0119ki temu mo\u017cna skalowa\u0107 biznes du\u017co szybciej &#8211; teraz jest ju\u017c w Coffeedesku a\u017c 140 os\u00f3b i wci\u0105\u017c przybywaj\u0105 nowe!\u00a0<\/span><\/p>\n<p><span style=\"font-weight: 400;\">Chcemy by\u0107 autentyczni i dlatego nie tylko sami interesujemy si\u0119 kaw\u0105, ale staramy si\u0119 przyci\u0105ga\u0107 do nas osoby, kt\u00f3re w \u015bwiecie kawy s\u0105 prawdziw\u0105 inspiracj\u0105 dla innych. Dlatego pracuj\u0105 z nami m.in. Maciej Duszak, kt\u00f3ry po z\u0142oto w zawodach Brewers Cup si\u0119gn\u0105\u0142 w 2017 roku, ale na drugim stopniu podium zawod\u00f3w Brewers, Cup Tasters i Barista stawa\u0142 a\u017c sze\u015bciokrotnie! Zuzia Szklarczyk to aktualna Mistrzyni Polski Cup Tasters, Piotr Sowa (manager naszej warszawskiej kawiarni na Wilczej) to Mistrz Polski Cup Tasters z 2015 roku, Pawe\u0142 Krysi\u0144ski (aktualnie w naszym dziale sprzeda\u017cy) zaj\u0105\u0142 III miejsce na Mistrzostwach Polski Latte Art w 2018 i 2019 roku, a Pawe\u0142 \u015awiderski (nasz nowy manager kawiarni Bajkowe) by\u0142 III na Mistrzostwach Brewers w 2019.<\/span><\/p>\n<p><span style=\"font-weight: 400;\">Od pocz\u0105tku komunikowali\u015bmy si\u0119 z Wami przez social media, a nasza internetowa spo\u0142eczno\u015b\u0107 wci\u0105\u017c ro\u015bnie! W nieco ponad rok zgromadzili\u015bmy w \u201cKawowej grupie wsparcia\u201d na Facebooku ponad 13 tys. mi\u0142o\u015bnik\u00f3w kawy, kt\u00f3rzy codziennie wymieniaj\u0105 si\u0119 przepisami i szukaj\u0105 informacji na temat kawowych akcesori\u00f3w. To dla nas znak, \u017ce prawdziwa pasja do kawy potrafi po\u0142\u0105czy\u0107 ludzi i stworzy\u0107 naprawd\u0119 mocne wi\u0119zi.\u00a0<\/span><\/p>\n<p><b>Tak nasza strona wygl\u0105da\u0142a w 2013 roku:<\/b><\/p>\n<p><img  loading=\"lazy\"  decoding=\"async\"  class=\"aligncenter wp-image-11768 size-full pk-lazyload\"  src=\"data:image\/png;base64,iVBORw0KGgoAAAANSUhEUgAAAusAAAL8AQMAAABj5GldAAAAA1BMVEUAAP+KeNJXAAAAAXRSTlMAQObYZgAAAF1JREFUeNrtwTEBAAAAwqD1T20JT6AAAAAAAAAAAAAAAAAAAAAAAAAAAAAAAAAAAAAAAAAAAAAAAAAAAAAAAAAAAAAAAAAAAAAAAAAAAAAAAAAAAAAAAAAAAAAAeBsbkwABmR7vxgAAAABJRU5ErkJggg==\"  alt=\"strona Coffeedesk w roku 2013\"  width=\"747\"  height=\"764\"  data-pk-sizes=\"auto\"  data-ls-sizes=\"auto, (max-width: 747px) 100vw, 747px\"  data-pk-src=\"https:\/\/www.coffeedesk.pl\/blog\/wp-content\/uploads\/2020\/06\/luty-2012.jpg\"  data-pk-srcset=\"https:\/\/www.coffeedesk.pl\/blog\/wp-content\/uploads\/2020\/06\/luty-2012.jpg 747w, https:\/\/www.coffeedesk.pl\/blog\/wp-content\/uploads\/2020\/06\/luty-2012-320x327.jpg 320w, https:\/\/www.coffeedesk.pl\/blog\/wp-content\/uploads\/2020\/06\/luty-2012-560x573.jpg 560w\" ><\/p>\n<p><b>A tak w 2016:<\/b><\/p>\n<p><img  loading=\"lazy\"  decoding=\"async\"  class=\"aligncenter wp-image-11766 size-full pk-lazyload\"  src=\"data:image\/png;base64,iVBORw0KGgoAAAANSUhEUgAABFcAAAL4AQMAAACECoq\/AAAAA1BMVEUAAP+KeNJXAAAAAXRSTlMAQObYZgAAAH5JREFUeNrtwTEBAAAAwqD1T20LL6AAAAAAAAAAAAAAAAAAAAAAAAAAAAAAAAAAAAAAAAAAAAAAAAAAAAAAAAAAAAAAAAAAAAAAAAAAAAAAAAAAAAAAAAAAAAAAAAAAAAAAAAAAAAAAAAAAAAAAAAAAAAAAAAAAAAAAAAAAPgafrwABveaDFwAAAABJRU5ErkJggg==\"  alt=\"strona Coffeedesk w roku 2016\"  width=\"1111\"  height=\"760\"  data-pk-sizes=\"auto\"  data-ls-sizes=\"auto, (max-width: 1111px) 100vw, 1111px\"  data-pk-src=\"https:\/\/www.coffeedesk.pl\/blog\/wp-content\/uploads\/2020\/06\/2016-kawy-miesiaca.jpg\"  data-pk-srcset=\"https:\/\/www.coffeedesk.pl\/blog\/wp-content\/uploads\/2020\/06\/2016-kawy-miesiaca.jpg 1111w, https:\/\/www.coffeedesk.pl\/blog\/wp-content\/uploads\/2020\/06\/2016-kawy-miesiaca-800x547.jpg 800w, https:\/\/www.coffeedesk.pl\/blog\/wp-content\/uploads\/2020\/06\/2016-kawy-miesiaca-320x219.jpg 320w, https:\/\/www.coffeedesk.pl\/blog\/wp-content\/uploads\/2020\/06\/2016-kawy-miesiaca-560x383.jpg 560w\" ><\/p>\n<p><span style=\"font-weight: 400;\">Od pocz\u0105tku naszej drogi dzia\u0142amy w zgodzie ze sob\u0105. Budujemy Coffeedesk na uczciwo\u015bci i prawdziwej pasji. Gdyby\u015bmy tak nie kochali kawy, to nie byliby\u015bmy w tym miejscu, w kt\u00f3rym jeste\u015bmy teraz&#8230;<\/span><\/p>\n<h2 id=\"gdzie-jestesmy-teraz\"><b>Gdzie jeste\u015bmy teraz?<\/b><\/h2>\n<p><span style=\"font-weight: 400;\">Coffeedesk to kawowy omnichannel. By\u0107 mo\u017ce nie wszyscy z Was wiedz\u0105, \u017ce jeste\u015bmy nie tylko sklepem internetowym, ale tak\u017ce dystrybutorem, w\u0142a\u015bcicielem dw\u00f3ch platform sprzeda\u017cowych skierowanych do biznesu, a tak\u017ce butikowej sieci kawiarni, kt\u00f3r\u0105 wci\u0105\u017c rozwijamy. W ofercie posiadamy 3,5 tysi\u0105ca produkt\u00f3w, ale nieustannie j\u0105 poszerzamy, dostosowuj\u0105c si\u0119 do aktualnej sytuacji rynkowej. Nie tak dawno wprowadzili\u015bmy do oferty m.in. mleka ro\u015blinne, syropy, czy systemy do domowej filtracji wody od Dafi.\u00a0<\/span><\/p>\n<p><span style=\"font-weight: 400;\">Rozwijamy nasz biznes w Polsce i za granic\u0105. Aktualnie a\u017c 1\/3 naszych przychod\u00f3w pochodzi ze sprzeda\u017cy poza granice Polski. Kiedy zaczynali\u015bmy, w 2012 roku realizowali\u015bmy kilkaset zam\u00f3wie\u0144 rocznie, po 7 latach jeste\u015bmy najwi\u0119kszym kawowym e-commerce w Europie \u015arodkowo-Wschodniej. W 2019 roku zrealizowali\u015bmy ponad 120 tysi\u0119cy zam\u00f3wie\u0144, a nasz przych\u00f3d osi\u0105gn\u0105\u0142 poziom 54,5 mln PLN. Aktualnie ro\u015bniemy o oko\u0142o 30% rocznie &#8211; jest to rezultat, kt\u00f3ry notujemy ju\u017c na etapie dojrza\u0142o\u015bci, bo we wcze\u015bniejszych latach, gdy bardzo intensywnie zwi\u0119kszali\u015bmy skal\u0119, \u015brednioroczne tempo wzrostu wynosi\u0142o 210 %. Nasza prognoza przychod\u00f3w na 2020 rok to prawie 70 mln z\u0142 i zak\u0142adamy utrzymanie tempa wzrostu.<\/span><\/p>\n<figure id=\"attachment_11762\" aria-describedby=\"caption-attachment-11762\" style=\"width: 830px\" class=\"wp-caption aligncenter\"><img  loading=\"lazy\"  decoding=\"async\"  class=\"wp-image-11762 size-full pk-lazyload\"  src=\"data:image\/png;base64,iVBORw0KGgoAAAANSUhEUgAAAz4AAAHIAQMAAAC1Ua22AAAAA1BMVEUAAP+KeNJXAAAAAXRSTlMAQObYZgAAAEVJREFUeNrtwTEBAAAAwqD1T20ND6AAAAAAAAAAAAAAAAAAAAAAAAAAAAAAAAAAAAAAAAAAAAAAAAAAAAAAAAAAAAAAeDS7CAABxt5osgAAAABJRU5ErkJggg==\"  alt=\"Coffeedesk w liczbach - ile kawy sprzedajemy i ile zam\u00f3wie\u0144 realizujemy\"  width=\"830\"  height=\"456\"  data-pk-sizes=\"auto\"  data-ls-sizes=\"auto, (max-width: 830px) 100vw, 830px\"  data-pk-src=\"https:\/\/www.coffeedesk.pl\/blog\/wp-content\/uploads\/2020\/06\/17.-grafika_deskop_830x465-2-1.png\"  data-pk-srcset=\"https:\/\/www.coffeedesk.pl\/blog\/wp-content\/uploads\/2020\/06\/17.-grafika_deskop_830x465-2-1.png 830w, https:\/\/www.coffeedesk.pl\/blog\/wp-content\/uploads\/2020\/06\/17.-grafika_deskop_830x465-2-1-800x440.png 800w, https:\/\/www.coffeedesk.pl\/blog\/wp-content\/uploads\/2020\/06\/17.-grafika_deskop_830x465-2-1-320x176.png 320w, https:\/\/www.coffeedesk.pl\/blog\/wp-content\/uploads\/2020\/06\/17.-grafika_deskop_830x465-2-1-560x308.png 560w\" ><figcaption id=\"caption-attachment-11762\" class=\"wp-caption-text\">Coffeedesk w liczbach<\/figcaption><\/figure>\n<h3 id=\"przelomowy-q1-i-swietny-kwiecien-2020\"><b>Prze\u0142omowy Q1 i \u015bwietny kwiecie\u0144 2020<\/b><\/h3>\n<p><span style=\"font-weight: 400;\">A ten rok zapowiada si\u0119 naprawd\u0119 dobrze! W pierwszym kwartale zwi\u0119kszyli\u015bmy przychody o 34% r\/r i\u00a0 obs\u0142u\u017cyli\u015bmy ponad 35 tys. zam\u00f3wie\u0144. Ju\u017c w kwietniu w samym kanale B2C wys\u0142ali\u015bmy ponad 16 tys. paczek. Tak\u017ce w pierwszym kwartale odnotowali\u015bmy przychody w wysoko\u015bci 14,99 mln z\u0142 oraz EBITDA blisko 355 tys. z\u0142, co jest wynikiem lepszym ni\u017c zak\u0142adany, tym bardziej, \u017ce w roku 2019, w tym samym okresie, nasza EBITDA by\u0142a ujemna. Co wi\u0119cej, kwiecie\u0144 pokazuje, \u017ce nasze inwestycje w rozw\u00f3j mocno procentuj\u0105. EBITDA w tym miesi\u0105cu wynios\u0142a ponad <\/span><span style=\"font-weight: 400;\">433 tys. z\u0142!<\/span><\/p>\n<p><span style=\"font-weight: 400;\">Dzi\u0119ki mobilizacji wywo\u0142anej przez pandemi\u0119 koronawirusa oraz dynamicznym dzia\u0142aniom we wszystkich kana\u0142ach uda\u0142o nam si\u0119 nie tylko nie ponie\u015b\u0107 strat, ale znacznie przekroczy\u0107 nasze plany sprzeda\u017cowe. Nasza historia pokazuje, \u017ce to umiej\u0119tno\u015b\u0107 szybkiego reagowania na zmiany jest jedn\u0105 z wi\u0119kszych przewag Coffeedesk. Mimo zauwa\u017calnego spadku przychod\u00f3w w kanale online, czyli kawiarniach, przychody ca\u0142ej sp\u00f3\u0142ki w kwietniu wzros\u0142y r\/r o niemal 37%. W kwietniu p<\/span><span style=\"font-weight: 400;\">lan sprzeda\u017cy B2B zrealizowany zosta\u0142 na ponad 110%. Du\u017ce wzrosty s\u0105 widoczne szczeg\u00f3lnie w obszarze e-commerce, na kt\u00f3ry mocno postawili\u015bmy z powodu pandemii &#8211; tutaj wzrost r\/r wyni\u00f3s\u0142 w kwietniu 62%.<\/span><\/p>\n<h2 id=\"gdzie-chcemy-byc-w-przyszlosci\"><b>Gdzie chcemy by\u0107 w przysz\u0142o\u015bci?<\/b><\/h2>\n<p><span style=\"font-weight: 400;\">Coffeedesk nie chce czeka\u0107 na \u0142ut szcz\u0119\u015bcia, kawow\u0105 rewolucj\u0119 chcemy przeprowadza\u0107 tu i teraz. Dlatego te\u017c zdecydowali\u015bmy si\u0119 na zbi\u00f3rk\u0119 crowdfundingow\u0105, w kt\u00f3rej staramy si\u0119 zebra\u0107 ponad 2 mln z\u0142 na dalszy rozw\u00f3j. Ju\u017c teraz mo\u017cemy powiedzie\u0107, \u017ce jeste\u015bmy blisko celu i widzimy, \u017ce chcecie by\u0107 cz\u0119\u015bci\u0105 naszej kawowej rodziny &#8211; zainwestowa\u0142o w nas ju\u017c ponad 400 os\u00f3b i zbli\u017camy si\u0119 do prze\u0142omowego 1,5 mln z\u0142 z inwestycji.\u00a0<\/span><\/p>\n<div class=\"pk-alert pk-alert-info\" role=\"alert\" >\nWi\u0119cej o tym, dlaczego zdecydowali\u015bmy si\u0119 na crowdfunding, dowiecie si\u0119 z artyku\u0142u naszego CEO &#8211; \u0141ukasza Wich\u0142acza: <a href=\"https:\/\/www.coffeedesk.pl\/blog\/idziemy-po-wiecej-akcja-crowdfundingowa-coffeedesk\/\" target=\"_blank\" rel=\"noopener noreferrer\"><strong>\u201cIdziemy po wi\u0119cej! Kawowa rewolucja Coffeedesk nabiera tempa dzi\u0119ki crowdfundingowi\u201d<\/strong><\/a><br \/>\n<\/div>\n<p><span style=\"font-weight: 400;\">Aktualnie naszym celem, po sukcesie zbi\u00f3rki crowdfundingowej, jest wdro\u017cenie nowej platformy e-commerce dla B2C, ruszenie z ca\u0142kiem nowym projektem subskrypcji kawowej, otwarcie trzeciego showroomu Coffeedesk z konceptem miejsca szkoleniowo-treningowego oraz rozw\u00f3j platformy sprzeda\u017cowej B2B.\u00a0<\/span><\/p>\n<figure id=\"attachment_11764\" aria-describedby=\"caption-attachment-11764\" style=\"width: 830px\" class=\"wp-caption aligncenter\"><img  loading=\"lazy\"  decoding=\"async\"  class=\"wp-image-11764 size-full pk-lazyload\"  src=\"data:image\/png;base64,iVBORw0KGgoAAAANSUhEUgAAAz4AAAHIAQMAAAC1Ua22AAAAA1BMVEUAAP+KeNJXAAAAAXRSTlMAQObYZgAAAEVJREFUeNrtwTEBAAAAwqD1T20ND6AAAAAAAAAAAAAAAAAAAAAAAAAAAAAAAAAAAAAAAAAAAAAAAAAAAAAAAAAAAAAAeDS7CAABxt5osgAAAABJRU5ErkJggg==\"  alt=\"cele Coffeedeski - plany rozwoju \"  width=\"830\"  height=\"456\"  data-pk-sizes=\"auto\"  data-ls-sizes=\"auto, (max-width: 830px) 100vw, 830px\"  data-pk-src=\"https:\/\/www.coffeedesk.pl\/blog\/wp-content\/uploads\/2020\/06\/21.-grafika_deskop_830x465-2.png\"  data-pk-srcset=\"https:\/\/www.coffeedesk.pl\/blog\/wp-content\/uploads\/2020\/06\/21.-grafika_deskop_830x465-2.png 830w, https:\/\/www.coffeedesk.pl\/blog\/wp-content\/uploads\/2020\/06\/21.-grafika_deskop_830x465-2-800x440.png 800w, https:\/\/www.coffeedesk.pl\/blog\/wp-content\/uploads\/2020\/06\/21.-grafika_deskop_830x465-2-320x176.png 320w, https:\/\/www.coffeedesk.pl\/blog\/wp-content\/uploads\/2020\/06\/21.-grafika_deskop_830x465-2-560x308.png 560w\" ><figcaption id=\"caption-attachment-11764\" class=\"wp-caption-text\">Oto nasze cele &#8211; na te projekty zbieramy \u015brodki podczas akcji crowdfundingowej<\/figcaption><\/figure>\n<p><span style=\"font-weight: 400;\">Rozpocz\u0119li\u015bmy ju\u017c proces projektowania naszej nowej platformy online, a spos\u00f3b, w jaki aktualnie pracujemy jest diametralnie inny od tego, w jaki tworzyli\u015bmy Coffeedesk.pl w 2013 roku. Teraz w ca\u0142ym procesie wspieraj\u0105 nas profesjonali\u015bci, tworzymy prototypy zgodnie z najnowszymi standardami UI\/UX. Wierzymy, \u017ce dzi\u0119ki nowej ods\u0142onie platformy Coffeedesk \u2013 z przyjaznym interfejsem i rozbudowan\u0105 wersj\u0105 mobile &#8211; uda si\u0119 nam podbi\u0107 jeszcze wi\u0119cej serc mi\u0142o\u015bnik\u00f3w kawy.\u00a0<\/span><\/p>\n<p><span style=\"font-weight: 400;\">W najbli\u017cszym czasie chcemy skupi\u0107 si\u0119 r\u00f3wnie\u017c na ekspansji zagranicznej, na naszym celowniku jest Europa \u015arodkowo-Wschodnia, ale te\u017c kraje Skandynawskie, gdzie powoli przejmujemy rynek, dzi\u0119ki wy\u0142\u0105czno\u015bci dystrybucji u niekt\u00f3rych dostawc\u00f3w. Od pocz\u0105tku roku znacznie przyspieszyli\u015bmy dynamik\u0119 rozwoju eksportu. W Finlandii w pierwszym kwartale 2020 r. niemal potroili\u015bmy sprzeda\u017c (wzrost o 192%), a w Danii zanotowali\u015bmy wzrost o 80%. Na rynek czeski zwi\u0119kszyli\u015bmy sprzeda\u017c o 59%, pozyskali\u015bmy te\u017c nowych odbiorc\u00f3w w Chinach, Zjednoczonych Emiratach Arabskich oraz Arabii Saudyjskiej.\u00a0<\/span><\/p>\n<p><span style=\"font-weight: 400;\">Chcemy zrobi\u0107 r\u00f3wnie\u017c co\u015b specjalnego dla Was &#8211; naszych sta\u0142ych klient\u00f3w. Wdro\u017cenie nowego modelu biznesowego, czyli subskrypcji kawowej, pozwoli na zamawianie dowolnej liczby paczek kawy, w tym kaw stworzonych przez Coffeedesk (to ca\u0142kowita nowo\u015b\u0107!) w regularnych odst\u0119pach czasu \u2013 nawet co dwa tygodnie. Wierzymy, \u017ce b\u0119dzie to du\u017ce u\u0142atwienie dla os\u00f3b, kt\u00f3re pij\u0105 kaw\u0119 regularnie, ale stawiaj\u0105 na wygod\u0119.<\/span><\/p>\n<p><span style=\"font-weight: 400;\">Coroczne wzrosty przychod\u00f3w w naszych kawiarniach oraz pe\u0142ne stoliki s\u0105 dla nas dowodem na to, \u017ce warto inwestowa\u0107 w ten obszar. Kawiarnia na Wilczej cieszy si\u0119 tak du\u017c\u0105 popularno\u015bci\u0105, \u017ce jeste\u015bmy ju\u017c w trakcie pracowania nad now\u0105 lokalizacj\u0105 w Warszawie, kt\u00f3ra b\u0119dzie po\u0142\u0105czona z konceptem miejsca szkoleniowego. Planujemy wygospodarowa\u0107 w niej specjaln\u0105 przestrze\u0144, kt\u00f3ra umo\u017cliwi prowadzenie profesjonalnych cupping\u00f3w, prezentacji sprz\u0119tu i akcesori\u00f3w, szkole\u0144 z udzia\u0142em certyfikowanych trener\u00f3w SCA oraz kawowych event\u00f3w. Dzi\u0119ki takiemu zagospodarowaniu przestrzeni, b\u0119dziemy mogli z wi\u0119ksz\u0105 skuteczno\u015bci\u0105 edukowa\u0107 o kawie. W realizacji tego celu wesprze nas dodatkowo projekt platformy edukacyjnej dla uczestnik\u00f3w warsztat\u00f3w &#8211; ju\u017c nie mo\u017cemy si\u0119 doczeka\u0107!<\/span><\/p>\n<figure id=\"attachment_11770\" aria-describedby=\"caption-attachment-11770\" style=\"width: 2560px\" class=\"wp-caption aligncenter\"><img  loading=\"lazy\"  decoding=\"async\"  class=\"wp-image-11770 size-full pk-lazyload\"  src=\"data:image\/png;base64,iVBORw0KGgoAAAANSUhEUgAACgAAAAarAQMAAADz4WLCAAAAA1BMVEUAAP+KeNJXAAAAAXRSTlMAQObYZgAAAilJREFUeNrtwQENAAAAwqD3T20PBxQAAAAAAAAAAAAAAAAAAAAAAAAAAAAAAAAAAAAAAAAAAAAAAAAAAAAAAAAAAAAAAAAAAAAAAAAAAAAAAAAAAAAAAAAAAAAAAAAAAAAAAAAAAAAAAAAAAAAAAAAAAAAAAAAAAAAAAAAAAAAAAAAAAAAAAAAAAAAAAAAAAAAAAAAAAAAAAAAAAAAAAAAAAAAAAAAAAAAAAAAAAAAAAAAAAAAAAAAAAAAAAAAAAAAAAAAAAAAAAAAAAAAAAAAAAAAAAAAAAAAAAAAAAAAAAAAAAAAAAAAAAAAAAAAAAAAAAAAAAAAAAAAAAAAAAAAAAAAAAAAAAAAAAAAAAAAAAAAAAAAAAAAAAAAAAAAAAAAAAAAAAAAAAAAAAAAAAAAAAAAAAAAAAAAAAAAAAAAAAAAAAAAAAAAAAAAAAAAAAAAAAAAAAAAAAAAAAAAAAAAAAAAAAAAAAAAAAAAAAAAAAAAAAAAAAAAAAAAAAAAAAAAAAAAAAAAAAAAAAAAAAAAAAAAAAAAAAAAAAAAAAAAAAAAAAAAAAAAAAAAAAAAAAAAAAAAAAAAAAAAAAAAAAAAAAAAAAAAAAAAAAAAAAAAAAAAAAAAAAAAAAAAAAAAAAAAAAAAAAAAAAAAAAAAAAAAAAAAAAAAAAAAAAAAAAAAAAAAAAAAAAAAAAAAAAAAAAAAAAAAAAAAAAAAAAAAAAAAAAAAAAAAAAHBoXOMAAS+Ndi0AAAAASUVORK5CYII=\"  alt=\"Kawiarnia Coffeedesk ul. Wilcza w Warszawie\"  width=\"2560\"  height=\"1707\"  data-pk-sizes=\"auto\"  data-ls-sizes=\"auto, (max-width: 2560px) 100vw, 2560px\"  data-pk-src=\"https:\/\/www.coffeedesk.pl\/blog\/wp-content\/uploads\/2020\/06\/49732386967_5a779a9eb3_3k-scaled.jpg\"  data-pk-srcset=\"https:\/\/www.coffeedesk.pl\/blog\/wp-content\/uploads\/2020\/06\/49732386967_5a779a9eb3_3k-scaled.jpg 2560w, https:\/\/www.coffeedesk.pl\/blog\/wp-content\/uploads\/2020\/06\/49732386967_5a779a9eb3_3k-800x533.jpg 800w, https:\/\/www.coffeedesk.pl\/blog\/wp-content\/uploads\/2020\/06\/49732386967_5a779a9eb3_3k-1160x773.jpg 1160w, https:\/\/www.coffeedesk.pl\/blog\/wp-content\/uploads\/2020\/06\/49732386967_5a779a9eb3_3k-1536x1024.jpg 1536w, https:\/\/www.coffeedesk.pl\/blog\/wp-content\/uploads\/2020\/06\/49732386967_5a779a9eb3_3k-2048x1365.jpg 2048w, https:\/\/www.coffeedesk.pl\/blog\/wp-content\/uploads\/2020\/06\/49732386967_5a779a9eb3_3k-320x213.jpg 320w, https:\/\/www.coffeedesk.pl\/blog\/wp-content\/uploads\/2020\/06\/49732386967_5a779a9eb3_3k-560x373.jpg 560w, https:\/\/www.coffeedesk.pl\/blog\/wp-content\/uploads\/2020\/06\/49732386967_5a779a9eb3_3k-1920x1280.jpg 1920w\" ><figcaption id=\"caption-attachment-11770\" class=\"wp-caption-text\">Warszawska kawiarnia Coffeedesk na Wilczej<\/figcaption><\/figure>\n<p><span style=\"font-weight: 400;\">Du\u017cy potencja\u0142 biznesowy ma dla nas r\u00f3wnie\u017c rozw\u00f3j platformy e-commerce, skierowanej do klient\u00f3w biznesowych. Dzi\u0119ki wdro\u017ceniu nowych funkcjonalno\u015bci, dostosowaniu platformy do obecnych standard\u00f3w UX\/UI, a tak\u017ce wprowadzeniu nowych modeli p\u0142atno\u015bci, zakupy stan\u0105 si\u0119 znacznie bardziej zautomatyzowane i przyjazne. Platforma b\u0119dzie pozwala\u0142a na pe\u0142n\u0105 konfiguracj\u0119 oferty przez klienta, co w znacznym stopniu u\u0142atwi proces zakupowy.\u00a0<\/span><\/p>\n<p><span style=\"font-weight: 400;\">Te wszystkie projekty, to r\u00f3wnie\u017c nowe osoby na naszym pok\u0142adzie. Aby zrealizowa\u0107 tak ambitne plany, potrzeba ludzi, wi\u0119c zapraszamy do nas wszystkich, kt\u00f3rzy chc\u0105 robi\u0107 z nami kawow\u0105 rewolucj\u0119 i <\/span><span style=\"font-weight: 400;\">realizowa\u0107 z nami plan podbicia ca\u0142ej kawowej Europy i \u015bwiata!<\/span><\/p>\n<p><span style=\"font-weight: 400;\">Je\u015bli wci\u0105\u017c nie macie swojej w\u0142asnej cz\u0119\u015bci Coffeedesk, zajrzyjcie na stron\u0119 naszej akcji crowdfundingowej &#8211; <\/span><strong><a href=\"https:\/\/bit.ly\/BlogArtyku\u0142Crowdfunding\">zainwestuj.coffeedesk.pl<\/a><\/strong><span style=\"font-weight: 400;\">. Tam znajdziecie te\u017c wi\u0119cej informacji o benefitach dla inwestor\u00f3w oraz odpowiedzi na najbardziej nurtuj\u0105ce pytania dotycz\u0105ce inwestycji.\u00a0<\/span><\/p>\n<div class=\"pk-separator\" style=\"border-bottom-width: 4px; border-bottom-style: dotted;\"><\/div>\n<p><span style=\"font-weight: 400;\">Niniejszy materia\u0142 ma charakter promocyjny, a rodzaj oferty publicznej nie wymaga udost\u0119pnienia prospektu emisyjnego, ani memorandum informacyjnego.<\/span><\/p>\n<p>&nbsp;<\/p>\n","protected":false},"excerpt":{"rendered":"<div class=\"post-excerpt\">Zacz\u0119\u0142o si\u0119 ponad 7 lat temu, kiedy \u0141ukasz Wich\u0142acz oraz Marcin i Jacek Gardzielik podj\u0119li decyzj\u0119, \u017ce chc\u0105 poprowadzi\u0107 wsp\u00f3lny biznes. Tak w\u0142a\u015bnie narodzi\u0142 si\u0119 Coffee Trader, czyli hurtownia kawy,&hellip;<\/div>\n<div class=\"post-more\"><a href=\"https:\/\/www.coffeedesk.pl\/blog\/coffeedesk-nasza-historia\/\" class=\"button button-primary button-effect\"><span>Czytaj wpis<\/span><span><i class=\"cs-icon cs-icon-arrow-right\"><\/i><\/span><\/a><\/div>\n","protected":false},"author":43,"featured_media":11354,"comment_status":"open","ping_status":"open","sticky":false,"template":"","format":"standard","meta":{"_acf_changed":false,"footnotes":""},"categories":[63,47,106,60],"tags":[179,701,922,1417,1831,242],"powerkit_post_featured":[],"class_list":{"0":"post-11761","1":"post","2":"type-post","3":"status-publish","4":"format-standard","5":"has-post-thumbnail","7":"category-aktualnosci","8":"category-lifestyle","9":"category-polecane","10":"category-wydarzenia","11":"tag-coffeedesk","12":"tag-crowdfunding","13":"tag-historia-coffeedesk","14":"tag-kawiarnie-coffeedesk","15":"tag-lukasz-wichlacz","16":"tag-speciality"},"acf":[],"author_display_name":"Marta Tuszy\u0144ska","author_url":"https:\/\/www.coffeedesk.pl\/blog\/author\/marta\/","featured_image":"https:\/\/www.coffeedesk.pl\/blog\/wp-content\/uploads\/2020\/05\/ekipa-coffeedesk-800x513.jpg","post_tags":["coffeedesk","crowdfunding","historia coffeedesk","kawiarnie Coffeedesk","\u0141ukasz Wich\u0142acz","speciality"],"post_categories":["Aktualno\u015bci","Lifestyle","Polecane","Wydarzenia"],"yoast_head":"<!-- This site is optimized with the Yoast SEO plugin v27.4 - https:\/\/yoast.com\/product\/yoast-seo-wordpress\/ -->\n<title>Coffeedesk - oto nasza historia! - Blog Coffeedesk.pl<\/title>\n<meta name=\"description\" content=\"Ponad 7 lat temu, \u0141ukasz, Marcin i Jacek podj\u0119li decyzj\u0119, \u017ce poprowadz\u0105 wsp\u00f3lny biznes. Jak wygl\u0105da\u0142a historia Coffeedesk i dlaczego to dopiero pocz\u0105tek?\" \/>\n<meta name=\"robots\" content=\"index, follow, max-snippet:-1, max-image-preview:large, max-video-preview:-1\" \/>\n<link rel=\"canonical\" href=\"https:\/\/www.coffeedesk.pl\/blog\/coffeedesk-nasza-historia\/\" \/>\n<meta property=\"og:locale\" content=\"pl_PL\" \/>\n<meta property=\"og:type\" content=\"article\" \/>\n<meta property=\"og:title\" content=\"Coffeedesk - oto nasza historia! - Blog Coffeedesk.pl\" \/>\n<meta property=\"og:description\" content=\"Ponad 7 lat temu, \u0141ukasz, Marcin i Jacek podj\u0119li decyzj\u0119, \u017ce poprowadz\u0105 wsp\u00f3lny biznes. Jak wygl\u0105da\u0142a historia Coffeedesk i dlaczego to dopiero pocz\u0105tek?\" \/>\n<meta property=\"og:url\" content=\"https:\/\/www.coffeedesk.pl\/blog\/coffeedesk-nasza-historia\/\" \/>\n<meta property=\"og:site_name\" content=\"Blog Coffeedesk.pl\" \/>\n<meta property=\"article:published_time\" content=\"2020-06-29T06:42:33+00:00\" \/>\n<meta property=\"article:modified_time\" content=\"2020-06-29T09:43:07+00:00\" \/>\n<meta property=\"og:image\" content=\"https:\/\/www.coffeedesk.pl\/blog\/wp-content\/uploads\/2020\/05\/ekipa-coffeedesk-scaled.jpg\" \/>\n\t<meta property=\"og:image:width\" content=\"2560\" \/>\n\t<meta property=\"og:image:height\" content=\"1641\" \/>\n\t<meta property=\"og:image:type\" content=\"image\/jpeg\" \/>\n<meta name=\"author\" content=\"Marta Tuszy\u0144ska\" \/>\n<meta name=\"twitter:card\" content=\"summary_large_image\" \/>\n<meta name=\"twitter:label1\" content=\"Napisane przez\" \/>\n\t<meta name=\"twitter:data1\" content=\"Marta Tuszy\u0144ska\" \/>\n\t<meta name=\"twitter:label2\" content=\"Szacowany czas czytania\" \/>\n\t<meta name=\"twitter:data2\" content=\"12 minut\" \/>\n<script type=\"application\/ld+json\" class=\"yoast-schema-graph\">{\"@context\":\"https:\\\/\\\/schema.org\",\"@graph\":[{\"@type\":\"Article\",\"@id\":\"https:\\\/\\\/www.coffeedesk.pl\\\/blog\\\/coffeedesk-nasza-historia\\\/#article\",\"isPartOf\":{\"@id\":\"https:\\\/\\\/www.coffeedesk.pl\\\/blog\\\/coffeedesk-nasza-historia\\\/\"},\"author\":{\"name\":\"Marta Tuszy\u0144ska\",\"@id\":\"https:\\\/\\\/www.coffeedesk.pl\\\/blog\\\/#\\\/schema\\\/person\\\/f748db3b8f06e69c6805b39fb87678c3\"},\"headline\":\"Coffeedesk &#8211; nasza historia: od 3 przyjaci\u00f3\u0142 z palet\u0105 w\u0142oskiej kawy do 140 pasjonat\u00f3w speciality coffee i 70 mln z\u0142 przychodu!\",\"datePublished\":\"2020-06-29T06:42:33+00:00\",\"dateModified\":\"2020-06-29T09:43:07+00:00\",\"mainEntityOfPage\":{\"@id\":\"https:\\\/\\\/www.coffeedesk.pl\\\/blog\\\/coffeedesk-nasza-historia\\\/\"},\"wordCount\":2323,\"commentCount\":0,\"publisher\":{\"@id\":\"https:\\\/\\\/www.coffeedesk.pl\\\/blog\\\/#organization\"},\"image\":{\"@id\":\"https:\\\/\\\/www.coffeedesk.pl\\\/blog\\\/coffeedesk-nasza-historia\\\/#primaryimage\"},\"thumbnailUrl\":\"https:\\\/\\\/www.coffeedesk.pl\\\/blog\\\/wp-content\\\/uploads\\\/2020\\\/05\\\/ekipa-coffeedesk-scaled.jpg\",\"keywords\":[\"coffeedesk\",\"crowdfunding\",\"historia coffeedesk\",\"kawiarnie Coffeedesk\",\"\u0141ukasz Wich\u0142acz\",\"speciality\"],\"articleSection\":[\"Aktualno\u015bci\",\"Lifestyle\",\"Polecane\",\"Wydarzenia\"],\"inLanguage\":\"pl-PL\",\"potentialAction\":[{\"@type\":\"CommentAction\",\"name\":\"Comment\",\"target\":[\"https:\\\/\\\/www.coffeedesk.pl\\\/blog\\\/coffeedesk-nasza-historia\\\/#respond\"]}]},{\"@type\":\"WebPage\",\"@id\":\"https:\\\/\\\/www.coffeedesk.pl\\\/blog\\\/coffeedesk-nasza-historia\\\/\",\"url\":\"https:\\\/\\\/www.coffeedesk.pl\\\/blog\\\/coffeedesk-nasza-historia\\\/\",\"name\":\"Coffeedesk - oto nasza historia! - Blog Coffeedesk.pl\",\"isPartOf\":{\"@id\":\"https:\\\/\\\/www.coffeedesk.pl\\\/blog\\\/#website\"},\"primaryImageOfPage\":{\"@id\":\"https:\\\/\\\/www.coffeedesk.pl\\\/blog\\\/coffeedesk-nasza-historia\\\/#primaryimage\"},\"image\":{\"@id\":\"https:\\\/\\\/www.coffeedesk.pl\\\/blog\\\/coffeedesk-nasza-historia\\\/#primaryimage\"},\"thumbnailUrl\":\"https:\\\/\\\/www.coffeedesk.pl\\\/blog\\\/wp-content\\\/uploads\\\/2020\\\/05\\\/ekipa-coffeedesk-scaled.jpg\",\"datePublished\":\"2020-06-29T06:42:33+00:00\",\"dateModified\":\"2020-06-29T09:43:07+00:00\",\"description\":\"Ponad 7 lat temu, \u0141ukasz, Marcin i Jacek podj\u0119li decyzj\u0119, \u017ce poprowadz\u0105 wsp\u00f3lny biznes. Jak wygl\u0105da\u0142a historia Coffeedesk i dlaczego to dopiero pocz\u0105tek?\",\"breadcrumb\":{\"@id\":\"https:\\\/\\\/www.coffeedesk.pl\\\/blog\\\/coffeedesk-nasza-historia\\\/#breadcrumb\"},\"inLanguage\":\"pl-PL\",\"potentialAction\":[{\"@type\":\"ReadAction\",\"target\":[\"https:\\\/\\\/www.coffeedesk.pl\\\/blog\\\/coffeedesk-nasza-historia\\\/\"]}]},{\"@type\":\"ImageObject\",\"inLanguage\":\"pl-PL\",\"@id\":\"https:\\\/\\\/www.coffeedesk.pl\\\/blog\\\/coffeedesk-nasza-historia\\\/#primaryimage\",\"url\":\"https:\\\/\\\/www.coffeedesk.pl\\\/blog\\\/wp-content\\\/uploads\\\/2020\\\/05\\\/ekipa-coffeedesk-scaled.jpg\",\"contentUrl\":\"https:\\\/\\\/www.coffeedesk.pl\\\/blog\\\/wp-content\\\/uploads\\\/2020\\\/05\\\/ekipa-coffeedesk-scaled.jpg\",\"width\":2560,\"height\":1641,\"caption\":\"zesp\u00f3\u0142 Coffeedesk Starlet\"},{\"@type\":\"BreadcrumbList\",\"@id\":\"https:\\\/\\\/www.coffeedesk.pl\\\/blog\\\/coffeedesk-nasza-historia\\\/#breadcrumb\",\"itemListElement\":[{\"@type\":\"ListItem\",\"position\":1,\"name\":\"Strona g\u0142\u00f3wna\",\"item\":\"https:\\\/\\\/www.coffeedesk.pl\\\/blog\\\/\"},{\"@type\":\"ListItem\",\"position\":2,\"name\":\"Coffeedesk &#8211; nasza historia: od 3 przyjaci\u00f3\u0142 z palet\u0105 w\u0142oskiej kawy do 140 pasjonat\u00f3w speciality coffee i 70 mln z\u0142 przychodu!\"}]},{\"@type\":\"WebSite\",\"@id\":\"https:\\\/\\\/www.coffeedesk.pl\\\/blog\\\/#website\",\"url\":\"https:\\\/\\\/www.coffeedesk.pl\\\/blog\\\/\",\"name\":\"Blog Coffeedesk.pl\",\"description\":\"\",\"publisher\":{\"@id\":\"https:\\\/\\\/www.coffeedesk.pl\\\/blog\\\/#organization\"},\"potentialAction\":[{\"@type\":\"SearchAction\",\"target\":{\"@type\":\"EntryPoint\",\"urlTemplate\":\"https:\\\/\\\/www.coffeedesk.pl\\\/blog\\\/?s={search_term_string}\"},\"query-input\":{\"@type\":\"PropertyValueSpecification\",\"valueRequired\":true,\"valueName\":\"search_term_string\"}}],\"inLanguage\":\"pl-PL\"},{\"@type\":\"Organization\",\"@id\":\"https:\\\/\\\/www.coffeedesk.pl\\\/blog\\\/#organization\",\"name\":\"Coffeedesk.pl\",\"url\":\"https:\\\/\\\/www.coffeedesk.pl\\\/blog\\\/\",\"logo\":{\"@type\":\"ImageObject\",\"inLanguage\":\"pl-PL\",\"@id\":\"https:\\\/\\\/www.coffeedesk.pl\\\/blog\\\/#\\\/schema\\\/logo\\\/image\\\/\",\"url\":\"https:\\\/\\\/www.coffeedesk.pl\\\/blog\\\/wp-content\\\/uploads\\\/2019\\\/10\\\/logo_color.png\",\"contentUrl\":\"https:\\\/\\\/www.coffeedesk.pl\\\/blog\\\/wp-content\\\/uploads\\\/2019\\\/10\\\/logo_color.png\",\"width\":246,\"height\":50,\"caption\":\"Coffeedesk.pl\"},\"image\":{\"@id\":\"https:\\\/\\\/www.coffeedesk.pl\\\/blog\\\/#\\\/schema\\\/logo\\\/image\\\/\"}},{\"@type\":\"Person\",\"@id\":\"https:\\\/\\\/www.coffeedesk.pl\\\/blog\\\/#\\\/schema\\\/person\\\/f748db3b8f06e69c6805b39fb87678c3\",\"name\":\"Marta Tuszy\u0144ska\",\"image\":{\"@type\":\"ImageObject\",\"inLanguage\":\"pl-PL\",\"@id\":\"https:\\\/\\\/www.coffeedesk.pl\\\/blog\\\/wp-content\\\/uploads\\\/2018\\\/09\\\/image-320x320.png\",\"url\":\"https:\\\/\\\/www.coffeedesk.pl\\\/blog\\\/wp-content\\\/uploads\\\/2018\\\/09\\\/image-320x320.png\",\"contentUrl\":\"https:\\\/\\\/www.coffeedesk.pl\\\/blog\\\/wp-content\\\/uploads\\\/2018\\\/09\\\/image-320x320.png\",\"caption\":\"Marta Tuszy\u0144ska\"},\"description\":\"Dla r\u00f3wnowagi w zespole Coffeedesku - herbaciana dusza, bo w ko\u0144cu nie ma z\u0142ej pory na porz\u0105dny kubek earl greya! Mi\u0142o\u015bniczka pi\u0119knych zdj\u0119\u0107 kawy i... pysznego jedzenia, a do tego kreatywna organizatorka chaosu.\",\"sameAs\":[\"http:\\\/\\\/www.coffeedesk.pl\"],\"url\":\"https:\\\/\\\/www.coffeedesk.pl\\\/blog\\\/author\\\/marta\\\/\"}]}<\/script>\n<!-- \/ Yoast SEO plugin. -->","yoast_head_json":{"title":"Coffeedesk - oto nasza historia! - Blog Coffeedesk.pl","description":"Ponad 7 lat temu, \u0141ukasz, Marcin i Jacek podj\u0119li decyzj\u0119, \u017ce poprowadz\u0105 wsp\u00f3lny biznes. Jak wygl\u0105da\u0142a historia Coffeedesk i dlaczego to dopiero pocz\u0105tek?","robots":{"index":"index","follow":"follow","max-snippet":"max-snippet:-1","max-image-preview":"max-image-preview:large","max-video-preview":"max-video-preview:-1"},"canonical":"https:\/\/www.coffeedesk.pl\/blog\/coffeedesk-nasza-historia\/","og_locale":"pl_PL","og_type":"article","og_title":"Coffeedesk - oto nasza historia! - Blog Coffeedesk.pl","og_description":"Ponad 7 lat temu, \u0141ukasz, Marcin i Jacek podj\u0119li decyzj\u0119, \u017ce poprowadz\u0105 wsp\u00f3lny biznes. Jak wygl\u0105da\u0142a historia Coffeedesk i dlaczego to dopiero pocz\u0105tek?","og_url":"https:\/\/www.coffeedesk.pl\/blog\/coffeedesk-nasza-historia\/","og_site_name":"Blog Coffeedesk.pl","article_published_time":"2020-06-29T06:42:33+00:00","article_modified_time":"2020-06-29T09:43:07+00:00","og_image":[{"width":2560,"height":1641,"url":"https:\/\/www.coffeedesk.pl\/blog\/wp-content\/uploads\/2020\/05\/ekipa-coffeedesk-scaled.jpg","type":"image\/jpeg"}],"author":"Marta Tuszy\u0144ska","twitter_card":"summary_large_image","twitter_misc":{"Napisane przez":"Marta Tuszy\u0144ska","Szacowany czas czytania":"12 minut"},"schema":{"@context":"https:\/\/schema.org","@graph":[{"@type":"Article","@id":"https:\/\/www.coffeedesk.pl\/blog\/coffeedesk-nasza-historia\/#article","isPartOf":{"@id":"https:\/\/www.coffeedesk.pl\/blog\/coffeedesk-nasza-historia\/"},"author":{"name":"Marta Tuszy\u0144ska","@id":"https:\/\/www.coffeedesk.pl\/blog\/#\/schema\/person\/f748db3b8f06e69c6805b39fb87678c3"},"headline":"Coffeedesk &#8211; nasza historia: od 3 przyjaci\u00f3\u0142 z palet\u0105 w\u0142oskiej kawy do 140 pasjonat\u00f3w speciality coffee i 70 mln z\u0142 przychodu!","datePublished":"2020-06-29T06:42:33+00:00","dateModified":"2020-06-29T09:43:07+00:00","mainEntityOfPage":{"@id":"https:\/\/www.coffeedesk.pl\/blog\/coffeedesk-nasza-historia\/"},"wordCount":2323,"commentCount":0,"publisher":{"@id":"https:\/\/www.coffeedesk.pl\/blog\/#organization"},"image":{"@id":"https:\/\/www.coffeedesk.pl\/blog\/coffeedesk-nasza-historia\/#primaryimage"},"thumbnailUrl":"https:\/\/www.coffeedesk.pl\/blog\/wp-content\/uploads\/2020\/05\/ekipa-coffeedesk-scaled.jpg","keywords":["coffeedesk","crowdfunding","historia coffeedesk","kawiarnie Coffeedesk","\u0141ukasz Wich\u0142acz","speciality"],"articleSection":["Aktualno\u015bci","Lifestyle","Polecane","Wydarzenia"],"inLanguage":"pl-PL","potentialAction":[{"@type":"CommentAction","name":"Comment","target":["https:\/\/www.coffeedesk.pl\/blog\/coffeedesk-nasza-historia\/#respond"]}]},{"@type":"WebPage","@id":"https:\/\/www.coffeedesk.pl\/blog\/coffeedesk-nasza-historia\/","url":"https:\/\/www.coffeedesk.pl\/blog\/coffeedesk-nasza-historia\/","name":"Coffeedesk - oto nasza historia! - Blog Coffeedesk.pl","isPartOf":{"@id":"https:\/\/www.coffeedesk.pl\/blog\/#website"},"primaryImageOfPage":{"@id":"https:\/\/www.coffeedesk.pl\/blog\/coffeedesk-nasza-historia\/#primaryimage"},"image":{"@id":"https:\/\/www.coffeedesk.pl\/blog\/coffeedesk-nasza-historia\/#primaryimage"},"thumbnailUrl":"https:\/\/www.coffeedesk.pl\/blog\/wp-content\/uploads\/2020\/05\/ekipa-coffeedesk-scaled.jpg","datePublished":"2020-06-29T06:42:33+00:00","dateModified":"2020-06-29T09:43:07+00:00","description":"Ponad 7 lat temu, \u0141ukasz, Marcin i Jacek podj\u0119li decyzj\u0119, \u017ce poprowadz\u0105 wsp\u00f3lny biznes. Jak wygl\u0105da\u0142a historia Coffeedesk i dlaczego to dopiero pocz\u0105tek?","breadcrumb":{"@id":"https:\/\/www.coffeedesk.pl\/blog\/coffeedesk-nasza-historia\/#breadcrumb"},"inLanguage":"pl-PL","potentialAction":[{"@type":"ReadAction","target":["https:\/\/www.coffeedesk.pl\/blog\/coffeedesk-nasza-historia\/"]}]},{"@type":"ImageObject","inLanguage":"pl-PL","@id":"https:\/\/www.coffeedesk.pl\/blog\/coffeedesk-nasza-historia\/#primaryimage","url":"https:\/\/www.coffeedesk.pl\/blog\/wp-content\/uploads\/2020\/05\/ekipa-coffeedesk-scaled.jpg","contentUrl":"https:\/\/www.coffeedesk.pl\/blog\/wp-content\/uploads\/2020\/05\/ekipa-coffeedesk-scaled.jpg","width":2560,"height":1641,"caption":"zesp\u00f3\u0142 Coffeedesk Starlet"},{"@type":"BreadcrumbList","@id":"https:\/\/www.coffeedesk.pl\/blog\/coffeedesk-nasza-historia\/#breadcrumb","itemListElement":[{"@type":"ListItem","position":1,"name":"Strona g\u0142\u00f3wna","item":"https:\/\/www.coffeedesk.pl\/blog\/"},{"@type":"ListItem","position":2,"name":"Coffeedesk &#8211; nasza historia: od 3 przyjaci\u00f3\u0142 z palet\u0105 w\u0142oskiej kawy do 140 pasjonat\u00f3w speciality coffee i 70 mln z\u0142 przychodu!"}]},{"@type":"WebSite","@id":"https:\/\/www.coffeedesk.pl\/blog\/#website","url":"https:\/\/www.coffeedesk.pl\/blog\/","name":"Blog Coffeedesk.pl","description":"","publisher":{"@id":"https:\/\/www.coffeedesk.pl\/blog\/#organization"},"potentialAction":[{"@type":"SearchAction","target":{"@type":"EntryPoint","urlTemplate":"https:\/\/www.coffeedesk.pl\/blog\/?s={search_term_string}"},"query-input":{"@type":"PropertyValueSpecification","valueRequired":true,"valueName":"search_term_string"}}],"inLanguage":"pl-PL"},{"@type":"Organization","@id":"https:\/\/www.coffeedesk.pl\/blog\/#organization","name":"Coffeedesk.pl","url":"https:\/\/www.coffeedesk.pl\/blog\/","logo":{"@type":"ImageObject","inLanguage":"pl-PL","@id":"https:\/\/www.coffeedesk.pl\/blog\/#\/schema\/logo\/image\/","url":"https:\/\/www.coffeedesk.pl\/blog\/wp-content\/uploads\/2019\/10\/logo_color.png","contentUrl":"https:\/\/www.coffeedesk.pl\/blog\/wp-content\/uploads\/2019\/10\/logo_color.png","width":246,"height":50,"caption":"Coffeedesk.pl"},"image":{"@id":"https:\/\/www.coffeedesk.pl\/blog\/#\/schema\/logo\/image\/"}},{"@type":"Person","@id":"https:\/\/www.coffeedesk.pl\/blog\/#\/schema\/person\/f748db3b8f06e69c6805b39fb87678c3","name":"Marta Tuszy\u0144ska","image":{"@type":"ImageObject","inLanguage":"pl-PL","@id":"https:\/\/www.coffeedesk.pl\/blog\/wp-content\/uploads\/2018\/09\/image-320x320.png","url":"https:\/\/www.coffeedesk.pl\/blog\/wp-content\/uploads\/2018\/09\/image-320x320.png","contentUrl":"https:\/\/www.coffeedesk.pl\/blog\/wp-content\/uploads\/2018\/09\/image-320x320.png","caption":"Marta Tuszy\u0144ska"},"description":"Dla r\u00f3wnowagi w zespole Coffeedesku - herbaciana dusza, bo w ko\u0144cu nie ma z\u0142ej pory na porz\u0105dny kubek earl greya! Mi\u0142o\u015bniczka pi\u0119knych zdj\u0119\u0107 kawy i... pysznego jedzenia, a do tego kreatywna organizatorka chaosu.","sameAs":["http:\/\/www.coffeedesk.pl"],"url":"https:\/\/www.coffeedesk.pl\/blog\/author\/marta\/"}]}},"jetpack_featured_media_url":"https:\/\/www.coffeedesk.pl\/blog\/wp-content\/uploads\/2020\/05\/ekipa-coffeedesk-scaled.jpg","_links":{"self":[{"href":"https:\/\/www.coffeedesk.pl\/blog\/wp-json\/wp\/v2\/posts\/11761","targetHints":{"allow":["GET"]}}],"collection":[{"href":"https:\/\/www.coffeedesk.pl\/blog\/wp-json\/wp\/v2\/posts"}],"about":[{"href":"https:\/\/www.coffeedesk.pl\/blog\/wp-json\/wp\/v2\/types\/post"}],"author":[{"embeddable":true,"href":"https:\/\/www.coffeedesk.pl\/blog\/wp-json\/wp\/v2\/users\/43"}],"replies":[{"embeddable":true,"href":"https:\/\/www.coffeedesk.pl\/blog\/wp-json\/wp\/v2\/comments?post=11761"}],"version-history":[{"count":6,"href":"https:\/\/www.coffeedesk.pl\/blog\/wp-json\/wp\/v2\/posts\/11761\/revisions"}],"predecessor-version":[{"id":11777,"href":"https:\/\/www.coffeedesk.pl\/blog\/wp-json\/wp\/v2\/posts\/11761\/revisions\/11777"}],"wp:featuredmedia":[{"embeddable":true,"href":"https:\/\/www.coffeedesk.pl\/blog\/wp-json\/wp\/v2\/media\/11354"}],"wp:attachment":[{"href":"https:\/\/www.coffeedesk.pl\/blog\/wp-json\/wp\/v2\/media?parent=11761"}],"wp:term":[{"taxonomy":"category","embeddable":true,"href":"https:\/\/www.coffeedesk.pl\/blog\/wp-json\/wp\/v2\/categories?post=11761"},{"taxonomy":"post_tag","embeddable":true,"href":"https:\/\/www.coffeedesk.pl\/blog\/wp-json\/wp\/v2\/tags?post=11761"},{"taxonomy":"powerkit_post_featured","embeddable":true,"href":"https:\/\/www.coffeedesk.pl\/blog\/wp-json\/wp\/v2\/powerkit_post_featured?post=11761"}],"curies":[{"name":"wp","href":"https:\/\/api.w.org\/{rel}","templated":true}]}}