{"id":12346,"date":"2020-09-03T13:15:51","date_gmt":"2020-09-03T11:15:51","guid":{"rendered":"https:\/\/www.coffeedesk.pl\/blog\/?p=12346"},"modified":"2025-05-29T11:54:40","modified_gmt":"2025-05-29T09:54:40","slug":"tam-gdzie-kawa-spotyka-sie-z-designem","status":"publish","type":"post","link":"https:\/\/www.coffeedesk.pl\/blog\/tam-gdzie-kawa-spotyka-sie-z-designem\/","title":{"rendered":"Opakowania, czyli tam, gdzie kawa spotyka si\u0119 z designem"},"content":{"rendered":"<p><strong><big>Mn\u00f3stwo kolor\u00f3w, ciekawe wzory, zdj\u0119cia, rysunki, ilustracje stworzone przez artyst\u00f3w \u2013 na paczkach kawy mo\u017cecie znale\u017a\u0107 dos\u0142ownie wszystko. To w\u0142a\u015bnie paczka jest miejscem, w kt\u00f3rym kawa spotyka si\u0119 z designem. Dlaczego i z jakim skutkiem? Sprawd\u017amy!<\/big><\/strong><\/p>\n<h2 id=\"co-z-tym-designem\">Co z tym designem?<\/h2>\n<blockquote>\n<p style=\"text-align: center;\" align=\"JUSTIFY\"><i>Design<\/i> przet\u0142umaczony z j\u0119zyka angielskiego oznacza <i>wz\u00f3r.<\/i><\/p>\n<\/blockquote>\n<p align=\"JUSTIFY\"><i>Design<\/i> to s\u0142owo-pu\u0142apka. W Internecie, w s\u0142ownikach, w grubych ksi\u0105\u017ckach mo\u017cna znale\u017a\u0107 ca\u0142e wiadro informacji o tym, czym design jest. Najcz\u0119\u015bciej definiowany jest jednak przez to, czym nie jest, ni\u017c to, czym jest. Osobi\u015bcie, my\u015bl\u0105c o designie, lubi\u0119 postrzega\u0107 go jako <strong>potrzeb\u0119 kreowania pozytywnych wra\u017ce\u0144<\/strong>. Wygl\u0105d jest rzecz\u0105 bardzo subiektywn\u0105 \u2013 znacznie ciekawsze jest odkrywanie autorskiego podej\u015bcia, zamys\u0142u, kt\u00f3re s\u0105 cz\u0119\u015bci\u0105 ka\u017cdego dobrego projektu.<\/p>\n<h2 id=\"kawa-a-design\" align=\"JUSTIFY\">Kawa a design<\/h2>\n<p align=\"JUSTIFY\">Kiedy my\u015bli si\u0119 o kawie i designie razem, przychodzi do g\u0142owy naprawd\u0119 wiele rzeczy. Wn\u0119trza kawiarni, <a href=\"https:\/\/www.coffeedesk.pl\/product\/1442\/Hario-Metalowy-Drip-V60-02-Miedziany-Zloty\" target=\"_blank\" rel=\"noopener noreferrer\">pi\u0119kne akcesoria<\/a> s\u0142u\u017c\u0105ce do parzenia kawy, <a href=\"https:\/\/www.coffeedesk.pl\/nasze-marki\/loveramics\/\" target=\"_blank\" rel=\"noopener noreferrer\">fili\u017canki w nasyconych barwach<\/a>, ale te\u017c logo palarni czy nawet spos\u00f3b obs\u0142ugi w lokalu. Wyra\u017ana tendencja ostatniej dekady w specjalizacji w rzemio\u015ble pojedynczego produktu zawita\u0142a tak\u017ce do kawowego \u015bwiatka. <strong>Komunikacja palarni z odbiorcami odbywa si\u0119 przez produkt \u2013 paczk\u0119 kawy<\/strong>, a dobry projekt opakowania mo\u017ce by\u0107 tylko warto\u015bci\u0105 dodan\u0105 do jako\u015bci ziaren w \u015brodku. Tak jak sama kawa, tak design zachwyca tylko wtedy, gdy wykracza ponad swoje praktyczne zastosowanie i zaskakuje Ci\u0119.<\/p>\n<h3 id=\"coffee-collective\" align=\"JUSTIFY\">Coffee Collective<\/h3>\n<p align=\"JUSTIFY\"><a href=\"https:\/\/www.coffeedesk.pl\/nasze-marki\/the-coffee-collective\/\" target=\"_blank\" rel=\"noopener noreferrer\"><strong>Coffee Collective<\/strong><\/a> to du\u0144ska mikropalarnia, kt\u00f3rej my\u015bl\u0105 przewodni\u0105 jest koncepcja odwr\u00f3cenia wszystkiego do g\u00f3ry nogami tzw. Coffee Paradox. Polega on na tym, \u017ce konsumenci s\u0105 sk\u0142onni wydawa\u0107 coraz wi\u0119cej pieni\u0119dzy za dobrej jako\u015bci ziarna, a z drugiej strony coraz wi\u0119ksza liczba farmer\u00f3w zarabia coraz mniej. Chc\u0105c im pom\u00f3c, Coffee Collective od 2007 roku skupuje ziarna bezpo\u015brednio od nich, tym samym troszcz\u0105c si\u0119 o ich sprawiedliwe, du\u017co wy\u017csze, ni\u017c przewiduj\u0105 ceny rynkowe, wynagrodzenia.<\/p>\n<p align=\"JUSTIFY\">Ich konsekwencj\u0119 w walce o sprawiedliwy handel wida\u0107 na etykietach paczek. Ju\u017c w starszych projektach znale\u017ali miejsce na zakomunikowanie konkretnej nazwy gospodarstwa lub sp\u00f3\u0142dzielni, z kt\u00f3r\u0105 wsp\u00f3\u0142pracuj\u0105. Kolejn\u0105 niestandardow\u0105 ciekawostk\u0105 jest te\u017c informacja, ile zap\u0142acili i <b>przep\u0142acili<\/b> farmerowi za torb\u0119 ziarna.<\/p>\n<figure id=\"attachment_12365\" aria-describedby=\"caption-attachment-12365\" style=\"width: 2048px\" class=\"wp-caption aligncenter\"><a href=\"https:\/\/pl-pl.facebook.com\/thecoffeecollective\/photos\/a.10150291305834685\/10156650346209685\/?type=3&amp;theater\"><img  loading=\"lazy\"  decoding=\"async\"  class=\"wp-image-12365 size-full pk-lazyload\"  src=\"data:image\/png;base64,iVBORw0KGgoAAAANSUhEUgAACAAAAAVVAQMAAAC1\/bn3AAAAA1BMVEUAAP+KeNJXAAAAAXRSTlMAQObYZgAAAWtJREFUeNrtwQENAAAAwqD3T20ON6AAAAAAAAAAAAAAAAAAAAAAAAAAAAAAAAAAAAAAAAAAAAAAAAAAAAAAAAAAAAAAAAAAAAAAAAAAAAAAAAAAAAAAAAAAAAAAAAAAAAAAAAAAAAAAAAAAAAAAAAAAAAAAAAAAAAAAAAAAAAAAAAAAAAAAAAAAAAAAAAAAAAAAAAAAAAAAAAAAAAAAAAAAAAAAAAAAAAAAAAAAAAAAAAAAAAAAAAAAAAAAAAAAAAAAAAAAAAAAAAAAAAAAAAAAAAAAAAAAAAAAAAAAAAAAAAAAAAAAAAAAAAAAAAAAAAAAAAAAAAAAAAAAAAAAAAAAAAAAAAAAAAAAAAAAAAAAAAAAAAAAAAAAAAAAAAAAAAAAAAAAAAAAAAAAAAAAAAAAAAAAAAAAAAAAAAAAAAAAAAAAAAAAAAAAAAAAAAAAAAAAAAAAAAAAAAAAAAAAAAAAAAAAAAAAAACASwNaoAABt9i3fwAAAABJRU5ErkJggg==\"  alt=\"przezroczyste dno w opakowaniach kawy Coffee Collective\"  width=\"2048\"  height=\"1365\"  data-pk-sizes=\"auto\"  data-ls-sizes=\"auto, (max-width: 2048px) 100vw, 2048px\"  data-pk-src=\"https:\/\/www.coffeedesk.pl\/blog\/wp-content\/uploads\/2020\/09\/61624480_10156650346214685_4695290219723751424_o.jpg\"  data-pk-srcset=\"https:\/\/www.coffeedesk.pl\/blog\/wp-content\/uploads\/2020\/09\/61624480_10156650346214685_4695290219723751424_o.jpg 2048w, https:\/\/www.coffeedesk.pl\/blog\/wp-content\/uploads\/2020\/09\/61624480_10156650346214685_4695290219723751424_o-800x533.jpg 800w, https:\/\/www.coffeedesk.pl\/blog\/wp-content\/uploads\/2020\/09\/61624480_10156650346214685_4695290219723751424_o-1160x773.jpg 1160w, https:\/\/www.coffeedesk.pl\/blog\/wp-content\/uploads\/2020\/09\/61624480_10156650346214685_4695290219723751424_o-1536x1024.jpg 1536w, https:\/\/www.coffeedesk.pl\/blog\/wp-content\/uploads\/2020\/09\/61624480_10156650346214685_4695290219723751424_o-320x213.jpg 320w, https:\/\/www.coffeedesk.pl\/blog\/wp-content\/uploads\/2020\/09\/61624480_10156650346214685_4695290219723751424_o-560x373.jpg 560w, https:\/\/www.coffeedesk.pl\/blog\/wp-content\/uploads\/2020\/09\/61624480_10156650346214685_4695290219723751424_o-1920x1280.jpg 1920w\" ><\/a><figcaption id=\"caption-attachment-12365\" class=\"wp-caption-text\">Zdj\u0119cie: Coffee Collective<\/figcaption><\/figure>\n<p align=\"JUSTIFY\">W 2011 projektem swojej paczki wywo\u0142ali poruszenie w przemy\u015ble kawowym. Dzi\u0119ki umieszczeniu przezroczystego dna w stoj\u0105cej torbie, umo\u017cliwili zobaczenie wypalonej kawy bez nara\u017cania j\u0105 na szkodliwe w\u0142a\u015bciwo\u015bci \u015bwiat\u0142a. A jest to niezbyt cz\u0119sty widok przed zakupem.<\/p>\n<p align=\"JUSTIFY\">W 2017 r., na swoje 10-lecie wsp\u00f3\u0142pracy z <i>Kirk, Hatch &amp; Bloom<\/i>, czyli dok\u0142adnie tym samym studiem projektowym, z kt\u00f3rym stworzyli pierwsze paczki, postanowili od\u015bwie\u017cy\u0107 i udoskonali\u0107 swoje opakowania. Za\u0142o\u017cenia etykiety zosta\u0142y, a informacje o wsp\u00f3\u0142pracy wyeksponowano jeszcze bardziej. Przezroczyste dno zosta\u0142o. To\u017csamo\u015b\u0107 wizualna \u2013 ich dobrze znane tr\u00f3jk\u0105ty zosta\u0142y prze\u0142o\u017cone na now\u0105 szat\u0119 graficzn\u0105. Studio stworzy\u0142o nawet algorytm, dzi\u0119ki kt\u00f3remu Coffee Collective jest w stanie animowa\u0107 a\u017c kilka tysi\u0119cy figur jednocze\u015bnie, co pozwala na generowanie nowych, dynamicznych obraz\u00f3w. Tr\u00f3jk\u0105t sta\u0142 si\u0119 tak\u017ce inspiracj\u0105 dla nowego kroju pisma znajduj\u0105cego si\u0119 na paczkach.<\/p>\n<figure id=\"attachment_12357\" aria-describedby=\"caption-attachment-12357\" style=\"width: 2160px\" class=\"wp-caption aligncenter\"><img  loading=\"lazy\"  decoding=\"async\"  class=\"wp-image-12357 size-full pk-lazyload\"  src=\"data:image\/png;base64,iVBORw0KGgoAAAANSUhEUgAACHAAAAX3AQMAAAAXYIyKAAAAA1BMVEUAAP+KeNJXAAAAAXRSTlMAQObYZgAAAadJREFUeNrtwQEBAAAAgiD\/r25IQAEAAAAAAAAAAAAAAAAAAAAAAAAAAAAAAAAAAAAAAAAAAAAAAAAAAAAAAAAAAAAAAAAAAAAAAAAAAAAAAAAAAAAAAAAAAAAAAAAAAAAAAAAAAAAAAAAAAAAAAAAAAAAAAAAAAAAAAAAAAAAAAAAAAAAAAAAAAAAAAAAAAAAAAAAAAAAAAAAAAAAAAAAAAAAAAAAAAAAAAAAAAAAAAAAAAAAAAAAAAAAAAAAAAAAAAAAAAAAAAAAAAAAAAAAAAAAAAAAAAAAAAAAAAAAAAAAAAAAAAAAAAAAAAAAAAAAAAAAAAAAAAAAAAAAAAAAAAAAAAAAAAAAAAAAAAAAAAAAAAAAAAAAAAAAAAAAAAAAAAAAAAAAAAAAAAAAAAAAAAAAAAAAAAAAAAAAAAAAAAAAAAAAAAAAAAAAAAAAAAAAAAAAAAAAAAAAAAAAAAAAAAAAAAAAAAAAAAAAAAAAAAAAAAAAAAAAAAAAAAAAAAAAAAAAAAAAAAAAAAAAAAAAAAAAAAAAAAAAAAAAAAAAAAAAAAAAAdwZQ0wABt74ltgAAAABJRU5ErkJggg==\"  alt=\"opakowanie coffee collective\"  width=\"2160\"  height=\"1527\"  data-pk-sizes=\"auto\"  data-ls-sizes=\"auto, (max-width: 2160px) 100vw, 2160px\"  data-pk-src=\"https:\/\/www.coffeedesk.pl\/blog\/wp-content\/uploads\/2020\/09\/coffee-collective.png\"  data-pk-srcset=\"https:\/\/www.coffeedesk.pl\/blog\/wp-content\/uploads\/2020\/09\/coffee-collective.png 2160w, https:\/\/www.coffeedesk.pl\/blog\/wp-content\/uploads\/2020\/09\/coffee-collective-800x566.png 800w, https:\/\/www.coffeedesk.pl\/blog\/wp-content\/uploads\/2020\/09\/coffee-collective-1160x820.png 1160w, https:\/\/www.coffeedesk.pl\/blog\/wp-content\/uploads\/2020\/09\/coffee-collective-1536x1086.png 1536w, https:\/\/www.coffeedesk.pl\/blog\/wp-content\/uploads\/2020\/09\/coffee-collective-2048x1448.png 2048w, https:\/\/www.coffeedesk.pl\/blog\/wp-content\/uploads\/2020\/09\/coffee-collective-320x226.png 320w, https:\/\/www.coffeedesk.pl\/blog\/wp-content\/uploads\/2020\/09\/coffee-collective-560x396.png 560w, https:\/\/www.coffeedesk.pl\/blog\/wp-content\/uploads\/2020\/09\/coffee-collective-1920x1357.png 1920w\" ><figcaption id=\"caption-attachment-12357\" class=\"wp-caption-text\">\u0179r\u00f3d\u0142o: www.khbstudio.com<\/figcaption><\/figure>\n<h3 id=\"coffeelab\" align=\"JUSTIFY\">Coffeelab<\/h3>\n<p align=\"JUSTIFY\"><strong><a href=\"https:\/\/www.coffeedesk.pl\/nasze-marki\/coffeelab\/\" target=\"_blank\" rel=\"noopener noreferrer\">Coffeelab<\/a><\/strong> to polska palarnia dzia\u0142aj\u0105ca od 2012 roku, zdecydowanie wyr\u00f3\u017cniaj\u0105ca si\u0119 opraw\u0105 graficzn\u0105 swoich produkt\u00f3w. Szerokie i cz\u0119sto w pe\u0142ni wype\u0142nione kolorowymi ilustracjami paczki przykuwaj\u0105 wzrok w morzu coraz bardziej minimalistycznych projekt\u00f3w, powoli dominuj\u0105cych kawowe p\u00f3\u0142ki.<\/p>\n<figure id=\"attachment_12368\" aria-describedby=\"caption-attachment-12368\" style=\"width: 768px\" class=\"wp-caption aligncenter\"><a href=\"https:\/\/pl-pl.facebook.com\/coffeelabb\/photos\/a.573316606075270\/4173249369415291\/?type=3&amp;theater\"><img  loading=\"lazy\"  decoding=\"async\"  class=\"wp-image-12368 size-full pk-lazyload\"  src=\"data:image\/png;base64,iVBORw0KGgoAAAANSUhEUgAAAwAAAAPAAQMAAAC4p4x5AAAAA1BMVEUAAP+KeNJXAAAAAXRSTlMAQObYZgAAAHBJREFUeNrtwQEBAAAAgiD\/r25IQAEAAAAAAAAAAAAAAAAAAAAAAAAAAAAAAAAAAAAAAAAAAAAAAAAAAAAAAAAAAAAAAAAAAAAAAAAAAAAAAAAAAAAAAAAAAAAAAAAAAAAAAAAAAAAAAAAAAAAAAHwZa88AAf087YsAAAAASUVORK5CYII=\"  alt=\"opakowanie paczki palarni Coffeelab\"  width=\"768\"  height=\"960\"  data-pk-sizes=\"auto\"  data-ls-sizes=\"auto, (max-width: 768px) 100vw, 768px\"  data-pk-src=\"https:\/\/www.coffeedesk.pl\/blog\/wp-content\/uploads\/2020\/09\/coffeelab.jpg\"  data-pk-srcset=\"https:\/\/www.coffeedesk.pl\/blog\/wp-content\/uploads\/2020\/09\/coffeelab.jpg 768w, https:\/\/www.coffeedesk.pl\/blog\/wp-content\/uploads\/2020\/09\/coffeelab-320x400.jpg 320w, https:\/\/www.coffeedesk.pl\/blog\/wp-content\/uploads\/2020\/09\/coffeelab-560x700.jpg 560w\" ><\/a><figcaption id=\"caption-attachment-12368\" class=\"wp-caption-text\">Zdj\u0119cie: Coffeelab<\/figcaption><\/figure>\n<p align=\"JUSTIFY\">Palarnia bawi si\u0119 szat\u0105 graficzn\u0105 swoich opakowa\u0144, co miesi\u0105c wsp\u00f3\u0142pracuj\u0105c z innym artyst\u0105. Daje to niesamowit\u0105 mo\u017cliwo\u015b\u0107 promocji polskim tw\u00f3rcom zajmuj\u0105cym si\u0119 ca\u0142ym wachlarzem r\u00f3\u017cnych styl\u00f3w \u2013 od malarstwa, przez ilustracj\u0119, nawet po street art. Na tylnej etykiecie paczki zawsze zaznaczone jest, kto zaprojektowa\u0142 dan\u0105 grafik\u0119, a na swojej stronie internetowej palarnia publikuje tak\u017ce kr\u00f3tk\u0105 informacj\u0119 prezentuj\u0105c\u0105 danego artyst\u0119.<\/p>\n<figure id=\"attachment_12351\" aria-describedby=\"caption-attachment-12351\" style=\"width: 2047px\" class=\"wp-caption aligncenter\"><img  loading=\"lazy\"  decoding=\"async\"  class=\"wp-image-12351 size-full pk-lazyload\"  src=\"data:image\/png;base64,iVBORw0KGgoAAAANSUhEUgAAB\/8AAAVVAQMAAADHQpolAAAAA1BMVEUAAP+KeNJXAAAAAXRSTlMAQObYZgAAAWtJREFUeNrtwQENAAAAwqD3T20ON6AAAAAAAAAAAAAAAAAAAAAAAAAAAAAAAAAAAAAAAAAAAAAAAAAAAAAAAAAAAAAAAAAAAAAAAAAAAAAAAAAAAAAAAAAAAAAAAAAAAAAAAAAAAAAAAAAAAAAAAAAAAAAAAAAAAAAAAAAAAAAAAAAAAAAAAAAAAAAAAAAAAAAAAAAAAAAAAAAAAAAAAAAAAAAAAAAAAAAAAAAAAAAAAAAAAAAAAAAAAAAAAAAAAAAAAAAAAAAAAAAAAAAAAAAAAAAAAAAAAAAAAAAAAAAAAAAAAAAAAAAAAAAAAAAAAAAAAAAAAAAAAAAAAAAAAAAAAAAAAAAAAAAAAAAAAAAAAAAAAAAAAAAAAAAAAAAAAAAAAAAAAAAAAAAAAAAAAAAAAAAAAAAAAAAAAAAAAAAAAAAAAAAAAAAAAAAAAAAAAAAAAAAAAAAAAAAAAAAAAAAAAAAAAAAAAACASwNaoAABt9i3fwAAAABJRU5ErkJggg==\"  alt=\"cofeelab espresso miesi\u0105ca maja\"  width=\"2047\"  height=\"1365\"  data-pk-sizes=\"auto\"  data-ls-sizes=\"auto, (max-width: 2047px) 100vw, 2047px\"  data-pk-src=\"https:\/\/www.coffeedesk.pl\/blog\/wp-content\/uploads\/2020\/09\/49853821283_ba6b8cc171_k-1.jpg\"  data-pk-srcset=\"https:\/\/www.coffeedesk.pl\/blog\/wp-content\/uploads\/2020\/09\/49853821283_ba6b8cc171_k-1.jpg 2047w, https:\/\/www.coffeedesk.pl\/blog\/wp-content\/uploads\/2020\/09\/49853821283_ba6b8cc171_k-1-800x533.jpg 800w, https:\/\/www.coffeedesk.pl\/blog\/wp-content\/uploads\/2020\/09\/49853821283_ba6b8cc171_k-1-1160x774.jpg 1160w, https:\/\/www.coffeedesk.pl\/blog\/wp-content\/uploads\/2020\/09\/49853821283_ba6b8cc171_k-1-1536x1024.jpg 1536w, https:\/\/www.coffeedesk.pl\/blog\/wp-content\/uploads\/2020\/09\/49853821283_ba6b8cc171_k-1-320x213.jpg 320w, https:\/\/www.coffeedesk.pl\/blog\/wp-content\/uploads\/2020\/09\/49853821283_ba6b8cc171_k-1-560x373.jpg 560w, https:\/\/www.coffeedesk.pl\/blog\/wp-content\/uploads\/2020\/09\/49853821283_ba6b8cc171_k-1-1920x1280.jpg 1920w\" ><figcaption id=\"caption-attachment-12351\" class=\"wp-caption-text\">Paczka naszego majowego espresso miesi\u0105ca od Coffeelab<\/figcaption><\/figure>\n<h3 id=\"fjord\" align=\"JUSTIFY\">Fjord<\/h3>\n<p align=\"JUSTIFY\"><a href=\"https:\/\/www.coffeedesk.pl\/kawa\/typ\/speciality\/\"><strong>Fjord Coffee Roasters<\/strong><\/a> jest niemieck\u0105 palarni\u0105, kt\u00f3r\u0105 za\u0142o\u017cy\u0142y dwie berli\u0144skie kawiarnie, Father Carpenter Coffee oraz Silo Coffee. Po re-brandingu w 2019 roku obrali motywy naturalne za temat przewodni swojej komunikacji wizualnej. Za element logo wybrali symbol ksi\u0119\u017cyca w pierwszej kwadrze.<\/p>\n<figure id=\"attachment_12347\" aria-describedby=\"caption-attachment-12347\" style=\"width: 2500px\" class=\"wp-caption aligncenter\"><img  loading=\"lazy\"  decoding=\"async\"  class=\"wp-image-12347 size-full pk-lazyload\"  src=\"data:image\/png;base64,iVBORw0KGgoAAAANSUhEUgAACcQAAAaDAQMAAADwqC1DAAAAA1BMVEUAAP+KeNJXAAAAAXRSTlMAQObYZgAAAhJJREFUeNrtwQENAAAAwqD3T20PBxQAAAAAAAAAAAAAAAAAAAAAAAAAAAAAAAAAAAAAAAAAAAAAAAAAAAAAAAAAAAAAAAAAAAAAAAAAAAAAAAAAAAAAAAAAAAAAAAAAAAAAAAAAAAAAAAAAAAAAAAAAAAAAAAAAAAAAAAAAAAAAAAAAAAAAAAAAAAAAAAAAAAAAAAAAAAAAAAAAAAAAAAAAAAAAAAAAAAAAAAAAAAAAAAAAAAAAAAAAAAAAAAAAAAAAAAAAAAAAAAAAAAAAAAAAAAAAAAAAAAAAAAAAAAAAAAAAAAAAAAAAAAAAAAAAAAAAAAAAAAAAAAAAAAAAAAAAAAAAAAAAAAAAAAAAAAAAAAAAAAAAAAAAAAAAAAAAAAAAAAAAAAAAAAAAAAAAAAAAAAAAAAAAAAAAAAAAAAAAAAAAAAAAAAAAAAAAAAAAAAAAAAAAAAAAAAAAAAAAAAAAAAAAAAAAAAAAAAAAAAAAAAAAAAAAAAAAAAAAAAAAAAAAAAAAAAAAAAAAAAAAAAAAAAAAAAAAAAAAAAAAAAAAAAAAAAAAAAAAAAAAAAAAAAAAAAAAAAAAAAAAAAAAAAAAAAAAAAAAAAAAAAAAAAAAAAAAAAAAAAAAAAAAAAAAAAAAAAAAAAAAAAAAAAAAAAAAAAAAAAAAAAAAAAAAAAAAAAAAAAAAAAAAAAAAAAAAAMCjAf0XAAHcvO+dAAAAAElFTkSuQmCC\"  alt=\"inspiracje opakowania Fjord\"  width=\"2500\"  height=\"1667\"  data-pk-sizes=\"auto\"  data-ls-sizes=\"auto, (max-width: 2500px) 100vw, 2500px\"  data-pk-src=\"https:\/\/www.coffeedesk.pl\/blog\/wp-content\/uploads\/2020\/09\/mariemarie_fjordINSPI.jpg\"  data-pk-srcset=\"https:\/\/www.coffeedesk.pl\/blog\/wp-content\/uploads\/2020\/09\/mariemarie_fjordINSPI.jpg 2500w, https:\/\/www.coffeedesk.pl\/blog\/wp-content\/uploads\/2020\/09\/mariemarie_fjordINSPI-800x533.jpg 800w, https:\/\/www.coffeedesk.pl\/blog\/wp-content\/uploads\/2020\/09\/mariemarie_fjordINSPI-1160x773.jpg 1160w, https:\/\/www.coffeedesk.pl\/blog\/wp-content\/uploads\/2020\/09\/mariemarie_fjordINSPI-1536x1024.jpg 1536w, https:\/\/www.coffeedesk.pl\/blog\/wp-content\/uploads\/2020\/09\/mariemarie_fjordINSPI-2048x1366.jpg 2048w, https:\/\/www.coffeedesk.pl\/blog\/wp-content\/uploads\/2020\/09\/mariemarie_fjordINSPI-320x213.jpg 320w, https:\/\/www.coffeedesk.pl\/blog\/wp-content\/uploads\/2020\/09\/mariemarie_fjordINSPI-560x373.jpg 560w, https:\/\/www.coffeedesk.pl\/blog\/wp-content\/uploads\/2020\/09\/mariemarie_fjordINSPI-1920x1280.jpg 1920w\" ><figcaption id=\"caption-attachment-12347\" class=\"wp-caption-text\">Materia\u0142y: www.mariemarie.studio<\/figcaption><\/figure>\n<p align=\"JUSTIFY\">Wszystkie od\u015bwie\u017cone paczki kawy s\u0105 niemal identyczne (opr\u00f3cz edycji limitowanych), r\u00f3\u017cni\u0105 si\u0119 jedynie etykietami, kt\u00f3re wskazuj\u0105 na to, z jakimi ziarnami mamy do czynienia. Ich pozorny minimalizm jest prze\u0142amany fantazyjnymi wzorami przypominaj\u0105cymi morskie fale, spokojnie rozlewaj\u0105ce si\u0119 na brzegu. Grafika by\u0142a wykonana r\u0119cznie, przy wykorzystaniu <i>suminagashi<\/i>, japo\u0144skiej techniki zdobienia papieru. Pokr\u00f3tce, metoda ta polega na wpuszczeniu atramentu lub farb do wody znajduj\u0105cej si\u0119 w p\u0142ytkiej tacy. Potem artysta dmucha na plamy koloru, by zmieni\u0107 ich po\u0142o\u017cenie. Na koniec delikatnie miesza ca\u0142o\u015b\u0107 smuk\u0142ym narz\u0119dziem, by potem nanie\u015b\u0107 wz\u00f3r na kartk\u0119 papieru poprzez opuszczenie jej na powierzchni\u0119 wody.<\/p>\n<figure id=\"attachment_12349\" aria-describedby=\"caption-attachment-12349\" style=\"width: 2500px\" class=\"wp-caption aligncenter\"><img  loading=\"lazy\"  decoding=\"async\"  class=\"wp-image-12349 size-full pk-lazyload\"  src=\"data:image\/png;base64,iVBORw0KGgoAAAANSUhEUgAACcQAAAdSAQMAAACPvel9AAAAA1BMVEUAAP+KeNJXAAAAAXRSTlMAQObYZgAAAlFJREFUeNrtwQENAAAAwqD3T20ON6AAAAAAAAAAAAAAAAAAAAAAAAAAAAAAAAAAAAAAAAAAAAAAAAAAAAAAAAAAAAAAAAAAAAAAAAAAAAAAAAAAAAAAAAAAAAAAAAAAAAAAAAAAAAAAAAAAAAAAAAAAAAAAAAAAAAAAAAAAAAAAAAAAAAAAAAAAAAAAAAAAAAAAAAAAAAAAAAAAAAAAAAAAAAAAAAAAAAAAAAAAAAAAAAAAAAAAAAAAAAAAAAAAAAAAAAAAAAAAAAAAAAAAAAAAAAAAAAAAAAAAAAAAAAAAAAAAAAAAAAAAAAAAAAAAAAAAAAAAAAAAAAAAAAAAAAAAAAAAAAAAAAAAAAAAAAAAAAAAAAAAAAAAAAAAAAAAAAAAAAAAAAAAAAAAAAAAAAAAAAAAAAAAAAAAAAAAAAAAAAAAAAAAAAAAAAAAAAAAAAAAAAAAAAAAAAAAAAAAAAAAAAAAAAAAAAAAAAAAAAAAAAAAAAAAAAAAAAAAAAAAAAAAAAAAAAAAAAAAAAAAAAAAAAAAAAAAAAAAAAAAAAAAAAAAAAAAAAAAAAAAAAAAAAAAAAAAAAAAAAAAAAAAAAAAAAAAAAAAAAAAAAAAAAAAAAAAAAAAAAAAAAAAAAAAAAAAAAAAAAAAAAAAAAAAAAAAAAAAAAAAAAAAAAAAAAAAAAAAAAAAAAAAAAAAAAAAAAAAAAAAAAAAAAAAAAAAAAAAAAAAAAAAAAAAAAAAAAAAAAAAAAAAAAAAAAAAAAAAAAAAAAAAAAAAAAAAAAAAAAD+DfsMAAGcHOs3AAAAAElFTkSuQmCC\"  alt=\"Fjord opakowanie kawy \"  width=\"2500\"  height=\"1874\"  data-pk-sizes=\"auto\"  data-ls-sizes=\"auto, (max-width: 2500px) 100vw, 2500px\"  data-pk-src=\"https:\/\/www.coffeedesk.pl\/blog\/wp-content\/uploads\/2020\/09\/FJORD_03.jpg\"  data-pk-srcset=\"https:\/\/www.coffeedesk.pl\/blog\/wp-content\/uploads\/2020\/09\/FJORD_03.jpg 2500w, https:\/\/www.coffeedesk.pl\/blog\/wp-content\/uploads\/2020\/09\/FJORD_03-800x600.jpg 800w, https:\/\/www.coffeedesk.pl\/blog\/wp-content\/uploads\/2020\/09\/FJORD_03-1160x870.jpg 1160w, https:\/\/www.coffeedesk.pl\/blog\/wp-content\/uploads\/2020\/09\/FJORD_03-320x240.jpg 320w, https:\/\/www.coffeedesk.pl\/blog\/wp-content\/uploads\/2020\/09\/FJORD_03-1536x1151.jpg 1536w, https:\/\/www.coffeedesk.pl\/blog\/wp-content\/uploads\/2020\/09\/FJORD_03-2048x1535.jpg 2048w, https:\/\/www.coffeedesk.pl\/blog\/wp-content\/uploads\/2020\/09\/FJORD_03-300x225.jpg 300w, https:\/\/www.coffeedesk.pl\/blog\/wp-content\/uploads\/2020\/09\/FJORD_03-560x420.jpg 560w, https:\/\/www.coffeedesk.pl\/blog\/wp-content\/uploads\/2020\/09\/FJORD_03-1920x1439.jpg 1920w\" ><figcaption id=\"caption-attachment-12349\" class=\"wp-caption-text\">Zdj\u0119cie: www.mariemarie.studio<\/figcaption><\/figure>\n<p align=\"JUSTIFY\">Podsumowuj\u0105c, design w kontek\u015bcie paczek kawy jest niebywale wa\u017cnym elementem, gdy\u017c jest niejako pierwsz\u0105 form\u0105 komunikacji mi\u0119dzy palarni\u0105 a konsumentem. Design wzbogaca nasze do\u015bwiadczenie o wra\u017cenia, kt\u00f3re nie s\u0105 wy\u0142\u0105cznie smakowe. Istnieje ogrom mo\u017cliwo\u015bci, by design spotka\u0142 si\u0119 z kaw\u0105, a wszystkie z nich s\u0105 r\u00f3wnie mocno ekscytuj\u0105ce!<\/p>\n<p align=\"JUSTIFY\"><strong>A jakie opakowania na Was robi\u0105 najwi\u0119ksze wra\u017cenie? Dajcie zna\u0107!<\/strong><\/p>\n<p align=\"JUSTIFY\"><div class=\"pk-separator\" style=\"border-bottom-width: 4px; border-bottom-style: dotted;\"><\/div>\n<p>Kilka lektur dla ciekawych tematu designu:<\/p>\n<p><i>B jak Bauhaus<\/i>, Deyan Sudjic, Karakter, 2014.<\/p>\n<p><i>Design: Historia projektowania<\/i>, Charlotte i Peter Fiell, Arkady, 2015.<\/p>\n<p><i>Jak przesta\u0142em kocha\u0107 design<\/i>, Marcin Wicha, Karakter, 2015.<\/p>\n","protected":false},"excerpt":{"rendered":"<div class=\"post-excerpt\">Mn\u00f3stwo kolor\u00f3w, ciekawe wzory, zdj\u0119cia, rysunki, ilustracje stworzone przez artyst\u00f3w \u2013 na paczkach kawy mo\u017cecie znale\u017a\u0107 dos\u0142ownie wszystko. To w\u0142a\u015bnie paczka jest miejscem, w kt\u00f3rym kawa spotyka si\u0119 z designem.&hellip;<\/div>\n<div class=\"post-more\"><a href=\"https:\/\/www.coffeedesk.pl\/blog\/tam-gdzie-kawa-spotyka-sie-z-designem\/\" class=\"button button-primary button-effect\"><span>Czytaj wpis<\/span><span><i class=\"cs-icon cs-icon-arrow-right\"><\/i><\/span><\/a><\/div>\n","protected":false},"author":55,"featured_media":12359,"comment_status":"open","ping_status":"open","sticky":false,"template":"","format":"standard","meta":{"_acf_changed":false,"footnotes":""},"categories":[34,47,55,39,41],"tags":[1057,359,265,727,71],"powerkit_post_featured":[],"class_list":{"0":"post-12346","1":"post","2":"type-post","3":"status-publish","4":"format-standard","5":"has-post-thumbnail","7":"category-kawa","8":"category-lifestyle","9":"category-palarnie-2","10":"category-palarnie","11":"category-speciality","12":"tag-coffee-collective","13":"tag-coffeelab","14":"tag-design","15":"tag-fjord","16":"tag-kawa"},"acf":[],"author_display_name":"Magdalena Zakrzewska","author_url":"https:\/\/www.coffeedesk.pl\/blog\/author\/magdalena-zakrzewska\/","featured_image":"https:\/\/www.coffeedesk.pl\/blog\/wp-content\/uploads\/2020\/09\/kawy_zestaw-800x534.jpg","post_tags":["coffee collective","coffeelab","design","fjord","kawa"],"post_categories":["Kawa","Lifestyle","Palarnie","Palarnie","Speciality"],"yoast_head":"<!-- This site is optimized with the Yoast SEO plugin v27.4 - https:\/\/yoast.com\/product\/yoast-seo-wordpress\/ -->\n<title>Gdy kawa spotyka si\u0119 z designem - Blog Coffeedesk.pl<\/title>\n<meta name=\"description\" content=\"Design opakowania kawy jest czym\u015b, na co cz\u0119sto zwracamy uwag\u0119, nawet je\u015bli nie zawsze \u015bwiadomie. Kt\u00f3re palarnie wyr\u00f3\u017cniaj\u0105 si\u0119 pod tym wzgl\u0119dem?\" \/>\n<meta name=\"robots\" content=\"index, follow, max-snippet:-1, max-image-preview:large, max-video-preview:-1\" \/>\n<link rel=\"canonical\" href=\"https:\/\/www.coffeedesk.pl\/blog\/tam-gdzie-kawa-spotyka-sie-z-designem\/\" \/>\n<meta property=\"og:locale\" content=\"pl_PL\" \/>\n<meta property=\"og:type\" content=\"article\" \/>\n<meta property=\"og:title\" content=\"Gdy kawa spotyka si\u0119 z designem - Blog Coffeedesk.pl\" \/>\n<meta property=\"og:description\" content=\"Design opakowania kawy jest czym\u015b, na co cz\u0119sto zwracamy uwag\u0119, nawet je\u015bli nie zawsze \u015bwiadomie. Kt\u00f3re palarnie wyr\u00f3\u017cniaj\u0105 si\u0119 pod tym wzgl\u0119dem?\" \/>\n<meta property=\"og:url\" content=\"https:\/\/www.coffeedesk.pl\/blog\/tam-gdzie-kawa-spotyka-sie-z-designem\/\" \/>\n<meta property=\"og:site_name\" content=\"Blog Coffeedesk.pl\" \/>\n<meta property=\"article:published_time\" content=\"2020-09-03T11:15:51+00:00\" \/>\n<meta property=\"article:modified_time\" content=\"2025-05-29T09:54:40+00:00\" \/>\n<meta property=\"og:image\" content=\"https:\/\/www.coffeedesk.pl\/blog\/wp-content\/uploads\/2020\/09\/kawy_zestaw.jpg\" \/>\n\t<meta property=\"og:image:width\" content=\"2048\" \/>\n\t<meta property=\"og:image:height\" content=\"1366\" \/>\n\t<meta property=\"og:image:type\" content=\"image\/jpeg\" \/>\n<meta name=\"author\" content=\"Magdalena Zakrzewska\" \/>\n<meta name=\"twitter:card\" content=\"summary_large_image\" \/>\n<meta name=\"twitter:label1\" content=\"Napisane przez\" \/>\n\t<meta name=\"twitter:data1\" content=\"Magdalena Zakrzewska\" \/>\n\t<meta name=\"twitter:label2\" content=\"Szacowany czas czytania\" \/>\n\t<meta name=\"twitter:data2\" content=\"7 minut\" \/>\n<script type=\"application\/ld+json\" class=\"yoast-schema-graph\">{\"@context\":\"https:\\\/\\\/schema.org\",\"@graph\":[{\"@type\":\"Article\",\"@id\":\"https:\\\/\\\/www.coffeedesk.pl\\\/blog\\\/tam-gdzie-kawa-spotyka-sie-z-designem\\\/#article\",\"isPartOf\":{\"@id\":\"https:\\\/\\\/www.coffeedesk.pl\\\/blog\\\/tam-gdzie-kawa-spotyka-sie-z-designem\\\/\"},\"author\":{\"name\":\"Magdalena Zakrzewska\",\"@id\":\"https:\\\/\\\/www.coffeedesk.pl\\\/blog\\\/#\\\/schema\\\/person\\\/f57338e612e50a140e846a94379c5a99\"},\"headline\":\"Opakowania, czyli tam, gdzie kawa spotyka si\u0119 z designem\",\"datePublished\":\"2020-09-03T11:15:51+00:00\",\"dateModified\":\"2025-05-29T09:54:40+00:00\",\"mainEntityOfPage\":{\"@id\":\"https:\\\/\\\/www.coffeedesk.pl\\\/blog\\\/tam-gdzie-kawa-spotyka-sie-z-designem\\\/\"},\"wordCount\":1016,\"commentCount\":0,\"publisher\":{\"@id\":\"https:\\\/\\\/www.coffeedesk.pl\\\/blog\\\/#organization\"},\"image\":{\"@id\":\"https:\\\/\\\/www.coffeedesk.pl\\\/blog\\\/tam-gdzie-kawa-spotyka-sie-z-designem\\\/#primaryimage\"},\"thumbnailUrl\":\"https:\\\/\\\/www.coffeedesk.pl\\\/blog\\\/wp-content\\\/uploads\\\/2020\\\/09\\\/kawy_zestaw.jpg\",\"keywords\":[\"coffee collective\",\"coffeelab\",\"design\",\"fjord\",\"kawa\"],\"articleSection\":[\"Kawa\",\"Lifestyle\",\"Palarnie\",\"Palarnie\",\"Speciality\"],\"inLanguage\":\"pl-PL\",\"potentialAction\":[{\"@type\":\"CommentAction\",\"name\":\"Comment\",\"target\":[\"https:\\\/\\\/www.coffeedesk.pl\\\/blog\\\/tam-gdzie-kawa-spotyka-sie-z-designem\\\/#respond\"]}]},{\"@type\":\"WebPage\",\"@id\":\"https:\\\/\\\/www.coffeedesk.pl\\\/blog\\\/tam-gdzie-kawa-spotyka-sie-z-designem\\\/\",\"url\":\"https:\\\/\\\/www.coffeedesk.pl\\\/blog\\\/tam-gdzie-kawa-spotyka-sie-z-designem\\\/\",\"name\":\"Gdy kawa spotyka si\u0119 z designem - Blog Coffeedesk.pl\",\"isPartOf\":{\"@id\":\"https:\\\/\\\/www.coffeedesk.pl\\\/blog\\\/#website\"},\"primaryImageOfPage\":{\"@id\":\"https:\\\/\\\/www.coffeedesk.pl\\\/blog\\\/tam-gdzie-kawa-spotyka-sie-z-designem\\\/#primaryimage\"},\"image\":{\"@id\":\"https:\\\/\\\/www.coffeedesk.pl\\\/blog\\\/tam-gdzie-kawa-spotyka-sie-z-designem\\\/#primaryimage\"},\"thumbnailUrl\":\"https:\\\/\\\/www.coffeedesk.pl\\\/blog\\\/wp-content\\\/uploads\\\/2020\\\/09\\\/kawy_zestaw.jpg\",\"datePublished\":\"2020-09-03T11:15:51+00:00\",\"dateModified\":\"2025-05-29T09:54:40+00:00\",\"description\":\"Design opakowania kawy jest czym\u015b, na co cz\u0119sto zwracamy uwag\u0119, nawet je\u015bli nie zawsze \u015bwiadomie. Kt\u00f3re palarnie wyr\u00f3\u017cniaj\u0105 si\u0119 pod tym wzgl\u0119dem?\",\"breadcrumb\":{\"@id\":\"https:\\\/\\\/www.coffeedesk.pl\\\/blog\\\/tam-gdzie-kawa-spotyka-sie-z-designem\\\/#breadcrumb\"},\"inLanguage\":\"pl-PL\",\"potentialAction\":[{\"@type\":\"ReadAction\",\"target\":[\"https:\\\/\\\/www.coffeedesk.pl\\\/blog\\\/tam-gdzie-kawa-spotyka-sie-z-designem\\\/\"]}]},{\"@type\":\"ImageObject\",\"inLanguage\":\"pl-PL\",\"@id\":\"https:\\\/\\\/www.coffeedesk.pl\\\/blog\\\/tam-gdzie-kawa-spotyka-sie-z-designem\\\/#primaryimage\",\"url\":\"https:\\\/\\\/www.coffeedesk.pl\\\/blog\\\/wp-content\\\/uploads\\\/2020\\\/09\\\/kawy_zestaw.jpg\",\"contentUrl\":\"https:\\\/\\\/www.coffeedesk.pl\\\/blog\\\/wp-content\\\/uploads\\\/2020\\\/09\\\/kawy_zestaw.jpg\",\"width\":2048,\"height\":1366,\"caption\":\"opakowania kawy a design\"},{\"@type\":\"BreadcrumbList\",\"@id\":\"https:\\\/\\\/www.coffeedesk.pl\\\/blog\\\/tam-gdzie-kawa-spotyka-sie-z-designem\\\/#breadcrumb\",\"itemListElement\":[{\"@type\":\"ListItem\",\"position\":1,\"name\":\"Strona g\u0142\u00f3wna\",\"item\":\"https:\\\/\\\/www.coffeedesk.pl\\\/blog\\\/\"},{\"@type\":\"ListItem\",\"position\":2,\"name\":\"Opakowania, czyli tam, gdzie kawa spotyka si\u0119 z designem\"}]},{\"@type\":\"WebSite\",\"@id\":\"https:\\\/\\\/www.coffeedesk.pl\\\/blog\\\/#website\",\"url\":\"https:\\\/\\\/www.coffeedesk.pl\\\/blog\\\/\",\"name\":\"Blog Coffeedesk.pl\",\"description\":\"\",\"publisher\":{\"@id\":\"https:\\\/\\\/www.coffeedesk.pl\\\/blog\\\/#organization\"},\"potentialAction\":[{\"@type\":\"SearchAction\",\"target\":{\"@type\":\"EntryPoint\",\"urlTemplate\":\"https:\\\/\\\/www.coffeedesk.pl\\\/blog\\\/?s={search_term_string}\"},\"query-input\":{\"@type\":\"PropertyValueSpecification\",\"valueRequired\":true,\"valueName\":\"search_term_string\"}}],\"inLanguage\":\"pl-PL\"},{\"@type\":\"Organization\",\"@id\":\"https:\\\/\\\/www.coffeedesk.pl\\\/blog\\\/#organization\",\"name\":\"Coffeedesk.pl\",\"url\":\"https:\\\/\\\/www.coffeedesk.pl\\\/blog\\\/\",\"logo\":{\"@type\":\"ImageObject\",\"inLanguage\":\"pl-PL\",\"@id\":\"https:\\\/\\\/www.coffeedesk.pl\\\/blog\\\/#\\\/schema\\\/logo\\\/image\\\/\",\"url\":\"https:\\\/\\\/www.coffeedesk.pl\\\/blog\\\/wp-content\\\/uploads\\\/2019\\\/10\\\/logo_color.png\",\"contentUrl\":\"https:\\\/\\\/www.coffeedesk.pl\\\/blog\\\/wp-content\\\/uploads\\\/2019\\\/10\\\/logo_color.png\",\"width\":246,\"height\":50,\"caption\":\"Coffeedesk.pl\"},\"image\":{\"@id\":\"https:\\\/\\\/www.coffeedesk.pl\\\/blog\\\/#\\\/schema\\\/logo\\\/image\\\/\"}},{\"@type\":\"Person\",\"@id\":\"https:\\\/\\\/www.coffeedesk.pl\\\/blog\\\/#\\\/schema\\\/person\\\/f57338e612e50a140e846a94379c5a99\",\"name\":\"Magdalena Zakrzewska\",\"image\":{\"@type\":\"ImageObject\",\"inLanguage\":\"pl-PL\",\"@id\":\"https:\\\/\\\/www.coffeedesk.pl\\\/blog\\\/wp-content\\\/uploads\\\/2022\\\/11\\\/IMG_8932-320x320.jpg\",\"url\":\"https:\\\/\\\/www.coffeedesk.pl\\\/blog\\\/wp-content\\\/uploads\\\/2022\\\/11\\\/IMG_8932-320x320.jpg\",\"contentUrl\":\"https:\\\/\\\/www.coffeedesk.pl\\\/blog\\\/wp-content\\\/uploads\\\/2022\\\/11\\\/IMG_8932-320x320.jpg\",\"caption\":\"Magdalena Zakrzewska\"},\"description\":\"W Coffeedesku zaczyna\u0142a za barem w kawiarni na Wilczej, a teraz najcz\u0119\u015bciej mo\u017cna j\u0105 spotka\u0107 przy p\u00f3\u0142ce z akcesoriami i kaw\u0105 na Tamce. Uczy ludzi mi\u0142o\u015bci do sprz\u0119t\u00f3w kawowych. Ma specjalne miejsce w sercu dla sztuki, architektury, border collie i kawy oczywi\u015bcie.\",\"url\":\"https:\\\/\\\/www.coffeedesk.pl\\\/blog\\\/author\\\/magdalena-zakrzewska\\\/\"}]}<\/script>\n<!-- \/ Yoast SEO plugin. -->","yoast_head_json":{"title":"Gdy kawa spotyka si\u0119 z designem - Blog Coffeedesk.pl","description":"Design opakowania kawy jest czym\u015b, na co cz\u0119sto zwracamy uwag\u0119, nawet je\u015bli nie zawsze \u015bwiadomie. Kt\u00f3re palarnie wyr\u00f3\u017cniaj\u0105 si\u0119 pod tym wzgl\u0119dem?","robots":{"index":"index","follow":"follow","max-snippet":"max-snippet:-1","max-image-preview":"max-image-preview:large","max-video-preview":"max-video-preview:-1"},"canonical":"https:\/\/www.coffeedesk.pl\/blog\/tam-gdzie-kawa-spotyka-sie-z-designem\/","og_locale":"pl_PL","og_type":"article","og_title":"Gdy kawa spotyka si\u0119 z designem - Blog Coffeedesk.pl","og_description":"Design opakowania kawy jest czym\u015b, na co cz\u0119sto zwracamy uwag\u0119, nawet je\u015bli nie zawsze \u015bwiadomie. Kt\u00f3re palarnie wyr\u00f3\u017cniaj\u0105 si\u0119 pod tym wzgl\u0119dem?","og_url":"https:\/\/www.coffeedesk.pl\/blog\/tam-gdzie-kawa-spotyka-sie-z-designem\/","og_site_name":"Blog Coffeedesk.pl","article_published_time":"2020-09-03T11:15:51+00:00","article_modified_time":"2025-05-29T09:54:40+00:00","og_image":[{"width":2048,"height":1366,"url":"https:\/\/www.coffeedesk.pl\/blog\/wp-content\/uploads\/2020\/09\/kawy_zestaw.jpg","type":"image\/jpeg"}],"author":"Magdalena Zakrzewska","twitter_card":"summary_large_image","twitter_misc":{"Napisane przez":"Magdalena Zakrzewska","Szacowany czas czytania":"7 minut"},"schema":{"@context":"https:\/\/schema.org","@graph":[{"@type":"Article","@id":"https:\/\/www.coffeedesk.pl\/blog\/tam-gdzie-kawa-spotyka-sie-z-designem\/#article","isPartOf":{"@id":"https:\/\/www.coffeedesk.pl\/blog\/tam-gdzie-kawa-spotyka-sie-z-designem\/"},"author":{"name":"Magdalena Zakrzewska","@id":"https:\/\/www.coffeedesk.pl\/blog\/#\/schema\/person\/f57338e612e50a140e846a94379c5a99"},"headline":"Opakowania, czyli tam, gdzie kawa spotyka si\u0119 z designem","datePublished":"2020-09-03T11:15:51+00:00","dateModified":"2025-05-29T09:54:40+00:00","mainEntityOfPage":{"@id":"https:\/\/www.coffeedesk.pl\/blog\/tam-gdzie-kawa-spotyka-sie-z-designem\/"},"wordCount":1016,"commentCount":0,"publisher":{"@id":"https:\/\/www.coffeedesk.pl\/blog\/#organization"},"image":{"@id":"https:\/\/www.coffeedesk.pl\/blog\/tam-gdzie-kawa-spotyka-sie-z-designem\/#primaryimage"},"thumbnailUrl":"https:\/\/www.coffeedesk.pl\/blog\/wp-content\/uploads\/2020\/09\/kawy_zestaw.jpg","keywords":["coffee collective","coffeelab","design","fjord","kawa"],"articleSection":["Kawa","Lifestyle","Palarnie","Palarnie","Speciality"],"inLanguage":"pl-PL","potentialAction":[{"@type":"CommentAction","name":"Comment","target":["https:\/\/www.coffeedesk.pl\/blog\/tam-gdzie-kawa-spotyka-sie-z-designem\/#respond"]}]},{"@type":"WebPage","@id":"https:\/\/www.coffeedesk.pl\/blog\/tam-gdzie-kawa-spotyka-sie-z-designem\/","url":"https:\/\/www.coffeedesk.pl\/blog\/tam-gdzie-kawa-spotyka-sie-z-designem\/","name":"Gdy kawa spotyka si\u0119 z designem - Blog Coffeedesk.pl","isPartOf":{"@id":"https:\/\/www.coffeedesk.pl\/blog\/#website"},"primaryImageOfPage":{"@id":"https:\/\/www.coffeedesk.pl\/blog\/tam-gdzie-kawa-spotyka-sie-z-designem\/#primaryimage"},"image":{"@id":"https:\/\/www.coffeedesk.pl\/blog\/tam-gdzie-kawa-spotyka-sie-z-designem\/#primaryimage"},"thumbnailUrl":"https:\/\/www.coffeedesk.pl\/blog\/wp-content\/uploads\/2020\/09\/kawy_zestaw.jpg","datePublished":"2020-09-03T11:15:51+00:00","dateModified":"2025-05-29T09:54:40+00:00","description":"Design opakowania kawy jest czym\u015b, na co cz\u0119sto zwracamy uwag\u0119, nawet je\u015bli nie zawsze \u015bwiadomie. Kt\u00f3re palarnie wyr\u00f3\u017cniaj\u0105 si\u0119 pod tym wzgl\u0119dem?","breadcrumb":{"@id":"https:\/\/www.coffeedesk.pl\/blog\/tam-gdzie-kawa-spotyka-sie-z-designem\/#breadcrumb"},"inLanguage":"pl-PL","potentialAction":[{"@type":"ReadAction","target":["https:\/\/www.coffeedesk.pl\/blog\/tam-gdzie-kawa-spotyka-sie-z-designem\/"]}]},{"@type":"ImageObject","inLanguage":"pl-PL","@id":"https:\/\/www.coffeedesk.pl\/blog\/tam-gdzie-kawa-spotyka-sie-z-designem\/#primaryimage","url":"https:\/\/www.coffeedesk.pl\/blog\/wp-content\/uploads\/2020\/09\/kawy_zestaw.jpg","contentUrl":"https:\/\/www.coffeedesk.pl\/blog\/wp-content\/uploads\/2020\/09\/kawy_zestaw.jpg","width":2048,"height":1366,"caption":"opakowania kawy a design"},{"@type":"BreadcrumbList","@id":"https:\/\/www.coffeedesk.pl\/blog\/tam-gdzie-kawa-spotyka-sie-z-designem\/#breadcrumb","itemListElement":[{"@type":"ListItem","position":1,"name":"Strona g\u0142\u00f3wna","item":"https:\/\/www.coffeedesk.pl\/blog\/"},{"@type":"ListItem","position":2,"name":"Opakowania, czyli tam, gdzie kawa spotyka si\u0119 z designem"}]},{"@type":"WebSite","@id":"https:\/\/www.coffeedesk.pl\/blog\/#website","url":"https:\/\/www.coffeedesk.pl\/blog\/","name":"Blog Coffeedesk.pl","description":"","publisher":{"@id":"https:\/\/www.coffeedesk.pl\/blog\/#organization"},"potentialAction":[{"@type":"SearchAction","target":{"@type":"EntryPoint","urlTemplate":"https:\/\/www.coffeedesk.pl\/blog\/?s={search_term_string}"},"query-input":{"@type":"PropertyValueSpecification","valueRequired":true,"valueName":"search_term_string"}}],"inLanguage":"pl-PL"},{"@type":"Organization","@id":"https:\/\/www.coffeedesk.pl\/blog\/#organization","name":"Coffeedesk.pl","url":"https:\/\/www.coffeedesk.pl\/blog\/","logo":{"@type":"ImageObject","inLanguage":"pl-PL","@id":"https:\/\/www.coffeedesk.pl\/blog\/#\/schema\/logo\/image\/","url":"https:\/\/www.coffeedesk.pl\/blog\/wp-content\/uploads\/2019\/10\/logo_color.png","contentUrl":"https:\/\/www.coffeedesk.pl\/blog\/wp-content\/uploads\/2019\/10\/logo_color.png","width":246,"height":50,"caption":"Coffeedesk.pl"},"image":{"@id":"https:\/\/www.coffeedesk.pl\/blog\/#\/schema\/logo\/image\/"}},{"@type":"Person","@id":"https:\/\/www.coffeedesk.pl\/blog\/#\/schema\/person\/f57338e612e50a140e846a94379c5a99","name":"Magdalena Zakrzewska","image":{"@type":"ImageObject","inLanguage":"pl-PL","@id":"https:\/\/www.coffeedesk.pl\/blog\/wp-content\/uploads\/2022\/11\/IMG_8932-320x320.jpg","url":"https:\/\/www.coffeedesk.pl\/blog\/wp-content\/uploads\/2022\/11\/IMG_8932-320x320.jpg","contentUrl":"https:\/\/www.coffeedesk.pl\/blog\/wp-content\/uploads\/2022\/11\/IMG_8932-320x320.jpg","caption":"Magdalena Zakrzewska"},"description":"W Coffeedesku zaczyna\u0142a za barem w kawiarni na Wilczej, a teraz najcz\u0119\u015bciej mo\u017cna j\u0105 spotka\u0107 przy p\u00f3\u0142ce z akcesoriami i kaw\u0105 na Tamce. Uczy ludzi mi\u0142o\u015bci do sprz\u0119t\u00f3w kawowych. Ma specjalne miejsce w sercu dla sztuki, architektury, border collie i kawy oczywi\u015bcie.","url":"https:\/\/www.coffeedesk.pl\/blog\/author\/magdalena-zakrzewska\/"}]}},"jetpack_featured_media_url":"https:\/\/www.coffeedesk.pl\/blog\/wp-content\/uploads\/2020\/09\/kawy_zestaw.jpg","_links":{"self":[{"href":"https:\/\/www.coffeedesk.pl\/blog\/wp-json\/wp\/v2\/posts\/12346","targetHints":{"allow":["GET"]}}],"collection":[{"href":"https:\/\/www.coffeedesk.pl\/blog\/wp-json\/wp\/v2\/posts"}],"about":[{"href":"https:\/\/www.coffeedesk.pl\/blog\/wp-json\/wp\/v2\/types\/post"}],"author":[{"embeddable":true,"href":"https:\/\/www.coffeedesk.pl\/blog\/wp-json\/wp\/v2\/users\/55"}],"replies":[{"embeddable":true,"href":"https:\/\/www.coffeedesk.pl\/blog\/wp-json\/wp\/v2\/comments?post=12346"}],"version-history":[{"count":11,"href":"https:\/\/www.coffeedesk.pl\/blog\/wp-json\/wp\/v2\/posts\/12346\/revisions"}],"predecessor-version":[{"id":27713,"href":"https:\/\/www.coffeedesk.pl\/blog\/wp-json\/wp\/v2\/posts\/12346\/revisions\/27713"}],"wp:featuredmedia":[{"embeddable":true,"href":"https:\/\/www.coffeedesk.pl\/blog\/wp-json\/wp\/v2\/media\/12359"}],"wp:attachment":[{"href":"https:\/\/www.coffeedesk.pl\/blog\/wp-json\/wp\/v2\/media?parent=12346"}],"wp:term":[{"taxonomy":"category","embeddable":true,"href":"https:\/\/www.coffeedesk.pl\/blog\/wp-json\/wp\/v2\/categories?post=12346"},{"taxonomy":"post_tag","embeddable":true,"href":"https:\/\/www.coffeedesk.pl\/blog\/wp-json\/wp\/v2\/tags?post=12346"},{"taxonomy":"powerkit_post_featured","embeddable":true,"href":"https:\/\/www.coffeedesk.pl\/blog\/wp-json\/wp\/v2\/powerkit_post_featured?post=12346"}],"curies":[{"name":"wp","href":"https:\/\/api.w.org\/{rel}","templated":true}]}}