{"id":14145,"date":"2021-03-09T12:43:32","date_gmt":"2021-03-09T11:43:32","guid":{"rendered":"https:\/\/www.coffeedesk.pl\/blog\/?p=14145"},"modified":"2022-07-26T17:20:55","modified_gmt":"2022-07-26T15:20:55","slug":"kawowy-upcykling-kiedy-konczy-sie-zycie-kawy","status":"publish","type":"post","link":"https:\/\/www.coffeedesk.pl\/blog\/kawowy-upcykling-kiedy-konczy-sie-zycie-kawy\/","title":{"rendered":"Kawowy upcykling: co to jest i kiedy ko\u0144czy si\u0119 \u017cycie kawy?"},"content":{"rendered":"<p><big><strong>Jest rok 2010. W centrum Warszawy dziennikarka radiowa zaczepia mnie na ulicy pytaj\u0105c, czy wiem czym jest <i>upcykling<\/i>. Zawstydzona uciekam w pop\u0142ochu, chocia\u017c jestem przekonana, \u017ce etymologia tego s\u0142owa nie mo\u017ce by\u0107 skomplikowana \u2013 to jak recykling, ale zamiast powraca\u0107 w tej samej postaci, surowiec zyskuje na warto\u015bci w kolejnym \u017cyciu, prawda? Moda na przerabianie by\u0142a wtedy wszechobecna. Dziesi\u0119\u0107 lat temu ka\u017cdy chcia\u0142 by\u0107 cz\u0119\u015bci\u0105 zrywu i samodzielnie co\u015b <i>zupcyklowa\u0107<\/i>, a symbolem tego okresu samozwa\u0144czo mianuj\u0119 \u0142\u00f3\u017cko z palet. Dzi\u015b jednak oczekujemy wi\u0119kszych, systemowych rozwi\u0105za\u0144. Czy kawowy biznes nad\u0105\u017ca za tym trendem? Czy raczej \u017cycie kawy ko\u0144czy si\u0119 z ostatnim \u0142ykiem w fili\u017cance? Odpowied\u017a znajdziemy w&#8230; fusach (i wcale nie mam zamiaru z nich wr\u00f3\u017cy\u0107). Co mo\u017cna zrobi\u0107 z fusami po kawie? Oto przyk\u0142ady kawowego upcyklingu!<\/strong><\/big><\/p>\n<h2 id=\"przetwarzanie-i-nadtwarzanie\">Przetwarzanie i <em>nadtwarzanie<\/em><\/h2>\n<p><span style=\"font-weight: 400;\">W miar\u0119 jak kryzys \u015brodowiskowy zbli\u017ca nas do przepa\u015bci, \u015bwiadomo\u015b\u0107 konsument\u00f3w na temat ekologii i \u017cycia <\/span><a href=\"https:\/\/www.coffeedesk.pl\/blog\/kawowe-less-waste\/\" target=\"_blank\" rel=\"noopener noreferrer\"><span style=\"font-weight: 400;\">less waste<\/span><\/a><span style=\"font-weight: 400;\"> ro\u015bnie (chocia\u017c nie zawsze pod\u0105\u017caj\u0105 za ni\u0105 czyny). A co zrobi\u0107 z fusami z kawy? Dla wi\u0119kszo\u015bci smakoszy rozprawienie si\u0119 z kawowymi odpadkami nie jest niczym skomplikowanym \u2013 niepotrzebne fusy l\u0105duj\u0105 \u201cw bio\u201d. Zagwozdka pojawia si\u0119 wtedy, gdy przyjrzymy si\u0119 temu potencjalnemu surowcowi w wi\u0119kszej skali \u2013 na przyk\u0142ad w skali <\/span><a href=\"https:\/\/www.coffeedesk.pl\/blog\/kawiarnia-less-waste-w-12-krokach\/\" target=\"_blank\" rel=\"noopener noreferrer\"><span style=\"font-weight: 400;\">kawiarni<\/span><\/a><span style=\"font-weight: 400;\">. Jeden dzie\u0144 pracy lubianej i ucz\u0119szczanej kawiarni to ok. 5 kg kawowych fus\u00f3w. Je\u015bli wi\u0119c we\u017amiemy pod uwag\u0119 wszystkie kawiarnie dzia\u0142aj\u0105ce w jednym mie\u015bcie, ilo\u015b\u0107 fus\u00f3w pozosta\u0142ych po parzeniu kawy z jednego miesi\u0105ca mo\u017cemy mierzy\u0107 w tonach.\u00a0<\/span><\/p>\n<p><span style=\"font-weight: 400;\">Okazuje si\u0119, \u017ce za du\u017c\u0105 ilo\u015bci\u0105 pod\u0105\u017ca te\u017c wysoki potencja\u0142 tkwi\u0105cy w kawowych fusach, a to sprawia, \u017ce produkt uboczny procesu parzenia zyskuje na warto\u015bci sam w sobie. Najlepiej \u015bwiadczy\u0107 mog\u0105 o tym kolejne firmy prze\u015bcigaj\u0105ce si\u0119 w jej innowacyjnych zastosowaniach. <\/span><b>Nie tylko napijemy si\u0119 <\/b><a href=\"https:\/\/www.coffeedesk.pl\/kawa\/\" target=\"_blank\" rel=\"noopener noreferrer\"><b>kawy<\/b><\/a><b> w kubku z kawowych fus\u00f3w, przez \u201ckawow\u0105\u201d s\u0142omk\u0119, ale zrobimy to w kuchni wyko\u0144czonej \u201ckawowymi\u201d p\u0142ytkami i o\u015bwietleniem, ubrani od st\u00f3p do g\u0142\u00f3w w kaw\u0119. To wszystko w pomieszczeniu ogrzewanym kaw\u0105, oczywi\u015bcie.<\/b><span style=\"font-weight: 400;\"> Zaskoczeni? Zacznijmy od pocz\u0105tku i pochylmy si\u0119 nad upcyklingiem!<\/span><\/p>\n<figure id=\"attachment_14146\" aria-describedby=\"caption-attachment-14146\" style=\"width: 800px\" class=\"wp-caption aligncenter\"><img  loading=\"lazy\"  decoding=\"async\"  class=\"wp-image-14146 size-medium pk-lazyload\"  src=\"data:image\/png;base64,iVBORw0KGgoAAAANSUhEUgAAAyAAAAIWAQMAAACV6nsvAAAAA1BMVEUAAP+KeNJXAAAAAXRSTlMAQObYZgAAAAlwSFlzAAAOxAAADsQBlSsOGwAAAEtJREFUeNrtwTEBAAAAwqD1T+1pCaAAAAAAAAAAAAAAAAAAAAAAAAAAAAAAAAAAAAAAAAAAAAAAAAAAAAAAAAAAAAAAAAAAAAAAuAHSrgABEsIc4AAAAABJRU5ErkJggg==\"  alt=\"Kubek z upcyklingu Kaffee Form \"  width=\"800\"  height=\"534\"  data-pk-sizes=\"auto\"  data-ls-sizes=\"auto, (max-width: 800px) 100vw, 800px\"  data-pk-src=\"https:\/\/www.coffeedesk.pl\/blog\/wp-content\/uploads\/2021\/03\/Kaffeeform_Weducer-Cup_1590-EUR_10-800x534.jpg\"  data-pk-srcset=\"https:\/\/www.coffeedesk.pl\/blog\/wp-content\/uploads\/2021\/03\/Kaffeeform_Weducer-Cup_1590-EUR_10-800x534.jpg 800w, https:\/\/www.coffeedesk.pl\/blog\/wp-content\/uploads\/2021\/03\/Kaffeeform_Weducer-Cup_1590-EUR_10-1160x774.jpg 1160w, https:\/\/www.coffeedesk.pl\/blog\/wp-content\/uploads\/2021\/03\/Kaffeeform_Weducer-Cup_1590-EUR_10-1536x1025.jpg 1536w, https:\/\/www.coffeedesk.pl\/blog\/wp-content\/uploads\/2021\/03\/Kaffeeform_Weducer-Cup_1590-EUR_10-2048x1367.jpg 2048w, https:\/\/www.coffeedesk.pl\/blog\/wp-content\/uploads\/2021\/03\/Kaffeeform_Weducer-Cup_1590-EUR_10-320x214.jpg 320w, https:\/\/www.coffeedesk.pl\/blog\/wp-content\/uploads\/2021\/03\/Kaffeeform_Weducer-Cup_1590-EUR_10-560x374.jpg 560w, https:\/\/www.coffeedesk.pl\/blog\/wp-content\/uploads\/2021\/03\/Kaffeeform_Weducer-Cup_1590-EUR_10-1920x1281.jpg 1920w, https:\/\/www.coffeedesk.pl\/blog\/wp-content\/uploads\/2021\/03\/Kaffeeform_Weducer-Cup_1590-EUR_10-scaled.jpg 2560w\" ><figcaption id=\"caption-attachment-14146\" class=\"wp-caption-text\">Weducer Cup, <a href=\"http:\/\/www.kaffeeform.com\/\" target=\"_blank\" rel=\"noopener nofollow noreferrer\">Kaffee Form<\/a>. \/ \u0179r\u00f3d\u0142o: Materia\u0142y prasowe<\/figcaption><\/figure>\n<h2 id=\"kawa-w-kawie\">Kawa w kawie<\/h2>\n<h3 id=\"kaffeeform\"><a href=\"https:\/\/www.kaffeeform.com\/en\/\" target=\"_blank\" rel=\"noopener nofollow noreferrer\"><span style=\"font-weight: 400;\">Kaffeeform<\/span><\/a><\/h3>\n<p><span style=\"font-weight: 400;\">Jednorazowe naczynia to realny problem w produkcji \u015bmieci, dlatego wiele kawiarni zach\u0119ca do korzystania z <\/span><a href=\"https:\/\/www.coffeedesk.pl\/akcesoria\/kubki-termiczne\/\" target=\"_blank\" rel=\"noopener noreferrer\"><span style=\"font-weight: 400;\">wielorazowych kubk\u00f3w<\/span><\/a><span style=\"font-weight: 400;\"> \u2013 oferuj\u0105c np. zni\u017ck\u0119 na kaw\u0119 za przyj\u015bcie z w\u0142asnym kubkiem. Warto wi\u0119c rozwa\u017cy\u0107 taki zakup, nawet je\u015bli kawiarnie odwiedzamy nie cz\u0119\u015bciej ni\u017c raz w tygodniu. W tym kontek\u015bcie pomys\u0142 Juliana Lechnera, za\u0142o\u017cyciela i product designera Kaffee Form, to istna rewolucja \u2013 ten wielorazowy kubek na kaw\u0119 wykonany jest z\u2026 kawy. Jak dzia\u0142a ten przyk\u0142ad upcyklingu?\u00a0<\/span><\/p>\n<figure id=\"attachment_14148\" aria-describedby=\"caption-attachment-14148\" style=\"width: 800px\" class=\"wp-caption aligncenter\"><img  loading=\"lazy\"  decoding=\"async\"  class=\"wp-image-14148 size-medium pk-lazyload\"  src=\"data:image\/png;base64,iVBORw0KGgoAAAANSUhEUgAAAyAAAAIWAQMAAACV6nsvAAAAA1BMVEUAAP+KeNJXAAAAAXRSTlMAQObYZgAAAAlwSFlzAAAOxAAADsQBlSsOGwAAAEtJREFUeNrtwTEBAAAAwqD1T+1pCaAAAAAAAAAAAAAAAAAAAAAAAAAAAAAAAAAAAAAAAAAAAAAAAAAAAAAAAAAAAAAAAAAAAAAAuAHSrgABEsIc4AAAAABJRU5ErkJggg==\"  alt=\"Kawa na wynos w kubku z kawowych fus\u00f3w\"  width=\"800\"  height=\"534\"  data-pk-sizes=\"auto\"  data-ls-sizes=\"auto, (max-width: 800px) 100vw, 800px\"  data-pk-src=\"https:\/\/www.coffeedesk.pl\/blog\/wp-content\/uploads\/2021\/03\/Kaffeeform_Weducer-Cup_1590-EUR_7-800x534.jpg\"  data-pk-srcset=\"https:\/\/www.coffeedesk.pl\/blog\/wp-content\/uploads\/2021\/03\/Kaffeeform_Weducer-Cup_1590-EUR_7-800x534.jpg 800w, https:\/\/www.coffeedesk.pl\/blog\/wp-content\/uploads\/2021\/03\/Kaffeeform_Weducer-Cup_1590-EUR_7-1160x774.jpg 1160w, https:\/\/www.coffeedesk.pl\/blog\/wp-content\/uploads\/2021\/03\/Kaffeeform_Weducer-Cup_1590-EUR_7-1536x1025.jpg 1536w, https:\/\/www.coffeedesk.pl\/blog\/wp-content\/uploads\/2021\/03\/Kaffeeform_Weducer-Cup_1590-EUR_7-320x214.jpg 320w, https:\/\/www.coffeedesk.pl\/blog\/wp-content\/uploads\/2021\/03\/Kaffeeform_Weducer-Cup_1590-EUR_7-560x374.jpg 560w, https:\/\/www.coffeedesk.pl\/blog\/wp-content\/uploads\/2021\/03\/Kaffeeform_Weducer-Cup_1590-EUR_7-1920x1282.jpg 1920w, https:\/\/www.coffeedesk.pl\/blog\/wp-content\/uploads\/2021\/03\/Kaffeeform_Weducer-Cup_1590-EUR_7.jpg 2000w\" ><figcaption id=\"caption-attachment-14148\" class=\"wp-caption-text\">Weducer Cup, <a href=\"http:\/\/www.kaffeeform.com\/\" target=\"_blank\" rel=\"noopener nofollow noreferrer\">Kaffee Form<\/a> \/ \u0179r\u00f3d\u0142o: Materia\u0142y prasowe<\/figcaption><\/figure>\n<p><span style=\"font-weight: 400;\">Po pierwsze: lokalnie. Firma dzia\u0142a w Berlinie, gdzie kurierzy rowerowi zbieraj\u0105 kawowe odpadki z partnerskich kawiarni. Trafiaj\u0105 one do warsztatu, gdzie s\u0105 suszone i konserwowane, a nast\u0119pnie w ma\u0142ych fabrykach w Niemczech przetwarzane na materia\u0142 i formowane w kubki z fus\u00f3w po kawie. Kawowe fusy s\u0105 przy produkcji wzbogacone o cz\u0105stki drewna i utwardzone biopolimerami. S\u0105 lekkie, ale wytrzyma\u0142e, mo\u017cna te\u017c my\u0107 je w zmywarce. Gotowe kubki trafiaj\u0105 do kawiarni i do r\u0105k kawoszy, a ostatecznie wype\u0142niaj\u0105 si\u0119 kawowym napojem, i ko\u0142o si\u0119 zamyka. Pi\u0119kne!\u00a0<\/span><\/p>\n<h2 id=\"nowe-swiatlo-na-kawowy-upcykling-kolejne-przyklady-upcyklingu\">Nowe \u015bwiat\u0142o na kawowy upcykling <strong>\u2013 kolejne przyk\u0142ady upcyklingu<\/strong><\/h2>\n<h3 id=\"decafe-thats-caffeine\"><span style=\"font-weight: 400;\"><a href=\"https:\/\/www.decafe.es\/\" target=\"_blank\" rel=\"noopener nofollow noreferrer\">Decaf\u00e9<\/a> | <a href=\"https:\/\/www.atticusdurnell.com\/thats-caffeine\" target=\"_blank\" rel=\"noopener nofollow noreferrer\">That\u2019s caffeine<\/a><\/span><\/h3>\n<p><span style=\"font-weight: 400;\">Je\u015bli powiem, \u017ce podobna misja <\/span><i><span style=\"font-weight: 400;\">przy\u015bwieca<\/span><\/i><span style=\"font-weight: 400;\"> za\u0142o\u017cycielom marek <a href=\"https:\/\/www.decafe.es\/\" target=\"_blank\" rel=\"noopener nofollow noreferrer\">Decaf\u00e9<\/a> i <a href=\"https:\/\/www.atticusdurnell.com\/thats-caffeine\" target=\"_blank\" rel=\"noopener nofollow noreferrer\">That\u2019s caffeine<\/a>, mo\u017cna potraktowa\u0107 to zdanie bardzo dos\u0142ownie. Obie marki z tworzywa na bazie <\/span><a href=\"https:\/\/www.coffeedesk.pl\/kawa\/\" target=\"_blank\" rel=\"noopener noreferrer\"><span style=\"font-weight: 400;\">kawy<\/span><\/a><span style=\"font-weight: 400;\"> tworz\u0105 wyj\u0105tkowe o\u015bwietlenie, a konkretnie klosze i podstawy lamp.\u00a0<\/span><\/p>\n<p><span style=\"font-weight: 400;\">Ra\u00fal Laur\u00ed i M\u00f3nica Serrano z decaf\u00e9 swoim projektom przekazuj\u0105 jak najwi\u0119cej z do\u015bwiadczenia picia kawy, mo\u017cemy wi\u0119c oczekiwa\u0107 szczeg\u00f3lnego zapachu i faktury przedmiot\u00f3w. Lampy, ale te\u017c akcesoria, takie jak misy czy dekoracyjne pojemniki, powstaj\u0105 w Hiszpanii. Fusy pozyskiwane s\u0105 z lokalnych kawiarni, w procesie produkcji \u0142\u0105czone z naturalnymi spoiwami, formowane pod wp\u0142ywem ci\u015bnienia i temperatury, a na koniec poddawane wyko\u0144czeniu.\u00a0<\/span><\/p>\n<figure id=\"attachment_14169\" aria-describedby=\"caption-attachment-14169\" style=\"width: 800px\" class=\"wp-caption aligncenter\"><img  loading=\"lazy\"  decoding=\"async\"  class=\"wp-image-14169 size-medium pk-lazyload\"  src=\"data:image\/png;base64,iVBORw0KGgoAAAANSUhEUgAAAyAAAAHCAQMAAAAtrT+LAAAAA1BMVEUAAP+KeNJXAAAAAXRSTlMAQObYZgAAAAlwSFlzAAAOxAAADsQBlSsOGwAAAENJREFUeNrtwYEAAAAAw6D5U1\/hAFUBAAAAAAAAAAAAAAAAAAAAAAAAAAAAAAAAAAAAAAAAAAAAAAAAAAAAAAAAALwGsYoAAaRlbhAAAAAASUVORK5CYII=\"  alt=\"Lampy Koji S z kawowego materia\u0142u, marka Decafe\"  width=\"800\"  height=\"450\"  data-pk-sizes=\"auto\"  data-ls-sizes=\"auto, (max-width: 800px) 100vw, 800px\"  data-pk-src=\"https:\/\/www.coffeedesk.pl\/blog\/wp-content\/uploads\/2021\/03\/KojiS02-800x450.jpg\"  data-pk-srcset=\"https:\/\/www.coffeedesk.pl\/blog\/wp-content\/uploads\/2021\/03\/KojiS02-800x450.jpg 800w, https:\/\/www.coffeedesk.pl\/blog\/wp-content\/uploads\/2021\/03\/KojiS02-1160x652.jpg 1160w, https:\/\/www.coffeedesk.pl\/blog\/wp-content\/uploads\/2021\/03\/KojiS02-1536x864.jpg 1536w, https:\/\/www.coffeedesk.pl\/blog\/wp-content\/uploads\/2021\/03\/KojiS02-320x180.jpg 320w, https:\/\/www.coffeedesk.pl\/blog\/wp-content\/uploads\/2021\/03\/KojiS02-560x315.jpg 560w, https:\/\/www.coffeedesk.pl\/blog\/wp-content\/uploads\/2021\/03\/KojiS02.jpg 1766w\" ><figcaption id=\"caption-attachment-14169\" class=\"wp-caption-text\">Lampy Koji S, <a href=\"http:\/\/www.decafe.es\/\" target=\"_blank\" rel=\"noopener nofollow noreferrer\">Decaf\u00e9<\/a> \/ \u017br\u00f3d\u0142o: Materia\u0142y prasowe<\/figcaption><\/figure>\n<figure id=\"attachment_14171\" aria-describedby=\"caption-attachment-14171\" style=\"width: 800px\" class=\"wp-caption aligncenter\"><img  loading=\"lazy\"  decoding=\"async\"  class=\"wp-image-14171 size-medium pk-lazyload\"  src=\"data:image\/png;base64,iVBORw0KGgoAAAANSUhEUgAAAyAAAAJYAQMAAACguBAzAAAAA1BMVEUAAP+KeNJXAAAAAXRSTlMAQObYZgAAAAlwSFlzAAAOxAAADsQBlSsOGwAAAFFJREFUeNrtwQENAAAAwqD3T20PBxQAAAAAAAAAAAAAAAAAAAAAAAAAAAAAAAAAAAAAAAAAAAAAAAAAAAAAAAAAAAAAAAAAAAAAAAAAAAAA\/BvsuAABScsP0QAAAABJRU5ErkJggg==\"  alt=\"Ciep\u0142e \u015bwiat\u0142o lamp Koji S marki Decafe\"  width=\"800\"  height=\"600\"  data-pk-sizes=\"auto\"  data-ls-sizes=\"auto, (max-width: 800px) 100vw, 800px\"  data-pk-src=\"https:\/\/www.coffeedesk.pl\/blog\/wp-content\/uploads\/2021\/03\/DSC03956mini-800x600.jpg\"  data-pk-srcset=\"https:\/\/www.coffeedesk.pl\/blog\/wp-content\/uploads\/2021\/03\/DSC03956mini-800x600.jpg 800w, https:\/\/www.coffeedesk.pl\/blog\/wp-content\/uploads\/2021\/03\/DSC03956mini-1160x870.jpg 1160w, https:\/\/www.coffeedesk.pl\/blog\/wp-content\/uploads\/2021\/03\/DSC03956mini-320x240.jpg 320w, https:\/\/www.coffeedesk.pl\/blog\/wp-content\/uploads\/2021\/03\/DSC03956mini-1536x1152.jpg 1536w, https:\/\/www.coffeedesk.pl\/blog\/wp-content\/uploads\/2021\/03\/DSC03956mini-300x225.jpg 300w, https:\/\/www.coffeedesk.pl\/blog\/wp-content\/uploads\/2021\/03\/DSC03956mini-560x420.jpg 560w, https:\/\/www.coffeedesk.pl\/blog\/wp-content\/uploads\/2021\/03\/DSC03956mini.jpg 1632w\" ><figcaption id=\"caption-attachment-14171\" class=\"wp-caption-text\">Lampy Koji S, <a href=\"http:\/\/www.decafe.es\/\" target=\"_blank\" rel=\"noopener nofollow noreferrer\">Decaf\u00e9<\/a> \/ \u017br\u00f3d\u0142o: Materia\u0142y prasowe<\/figcaption><\/figure>\n<p><span style=\"font-weight: 400;\">That\u2019s caffeine powsta\u0142o jako studencki projekt Atticusa Durnella i jest kolejn\u0105 odpowiedzi\u0105 na to, co to jest upcykling. Materia\u0142 przypominaj\u0105cy granit, ale znacznie l\u017cejszy i biodegradowalny, zosta\u0142 p\u00f3\u017aniej doceniony nagrod\u0105 Design Guild Mark w 2018 r., a to tylko doda\u0142o brytyjskiemu projektantowi wiatru w \u017cagle. Efekt? Kawowe lampy, kawowe p\u0142ytki z zastosowaniem w wyko\u0144czeniu wn\u0119trz, a w przysz\u0142o\u015bci&#8230; blaty, a nawet cz\u0119\u015bci dach\u00f3w. Sky is the limit \u2013 dos\u0142ownie.\u00a0<\/span><\/p>\n<h2 id=\"fusy-od-podszewki-czyli-co-zrobic-z-fusami-od-kawy\">Fusy od podszewki<strong>, czyli co zrobi\u0107 z fusami od kawy<\/strong><\/h2>\n<h3 id=\"s-cafe-nat-2\"><span style=\"font-weight: 400;\"><a href=\"http:\/\/www.singtex.com\/en-global\/technology\/brand\" target=\"_blank\" rel=\"noopener nofollow noreferrer\">S.Caf\u00e9\u00ae<\/a> | <a href=\"https:\/\/nat-2.eu\/collections\/nat-2-coffee-line\/\" target=\"_blank\" rel=\"noopener nofollow noreferrer\">Nat-2<\/a><\/span><\/h3>\n<p><span style=\"font-weight: 400;\">S\u0105 firmy, kt\u00f3re kaw\u0119 pozna\u0142y od podszewki. <a href=\"http:\/\/www.singtex.com\/en-global\/technology\/brand\" target=\"_blank\" rel=\"noopener nofollow noreferrer\">Singtex<\/a> to tajwa\u0144ski producent zaawansowanych technologicznie tekstyli\u00f3w, kt\u00f3ry koncentruje si\u0119 na innowacjach w przemys\u0142owej produkcji dla ochrony przyrody. Jednym z wynalazk\u00f3w tej firmy jest S.Caf\u00e9\u00ae, przyjazna \u015brodowisku kawowa prz\u0119dza produkowana ze zu\u017cytej kawy i plastikowych butelek z recyklingu. Materia\u0142 z tej prz\u0119dzy ma m.in. w\u0142a\u015bciwo\u015bci maskuj\u0105ce nieprzyjemne zapachy, szybko schnie i zatrzymuje promienie UV. Je\u015bli my\u015blicie, \u017ce ta nowinka tekstylna zatrzyma\u0142a si\u0119 w Azji, jeste\u015bcie w b\u0142\u0119dzie \u2013 S.Caf\u00e9\u00ae w swoich liniach ubra\u0144 wykorzystuj\u0105 m.in. The North Face, Timberland czy Holden.<\/span><\/p>\n<p><iframe loading=\"lazy\" src=\"https:\/\/www.youtube.com\/embed\/3DxLYeba5lI\" width=\"560\" height=\"315\" frameborder=\"0\" allowfullscreen=\"allowfullscreen\"><\/iframe><\/p>\n<p><span style=\"font-weight: 400;\">Dla tych, kt\u00f3rym marzy si\u0119 ubra\u0107 w kaw\u0119 od st\u00f3p do g\u0142\u00f3w \u2013 marka <a href=\"https:\/\/nat-2.eu\/collections\/nat-2-coffee-line\/\" target=\"_blank\" rel=\"noopener nofollow noreferrer\">Nat-2<\/a> stworzy\u0142a buty wykonane cz\u0119\u015bciowo z materia\u0142u powsta\u0142ego z kawy. Materia\u0142 ten pokrywa ok. 50% buta, jest przyjemny w dotyku i ma delikatn\u0105, ziarnist\u0105 faktur\u0119, oraz.. lekki kawowy zapach. Idealne nie tylko na spacer do kawiarni.\u00a0<\/span><\/p>\n<h2 id=\"jeszcze-wiecej-ciepla-z-kawy\">Jeszcze wi\u0119cej ciep\u0142a z kawy<\/h2>\n<h3 id=\"bio-bean-ecobean\"><span style=\"font-weight: 400;\"><a href=\"https:\/\/www.bio-bean.com\/\" target=\"_blank\" rel=\"noopener nofollow noreferrer\">Bio-Bean<\/a> | <a href=\"http:\/\/ecobean.pl\/start-pl\/\" target=\"_blank\" rel=\"noopener nofollow noreferrer\">Ecobean<\/a><\/span><\/h3>\n<p><span style=\"font-weight: 400;\">Najbardziej <\/span><i><span style=\"font-weight: 400;\">gor\u0105cy<\/span><\/i><span style=\"font-weight: 400;\"> temat zwi\u0105zany z upcyklingiem kawy zostawi\u0142am na koniec. W pogoni za alternatywnymi \u017ar\u00f3d\u0142ami energii, kawa okazuje si\u0119 interesuj\u0105cym surowcem. <a href=\"https:\/\/www.bio-bean.com\/\" target=\"_blank\" rel=\"noopener nofollow noreferrer\">Bio-Bean<\/a> przetwarza fusy pozyskiwane od kawiarni i du\u017cych korporacji m.in. na kawowy pellet \u2013 alternatyw\u0119 dla w\u0119gla. Ta brytyjska firma jest najwi\u0119kszym na \u015bwiecie przetw\u00f3rc\u0105 kawowych fus\u00f3w i dzi\u0119ki swojemu dobremu wp\u0142ywowi na \u015brodowisko posiada certyfikat \u201cB Corporation\u201d. Paliwo Bio-Bean nie tylko jest bardziej ekologiczne, ale ma te\u017c wy\u017csz\u0105 kaloryczno\u015b\u0107 ni\u017c tradycyjny pellet \u2013 czyli daje po prostu wi\u0119cej ciep\u0142a.\u00a0<\/span><\/p>\n<p><iframe loading=\"lazy\" title=\"Embedded post\" src=\"https:\/\/www.linkedin.com\/embed\/feed\/update\/urn:li:ugcPost:6767427381109104641\" width=\"504\" height=\"710\" frameborder=\"0\" allowfullscreen=\"allowfullscreen\"><\/iframe><\/p>\n<p><span style=\"font-weight: 400;\">Na rodzimym rynku r\u00f3wnie\u017c mamy si\u0119 czym pochwali\u0107. Projekt <a href=\"http:\/\/ecobean.pl\/start-pl\/\" target=\"_blank\" rel=\"noopener nofollow noreferrer\">Ecobean<\/a> z Politechniki Warszawskiej zu\u017cyt\u0105 kaw\u0119 przetwarza na ekologiczny brykiet, a we wsp\u00f3\u0142pracy z jedn\u0105 z du\u017cych, sieciowych kawiarni planuj\u0105 te\u017c wprowadzi\u0107 do u\u017cytku ekologiczne s\u0142omki wykonane z kawowego materia\u0142u. Wed\u0142ug oblicze\u0144 firmy \u2013 roczne odpady kawowe ze 100 kawiarni to 500 000 opakowa\u0144 brykietu Ecobean, a w efekcie 100 000 spotka\u0144 przy grillu. Win-win!<\/span><\/p>\n<h2 id=\"co-to-upcykling-czy-chodzilo-ci-o-recykling\">Co to upcykling? \u201cCzy chodzi\u0142o Ci o: Recykling?\u201d<\/h2>\n<p><span style=\"font-weight: 400;\">Od momentu, w kt\u00f3rym poj\u0119cie \u201cupcykling\u201d i co to jest na szersz\u0105 skal\u0119 ujrza\u0142o \u015bwiat\u0142o dzienne, min\u0119\u0142o ju\u017c 19 lat. Rozwi\u0105za\u0144, kt\u00f3re w innowacyjny spos\u00f3b podchodz\u0105 do przetw\u00f3rstwa \u2013 kawy, i nie tylko \u2013 jest na \u015bwiecie coraz wi\u0119cej, ale wci\u0105\u017c traktujemy je jako ciekawostki. Wszystko wskazuje jednak na to, \u017ce ju\u017c wkr\u00f3tce b\u0119dziemy zmuszeni korzysta\u0107 wy\u0142\u0105cznie z takich \u201calternatywnych\u201d surowc\u00f3w.\u00a0<\/span><\/p>\n<p><span style=\"font-weight: 400;\">Kiedy wi\u0119c pytam Google o \u201cupcykling\u201d, a <\/span><i><span style=\"font-weight: 400;\">on<\/span><\/i><span style=\"font-weight: 400;\"> zbywa mnie pytaniem, czy chodzi\u0142o mi o \u201crecykling\u201d, my\u015bl\u0119 \u2013 najwy\u017csza pora, by si\u0119 zaktualizowa\u0107.<\/span><\/p>\n","protected":false},"excerpt":{"rendered":"<div class=\"post-excerpt\">Jest rok 2010. W centrum Warszawy dziennikarka radiowa zaczepia mnie na ulicy pytaj\u0105c, czy wiem czym jest upcykling. Zawstydzona uciekam w pop\u0142ochu, chocia\u017c jestem przekonana, \u017ce etymologia tego s\u0142owa nie&hellip;<\/div>\n<div class=\"post-more\"><a href=\"https:\/\/www.coffeedesk.pl\/blog\/kawowy-upcykling-kiedy-konczy-sie-zycie-kawy\/\" class=\"button button-primary button-effect\"><span>Czytaj wpis<\/span><span><i class=\"cs-icon cs-icon-arrow-right\"><\/i><\/span><\/a><\/div>\n","protected":false},"author":64,"featured_media":14152,"comment_status":"open","ping_status":"open","sticky":false,"template":"","format":"standard","meta":{"_acf_changed":false,"footnotes":""},"categories":[50,34,47],"tags":[71,1282],"powerkit_post_featured":[],"class_list":{"0":"post-14145","1":"post","2":"type-post","3":"status-publish","4":"format-standard","5":"has-post-thumbnail","7":"category-design","8":"category-kawa","9":"category-lifestyle","10":"tag-kawa","11":"tag-less-waste"},"acf":[],"author_display_name":"Zuza Raubo","author_url":"https:\/\/www.coffeedesk.pl\/blog\/author\/zuza-raubo\/","featured_image":"https:\/\/www.coffeedesk.pl\/blog\/wp-content\/uploads\/2021\/03\/Kaffeeform-Tassen-aus-Kaffeesatz-Detail-2-800x534.jpg","post_tags":["kawa","less waste"],"post_categories":["Design","Kawa","Lifestyle"],"yoast_head":"<!-- This site is optimized with the Yoast SEO plugin v27.4 - https:\/\/yoast.com\/product\/yoast-seo-wordpress\/ -->\n<title>Upcykling kawy: kiedy ko\u0144czy si\u0119 jej \u017cycie? - Blog Coffeedesk.pl<\/title>\n<meta name=\"description\" content=\"Czy \u017cycie kawy musi ko\u0144czy\u0107 si\u0119 z ostatnim \u0142ykiem w fili\u017cance? Nie! Poznaj marki, kt\u00f3re przetwarzaj\u0105 kawowe odpadki na wyj\u0105tkowe przedmioty.\" \/>\n<meta name=\"robots\" content=\"index, follow, max-snippet:-1, max-image-preview:large, max-video-preview:-1\" \/>\n<link rel=\"canonical\" href=\"https:\/\/www.coffeedesk.pl\/blog\/kawowy-upcykling-kiedy-konczy-sie-zycie-kawy\/\" \/>\n<meta property=\"og:locale\" content=\"pl_PL\" \/>\n<meta property=\"og:type\" content=\"article\" \/>\n<meta property=\"og:title\" content=\"Upcykling kawy: kiedy ko\u0144czy si\u0119 jej \u017cycie? - Blog Coffeedesk.pl\" \/>\n<meta property=\"og:description\" content=\"Czy \u017cycie kawy musi ko\u0144czy\u0107 si\u0119 z ostatnim \u0142ykiem w fili\u017cance? Nie! Poznaj marki, kt\u00f3re przetwarzaj\u0105 kawowe odpadki na wyj\u0105tkowe przedmioty.\" \/>\n<meta property=\"og:url\" content=\"https:\/\/www.coffeedesk.pl\/blog\/kawowy-upcykling-kiedy-konczy-sie-zycie-kawy\/\" \/>\n<meta property=\"og:site_name\" content=\"Blog Coffeedesk.pl\" \/>\n<meta property=\"article:published_time\" content=\"2021-03-09T11:43:32+00:00\" \/>\n<meta property=\"article:modified_time\" content=\"2022-07-26T15:20:55+00:00\" \/>\n<meta property=\"og:image\" content=\"https:\/\/www.coffeedesk.pl\/blog\/wp-content\/uploads\/2021\/03\/Kaffeeform-Tassen-aus-Kaffeesatz-Detail-2-scaled.jpg\" \/>\n\t<meta property=\"og:image:width\" content=\"2560\" \/>\n\t<meta property=\"og:image:height\" content=\"1709\" \/>\n\t<meta property=\"og:image:type\" content=\"image\/jpeg\" \/>\n<meta name=\"author\" content=\"Zuza Raubo\" \/>\n<meta name=\"twitter:card\" content=\"summary_large_image\" \/>\n<meta name=\"twitter:label1\" content=\"Napisane przez\" \/>\n\t<meta name=\"twitter:data1\" content=\"Zuza Raubo\" \/>\n\t<meta name=\"twitter:label2\" content=\"Szacowany czas czytania\" \/>\n\t<meta name=\"twitter:data2\" content=\"8 minut\" \/>\n<script type=\"application\/ld+json\" class=\"yoast-schema-graph\">{\"@context\":\"https:\\\/\\\/schema.org\",\"@graph\":[{\"@type\":\"Article\",\"@id\":\"https:\\\/\\\/www.coffeedesk.pl\\\/blog\\\/kawowy-upcykling-kiedy-konczy-sie-zycie-kawy\\\/#article\",\"isPartOf\":{\"@id\":\"https:\\\/\\\/www.coffeedesk.pl\\\/blog\\\/kawowy-upcykling-kiedy-konczy-sie-zycie-kawy\\\/\"},\"author\":{\"name\":\"Zuza Raubo\",\"@id\":\"https:\\\/\\\/www.coffeedesk.pl\\\/blog\\\/#\\\/schema\\\/person\\\/c2d79a9264735066d5b429de11d73800\"},\"headline\":\"Kawowy upcykling: co to jest i kiedy ko\u0144czy si\u0119 \u017cycie kawy?\",\"datePublished\":\"2021-03-09T11:43:32+00:00\",\"dateModified\":\"2022-07-26T15:20:55+00:00\",\"mainEntityOfPage\":{\"@id\":\"https:\\\/\\\/www.coffeedesk.pl\\\/blog\\\/kawowy-upcykling-kiedy-konczy-sie-zycie-kawy\\\/\"},\"wordCount\":1304,\"commentCount\":0,\"publisher\":{\"@id\":\"https:\\\/\\\/www.coffeedesk.pl\\\/blog\\\/#organization\"},\"image\":{\"@id\":\"https:\\\/\\\/www.coffeedesk.pl\\\/blog\\\/kawowy-upcykling-kiedy-konczy-sie-zycie-kawy\\\/#primaryimage\"},\"thumbnailUrl\":\"https:\\\/\\\/www.coffeedesk.pl\\\/blog\\\/wp-content\\\/uploads\\\/2021\\\/03\\\/Kaffeeform-Tassen-aus-Kaffeesatz-Detail-2-scaled.jpg\",\"keywords\":[\"kawa\",\"less waste\"],\"articleSection\":[\"Design\",\"Kawa\",\"Lifestyle\"],\"inLanguage\":\"pl-PL\",\"potentialAction\":[{\"@type\":\"CommentAction\",\"name\":\"Comment\",\"target\":[\"https:\\\/\\\/www.coffeedesk.pl\\\/blog\\\/kawowy-upcykling-kiedy-konczy-sie-zycie-kawy\\\/#respond\"]}]},{\"@type\":\"WebPage\",\"@id\":\"https:\\\/\\\/www.coffeedesk.pl\\\/blog\\\/kawowy-upcykling-kiedy-konczy-sie-zycie-kawy\\\/\",\"url\":\"https:\\\/\\\/www.coffeedesk.pl\\\/blog\\\/kawowy-upcykling-kiedy-konczy-sie-zycie-kawy\\\/\",\"name\":\"Upcykling kawy: kiedy ko\u0144czy si\u0119 jej \u017cycie? - Blog Coffeedesk.pl\",\"isPartOf\":{\"@id\":\"https:\\\/\\\/www.coffeedesk.pl\\\/blog\\\/#website\"},\"primaryImageOfPage\":{\"@id\":\"https:\\\/\\\/www.coffeedesk.pl\\\/blog\\\/kawowy-upcykling-kiedy-konczy-sie-zycie-kawy\\\/#primaryimage\"},\"image\":{\"@id\":\"https:\\\/\\\/www.coffeedesk.pl\\\/blog\\\/kawowy-upcykling-kiedy-konczy-sie-zycie-kawy\\\/#primaryimage\"},\"thumbnailUrl\":\"https:\\\/\\\/www.coffeedesk.pl\\\/blog\\\/wp-content\\\/uploads\\\/2021\\\/03\\\/Kaffeeform-Tassen-aus-Kaffeesatz-Detail-2-scaled.jpg\",\"datePublished\":\"2021-03-09T11:43:32+00:00\",\"dateModified\":\"2022-07-26T15:20:55+00:00\",\"description\":\"Czy \u017cycie kawy musi ko\u0144czy\u0107 si\u0119 z ostatnim \u0142ykiem w fili\u017cance? Nie! Poznaj marki, kt\u00f3re przetwarzaj\u0105 kawowe odpadki na wyj\u0105tkowe przedmioty.\",\"breadcrumb\":{\"@id\":\"https:\\\/\\\/www.coffeedesk.pl\\\/blog\\\/kawowy-upcykling-kiedy-konczy-sie-zycie-kawy\\\/#breadcrumb\"},\"inLanguage\":\"pl-PL\",\"potentialAction\":[{\"@type\":\"ReadAction\",\"target\":[\"https:\\\/\\\/www.coffeedesk.pl\\\/blog\\\/kawowy-upcykling-kiedy-konczy-sie-zycie-kawy\\\/\"]}]},{\"@type\":\"ImageObject\",\"inLanguage\":\"pl-PL\",\"@id\":\"https:\\\/\\\/www.coffeedesk.pl\\\/blog\\\/kawowy-upcykling-kiedy-konczy-sie-zycie-kawy\\\/#primaryimage\",\"url\":\"https:\\\/\\\/www.coffeedesk.pl\\\/blog\\\/wp-content\\\/uploads\\\/2021\\\/03\\\/Kaffeeform-Tassen-aus-Kaffeesatz-Detail-2-scaled.jpg\",\"contentUrl\":\"https:\\\/\\\/www.coffeedesk.pl\\\/blog\\\/wp-content\\\/uploads\\\/2021\\\/03\\\/Kaffeeform-Tassen-aus-Kaffeesatz-Detail-2-scaled.jpg\",\"width\":2560,\"height\":1709,\"caption\":\"Fili\u017canka z tworzywa z kawowego upcyklingu od Kaffee Form\"},{\"@type\":\"BreadcrumbList\",\"@id\":\"https:\\\/\\\/www.coffeedesk.pl\\\/blog\\\/kawowy-upcykling-kiedy-konczy-sie-zycie-kawy\\\/#breadcrumb\",\"itemListElement\":[{\"@type\":\"ListItem\",\"position\":1,\"name\":\"Strona g\u0142\u00f3wna\",\"item\":\"https:\\\/\\\/www.coffeedesk.pl\\\/blog\\\/\"},{\"@type\":\"ListItem\",\"position\":2,\"name\":\"Kawowy upcykling: co to jest i kiedy ko\u0144czy si\u0119 \u017cycie kawy?\"}]},{\"@type\":\"WebSite\",\"@id\":\"https:\\\/\\\/www.coffeedesk.pl\\\/blog\\\/#website\",\"url\":\"https:\\\/\\\/www.coffeedesk.pl\\\/blog\\\/\",\"name\":\"Blog Coffeedesk.pl\",\"description\":\"\",\"publisher\":{\"@id\":\"https:\\\/\\\/www.coffeedesk.pl\\\/blog\\\/#organization\"},\"potentialAction\":[{\"@type\":\"SearchAction\",\"target\":{\"@type\":\"EntryPoint\",\"urlTemplate\":\"https:\\\/\\\/www.coffeedesk.pl\\\/blog\\\/?s={search_term_string}\"},\"query-input\":{\"@type\":\"PropertyValueSpecification\",\"valueRequired\":true,\"valueName\":\"search_term_string\"}}],\"inLanguage\":\"pl-PL\"},{\"@type\":\"Organization\",\"@id\":\"https:\\\/\\\/www.coffeedesk.pl\\\/blog\\\/#organization\",\"name\":\"Coffeedesk.pl\",\"url\":\"https:\\\/\\\/www.coffeedesk.pl\\\/blog\\\/\",\"logo\":{\"@type\":\"ImageObject\",\"inLanguage\":\"pl-PL\",\"@id\":\"https:\\\/\\\/www.coffeedesk.pl\\\/blog\\\/#\\\/schema\\\/logo\\\/image\\\/\",\"url\":\"https:\\\/\\\/www.coffeedesk.pl\\\/blog\\\/wp-content\\\/uploads\\\/2019\\\/10\\\/logo_color.png\",\"contentUrl\":\"https:\\\/\\\/www.coffeedesk.pl\\\/blog\\\/wp-content\\\/uploads\\\/2019\\\/10\\\/logo_color.png\",\"width\":246,\"height\":50,\"caption\":\"Coffeedesk.pl\"},\"image\":{\"@id\":\"https:\\\/\\\/www.coffeedesk.pl\\\/blog\\\/#\\\/schema\\\/logo\\\/image\\\/\"}},{\"@type\":\"Person\",\"@id\":\"https:\\\/\\\/www.coffeedesk.pl\\\/blog\\\/#\\\/schema\\\/person\\\/c2d79a9264735066d5b429de11d73800\",\"name\":\"Zuza Raubo\",\"image\":{\"@type\":\"ImageObject\",\"inLanguage\":\"pl-PL\",\"@id\":\"https:\\\/\\\/www.coffeedesk.pl\\\/blog\\\/wp-content\\\/uploads\\\/2021\\\/03\\\/unnamed-e1615212370284-320x320.jpg\",\"url\":\"https:\\\/\\\/www.coffeedesk.pl\\\/blog\\\/wp-content\\\/uploads\\\/2021\\\/03\\\/unnamed-e1615212370284-320x320.jpg\",\"contentUrl\":\"https:\\\/\\\/www.coffeedesk.pl\\\/blog\\\/wp-content\\\/uploads\\\/2021\\\/03\\\/unnamed-e1615212370284-320x320.jpg\",\"caption\":\"Zuza Raubo\"},\"description\":\"Lekkie pi\u00f3ro i lekkie uzale\u017cnienie od kawy (najlepiej maj\u0105 si\u0119 w duecie). W wolnym czasie dowodz\u0119, \u017ce istnieje cytat z Friends na ka\u017cd\u0105 okazj\u0119. Ulubiona kawa: na s\u0142o\u0144cu!\",\"url\":\"https:\\\/\\\/www.coffeedesk.pl\\\/blog\\\/author\\\/zuza-raubo\\\/\"}]}<\/script>\n<!-- \/ Yoast SEO plugin. -->","yoast_head_json":{"title":"Upcykling kawy: kiedy ko\u0144czy si\u0119 jej \u017cycie? - Blog Coffeedesk.pl","description":"Czy \u017cycie kawy musi ko\u0144czy\u0107 si\u0119 z ostatnim \u0142ykiem w fili\u017cance? Nie! Poznaj marki, kt\u00f3re przetwarzaj\u0105 kawowe odpadki na wyj\u0105tkowe przedmioty.","robots":{"index":"index","follow":"follow","max-snippet":"max-snippet:-1","max-image-preview":"max-image-preview:large","max-video-preview":"max-video-preview:-1"},"canonical":"https:\/\/www.coffeedesk.pl\/blog\/kawowy-upcykling-kiedy-konczy-sie-zycie-kawy\/","og_locale":"pl_PL","og_type":"article","og_title":"Upcykling kawy: kiedy ko\u0144czy si\u0119 jej \u017cycie? - Blog Coffeedesk.pl","og_description":"Czy \u017cycie kawy musi ko\u0144czy\u0107 si\u0119 z ostatnim \u0142ykiem w fili\u017cance? Nie! Poznaj marki, kt\u00f3re przetwarzaj\u0105 kawowe odpadki na wyj\u0105tkowe przedmioty.","og_url":"https:\/\/www.coffeedesk.pl\/blog\/kawowy-upcykling-kiedy-konczy-sie-zycie-kawy\/","og_site_name":"Blog Coffeedesk.pl","article_published_time":"2021-03-09T11:43:32+00:00","article_modified_time":"2022-07-26T15:20:55+00:00","og_image":[{"width":2560,"height":1709,"url":"https:\/\/www.coffeedesk.pl\/blog\/wp-content\/uploads\/2021\/03\/Kaffeeform-Tassen-aus-Kaffeesatz-Detail-2-scaled.jpg","type":"image\/jpeg"}],"author":"Zuza Raubo","twitter_card":"summary_large_image","twitter_misc":{"Napisane przez":"Zuza Raubo","Szacowany czas czytania":"8 minut"},"schema":{"@context":"https:\/\/schema.org","@graph":[{"@type":"Article","@id":"https:\/\/www.coffeedesk.pl\/blog\/kawowy-upcykling-kiedy-konczy-sie-zycie-kawy\/#article","isPartOf":{"@id":"https:\/\/www.coffeedesk.pl\/blog\/kawowy-upcykling-kiedy-konczy-sie-zycie-kawy\/"},"author":{"name":"Zuza Raubo","@id":"https:\/\/www.coffeedesk.pl\/blog\/#\/schema\/person\/c2d79a9264735066d5b429de11d73800"},"headline":"Kawowy upcykling: co to jest i kiedy ko\u0144czy si\u0119 \u017cycie kawy?","datePublished":"2021-03-09T11:43:32+00:00","dateModified":"2022-07-26T15:20:55+00:00","mainEntityOfPage":{"@id":"https:\/\/www.coffeedesk.pl\/blog\/kawowy-upcykling-kiedy-konczy-sie-zycie-kawy\/"},"wordCount":1304,"commentCount":0,"publisher":{"@id":"https:\/\/www.coffeedesk.pl\/blog\/#organization"},"image":{"@id":"https:\/\/www.coffeedesk.pl\/blog\/kawowy-upcykling-kiedy-konczy-sie-zycie-kawy\/#primaryimage"},"thumbnailUrl":"https:\/\/www.coffeedesk.pl\/blog\/wp-content\/uploads\/2021\/03\/Kaffeeform-Tassen-aus-Kaffeesatz-Detail-2-scaled.jpg","keywords":["kawa","less waste"],"articleSection":["Design","Kawa","Lifestyle"],"inLanguage":"pl-PL","potentialAction":[{"@type":"CommentAction","name":"Comment","target":["https:\/\/www.coffeedesk.pl\/blog\/kawowy-upcykling-kiedy-konczy-sie-zycie-kawy\/#respond"]}]},{"@type":"WebPage","@id":"https:\/\/www.coffeedesk.pl\/blog\/kawowy-upcykling-kiedy-konczy-sie-zycie-kawy\/","url":"https:\/\/www.coffeedesk.pl\/blog\/kawowy-upcykling-kiedy-konczy-sie-zycie-kawy\/","name":"Upcykling kawy: kiedy ko\u0144czy si\u0119 jej \u017cycie? - Blog Coffeedesk.pl","isPartOf":{"@id":"https:\/\/www.coffeedesk.pl\/blog\/#website"},"primaryImageOfPage":{"@id":"https:\/\/www.coffeedesk.pl\/blog\/kawowy-upcykling-kiedy-konczy-sie-zycie-kawy\/#primaryimage"},"image":{"@id":"https:\/\/www.coffeedesk.pl\/blog\/kawowy-upcykling-kiedy-konczy-sie-zycie-kawy\/#primaryimage"},"thumbnailUrl":"https:\/\/www.coffeedesk.pl\/blog\/wp-content\/uploads\/2021\/03\/Kaffeeform-Tassen-aus-Kaffeesatz-Detail-2-scaled.jpg","datePublished":"2021-03-09T11:43:32+00:00","dateModified":"2022-07-26T15:20:55+00:00","description":"Czy \u017cycie kawy musi ko\u0144czy\u0107 si\u0119 z ostatnim \u0142ykiem w fili\u017cance? Nie! Poznaj marki, kt\u00f3re przetwarzaj\u0105 kawowe odpadki na wyj\u0105tkowe przedmioty.","breadcrumb":{"@id":"https:\/\/www.coffeedesk.pl\/blog\/kawowy-upcykling-kiedy-konczy-sie-zycie-kawy\/#breadcrumb"},"inLanguage":"pl-PL","potentialAction":[{"@type":"ReadAction","target":["https:\/\/www.coffeedesk.pl\/blog\/kawowy-upcykling-kiedy-konczy-sie-zycie-kawy\/"]}]},{"@type":"ImageObject","inLanguage":"pl-PL","@id":"https:\/\/www.coffeedesk.pl\/blog\/kawowy-upcykling-kiedy-konczy-sie-zycie-kawy\/#primaryimage","url":"https:\/\/www.coffeedesk.pl\/blog\/wp-content\/uploads\/2021\/03\/Kaffeeform-Tassen-aus-Kaffeesatz-Detail-2-scaled.jpg","contentUrl":"https:\/\/www.coffeedesk.pl\/blog\/wp-content\/uploads\/2021\/03\/Kaffeeform-Tassen-aus-Kaffeesatz-Detail-2-scaled.jpg","width":2560,"height":1709,"caption":"Fili\u017canka z tworzywa z kawowego upcyklingu od Kaffee Form"},{"@type":"BreadcrumbList","@id":"https:\/\/www.coffeedesk.pl\/blog\/kawowy-upcykling-kiedy-konczy-sie-zycie-kawy\/#breadcrumb","itemListElement":[{"@type":"ListItem","position":1,"name":"Strona g\u0142\u00f3wna","item":"https:\/\/www.coffeedesk.pl\/blog\/"},{"@type":"ListItem","position":2,"name":"Kawowy upcykling: co to jest i kiedy ko\u0144czy si\u0119 \u017cycie kawy?"}]},{"@type":"WebSite","@id":"https:\/\/www.coffeedesk.pl\/blog\/#website","url":"https:\/\/www.coffeedesk.pl\/blog\/","name":"Blog Coffeedesk.pl","description":"","publisher":{"@id":"https:\/\/www.coffeedesk.pl\/blog\/#organization"},"potentialAction":[{"@type":"SearchAction","target":{"@type":"EntryPoint","urlTemplate":"https:\/\/www.coffeedesk.pl\/blog\/?s={search_term_string}"},"query-input":{"@type":"PropertyValueSpecification","valueRequired":true,"valueName":"search_term_string"}}],"inLanguage":"pl-PL"},{"@type":"Organization","@id":"https:\/\/www.coffeedesk.pl\/blog\/#organization","name":"Coffeedesk.pl","url":"https:\/\/www.coffeedesk.pl\/blog\/","logo":{"@type":"ImageObject","inLanguage":"pl-PL","@id":"https:\/\/www.coffeedesk.pl\/blog\/#\/schema\/logo\/image\/","url":"https:\/\/www.coffeedesk.pl\/blog\/wp-content\/uploads\/2019\/10\/logo_color.png","contentUrl":"https:\/\/www.coffeedesk.pl\/blog\/wp-content\/uploads\/2019\/10\/logo_color.png","width":246,"height":50,"caption":"Coffeedesk.pl"},"image":{"@id":"https:\/\/www.coffeedesk.pl\/blog\/#\/schema\/logo\/image\/"}},{"@type":"Person","@id":"https:\/\/www.coffeedesk.pl\/blog\/#\/schema\/person\/c2d79a9264735066d5b429de11d73800","name":"Zuza Raubo","image":{"@type":"ImageObject","inLanguage":"pl-PL","@id":"https:\/\/www.coffeedesk.pl\/blog\/wp-content\/uploads\/2021\/03\/unnamed-e1615212370284-320x320.jpg","url":"https:\/\/www.coffeedesk.pl\/blog\/wp-content\/uploads\/2021\/03\/unnamed-e1615212370284-320x320.jpg","contentUrl":"https:\/\/www.coffeedesk.pl\/blog\/wp-content\/uploads\/2021\/03\/unnamed-e1615212370284-320x320.jpg","caption":"Zuza Raubo"},"description":"Lekkie pi\u00f3ro i lekkie uzale\u017cnienie od kawy (najlepiej maj\u0105 si\u0119 w duecie). W wolnym czasie dowodz\u0119, \u017ce istnieje cytat z Friends na ka\u017cd\u0105 okazj\u0119. Ulubiona kawa: na s\u0142o\u0144cu!","url":"https:\/\/www.coffeedesk.pl\/blog\/author\/zuza-raubo\/"}]}},"jetpack_featured_media_url":"https:\/\/www.coffeedesk.pl\/blog\/wp-content\/uploads\/2021\/03\/Kaffeeform-Tassen-aus-Kaffeesatz-Detail-2-scaled.jpg","_links":{"self":[{"href":"https:\/\/www.coffeedesk.pl\/blog\/wp-json\/wp\/v2\/posts\/14145","targetHints":{"allow":["GET"]}}],"collection":[{"href":"https:\/\/www.coffeedesk.pl\/blog\/wp-json\/wp\/v2\/posts"}],"about":[{"href":"https:\/\/www.coffeedesk.pl\/blog\/wp-json\/wp\/v2\/types\/post"}],"author":[{"embeddable":true,"href":"https:\/\/www.coffeedesk.pl\/blog\/wp-json\/wp\/v2\/users\/64"}],"replies":[{"embeddable":true,"href":"https:\/\/www.coffeedesk.pl\/blog\/wp-json\/wp\/v2\/comments?post=14145"}],"version-history":[{"count":12,"href":"https:\/\/www.coffeedesk.pl\/blog\/wp-json\/wp\/v2\/posts\/14145\/revisions"}],"predecessor-version":[{"id":18970,"href":"https:\/\/www.coffeedesk.pl\/blog\/wp-json\/wp\/v2\/posts\/14145\/revisions\/18970"}],"wp:featuredmedia":[{"embeddable":true,"href":"https:\/\/www.coffeedesk.pl\/blog\/wp-json\/wp\/v2\/media\/14152"}],"wp:attachment":[{"href":"https:\/\/www.coffeedesk.pl\/blog\/wp-json\/wp\/v2\/media?parent=14145"}],"wp:term":[{"taxonomy":"category","embeddable":true,"href":"https:\/\/www.coffeedesk.pl\/blog\/wp-json\/wp\/v2\/categories?post=14145"},{"taxonomy":"post_tag","embeddable":true,"href":"https:\/\/www.coffeedesk.pl\/blog\/wp-json\/wp\/v2\/tags?post=14145"},{"taxonomy":"powerkit_post_featured","embeddable":true,"href":"https:\/\/www.coffeedesk.pl\/blog\/wp-json\/wp\/v2\/powerkit_post_featured?post=14145"}],"curies":[{"name":"wp","href":"https:\/\/api.w.org\/{rel}","templated":true}]}}