{"id":15515,"date":"2021-06-23T10:15:59","date_gmt":"2021-06-23T08:15:59","guid":{"rendered":"https:\/\/www.coffeedesk.pl\/blog\/?p=15515"},"modified":"2024-05-21T12:53:55","modified_gmt":"2024-05-21T10:53:55","slug":"kawa-po-hiszpansku-cortado-cafe-con-hielo-cafe-bombon-czym-sa-i-jak-je-zrobic","status":"publish","type":"post","link":"https:\/\/www.coffeedesk.pl\/blog\/kawa-po-hiszpansku-cortado-cafe-con-hielo-cafe-bombon-czym-sa-i-jak-je-zrobic\/","title":{"rendered":"Kawa po hiszpa\u0144sku: Cortado, Cafe con Hielo, Cafe Bombon \u2013 czym s\u0105 i jak je zrobi\u0107?"},"content":{"rendered":"<p><big><strong>Wszyscy dobrze znamy w\u0142oskie kawowe klasyki &#8211; ka\u017cdy kawosz pr\u00f3bowa\u0142 ju\u017c <a href=\"https:\/\/www.coffeedesk.pl\/kawa\/pod-espresso\/\" target=\"_blank\" rel=\"noopener\">espresso<\/a>, <a href=\"https:\/\/www.coffeedesk.pl\/blog\/rodzaje-kawy-espresso-macchiato-latte\/\" target=\"_blank\" rel=\"noopener\">caffe latte, cappuccino&#8230;<\/a> Ca\u0142a plejada <a href=\"https:\/\/www.coffeedesk.pl\/kawa\/wlochy\/\" target=\"_blank\" rel=\"noopener\">w\u0142oskich kaw<\/a> wesz\u0142a na sta\u0142e do naszych kawiarnianych zwyczaj\u00f3w. Co jednak wiemy o sposobach picia kawy w Hiszpanii? Za\u0142o\u017c\u0119 si\u0119, \u017ce niewiele! Hiszpanie maj\u0105 swoje w\u0142asne tradycje picia kawy, kt\u00f3re r\u00f3\u017cni\u0105 si\u0119 nieco od tych, kt\u00f3re znamy z P\u00f3\u0142wyspu Apeni\u0144skiego. <b>Cafe con Hielo, Cafe Bombon, kawa Cortado \u2013 co to za kawy i jak je przygotowa\u0107? Podpowiadamy!<\/b><\/strong><\/big><\/p>\n<h2 id=\"czarna-kawa-po-hiszpansku\">Czarna kawa po hiszpa\u0144sku<\/h2>\n<p><span style=\"font-weight: 400;\">Jak si\u0119 pij\u0119 <a href=\"https:\/\/www.coffeedesk.pl\/kawa\/\" target=\"_blank\" rel=\"noopener\">kaw\u0119<\/a> w Hiszpanii? Kawy takie jak <strong>Cafe con Hielo, Cortado lub Cafe Bombon<\/strong> z pewno\u015bci\u0105 spotykamy rzadziej ni\u017c Caffe Latte czy Flat White\u2019y. W zwi\u0105zku z tym, \u017ce w Polsce hiszpa\u0144skie kawy nie s\u0105 popularne i \u0142atwo dost\u0119pne, mamy dla Was gar\u015b\u0107 przepis\u00f3w i inspiracji jak zrobi\u0107 prawdziw\u0105 <strong>kaw\u0119 po hiszpa\u0144sku w domu<\/strong>. Rozkoszuj si\u0119 Cortado Coffee lub Cafe Bombon w zaciszu w\u0142asnego domu!<\/span><\/p>\n<p><img  loading=\"lazy\"  decoding=\"async\"  class=\"size-medium wp-image-15519 aligncenter pk-lazyload\"  src=\"data:image\/png;base64,iVBORw0KGgoAAAANSUhEUgAAAyAAAAPoAQMAAAAcBQjyAAAAA1BMVEUAAP+KeNJXAAAAAXRSTlMAQObYZgAAAAlwSFlzAAAOxAAADsQBlSsOGwAAAHlJREFUeNrtwTEBAAAAwqD1T20MH6AAAAAAAAAAAAAAAAAAAAAAAAAAAAAAAAAAAAAAAAAAAAAAAAAAAAAAAAAAAAAAAAAAAAAAAAAAAAAAAAAAAAAAAAAAAAAAAAAAAAAAAAAAAAAAAAAAAAAAAAAAAAAAAAAAgJcBipcAAVpCLnoAAAAASUVORK5CYII=\"  alt=\"jedna z kaw po hiszpa\u0144sku cortado\"  width=\"800\"  height=\"1000\"  data-pk-sizes=\"auto\"  data-ls-sizes=\"auto, (max-width: 800px) 100vw, 800px\"  data-pk-src=\"https:\/\/www.coffeedesk.pl\/blog\/wp-content\/uploads\/2021\/06\/jarek-ceborski-IhqDpFz7I8Q-unsplash-800x1000.jpg\"  data-pk-srcset=\"https:\/\/www.coffeedesk.pl\/blog\/wp-content\/uploads\/2021\/06\/jarek-ceborski-IhqDpFz7I8Q-unsplash-800x1000.jpg 800w, https:\/\/www.coffeedesk.pl\/blog\/wp-content\/uploads\/2021\/06\/jarek-ceborski-IhqDpFz7I8Q-unsplash-1160x1450.jpg 1160w, https:\/\/www.coffeedesk.pl\/blog\/wp-content\/uploads\/2021\/06\/jarek-ceborski-IhqDpFz7I8Q-unsplash-1229x1536.jpg 1229w, https:\/\/www.coffeedesk.pl\/blog\/wp-content\/uploads\/2021\/06\/jarek-ceborski-IhqDpFz7I8Q-unsplash-1638x2048.jpg 1638w, https:\/\/www.coffeedesk.pl\/blog\/wp-content\/uploads\/2021\/06\/jarek-ceborski-IhqDpFz7I8Q-unsplash-320x400.jpg 320w, https:\/\/www.coffeedesk.pl\/blog\/wp-content\/uploads\/2021\/06\/jarek-ceborski-IhqDpFz7I8Q-unsplash-560x700.jpg 560w, https:\/\/www.coffeedesk.pl\/blog\/wp-content\/uploads\/2021\/06\/jarek-ceborski-IhqDpFz7I8Q-unsplash-1920x2400.jpg 1920w, https:\/\/www.coffeedesk.pl\/blog\/wp-content\/uploads\/2021\/06\/jarek-ceborski-IhqDpFz7I8Q-unsplash-scaled.jpg 2048w\" ><\/p>\n<h2 id=\"kawa-cortado-czym-jest-i-jak-ja-zrobic\">Kawa Cortado \u2013 czym jest i jak j\u0105 zrobi\u0107?<\/h2>\n<p><span style=\"font-weight: 400;\">Kawa Cortado \u2013 jaka to kawa? <strong>To intensywny w smaku nap\u00f3j dla tych, kt\u00f3rzy szukaj\u0105 czego\u015b<\/strong> <strong>mocniejszego w smaku ni\u017c <a href=\"https:\/\/www.coffeedesk.pl\/blog\/flat-white-co-to-za-kawa-jak-ja-zrobic\/\" target=\"_blank\" rel=\"noopener\">flat white<\/a>, ale nieco s\u0142abszego ni\u017c espresso macchiato<\/strong>. Je\u015bli marzy Wam si\u0119 kawa Cortado, przepis znajdziecie poni\u017cej.<\/span><\/p>\n<h3 id=\"do-zrobienia-kawy-cortado-przygotujcie\">Do zrobienia kawy Cortado przygotujcie:<\/h3>\n<ul>\n<li><span style=\"font-weight: 400;\">Espresso <a href=\"https:\/\/www.coffeedesk.pl\/blog\/doppio-co-to-za-kawa-jak-ja-zrobic\/\" target=\"_blank\" rel=\"noopener\">doppio<\/a> lub oko\u0142o 50 ml kawy z <a href=\"https:\/\/www.coffeedesk.pl\/akcesoria\/kawiarki\/\" target=\"_blank\" rel=\"noopener\">kawiarki<\/a><\/span><\/li>\n<li>Oko\u0142o 100 ml mleka (ro\u015blinnego b\u0105d\u017a tradycyjnego) spienionego w taki spos\u00f3b, jak do flat white (nie za du\u017co piany!)<\/li>\n<\/ul>\n<div class=\"pk-alert pk-alert-success\" role=\"alert\" >\n<span style=\"font-weight: 400\"><strong>Pro tip:<\/strong> je\u015bli nie macie <a href=\"https:\/\/www.coffeedesk.pl\/akcesoria\/spieniacze-do-mleka\/\" target=\"_blank\" rel=\"noopener\">spieniacza do mleka<\/a> mo\u017cecie z powodzeniem u\u017cy\u0107 <a href=\"https:\/\/www.coffeedesk.pl\/akcesoria\/french-pressy\/\" target=\"_blank\" rel=\"noopener\">french pressu<\/a>.<\/span><\/div>\n<ul>\n<li><span style=\"font-weight: 400;\">Szklaneczk\u0119 lub <a href=\"https:\/\/www.coffeedesk.pl\/akcesoria\/naczynia\/filizanki\/\" target=\"_blank\" rel=\"noopener\">fili\u017cank\u0119<\/a> o pojemno\u015bci maksymalnie 150 ml<\/span><\/li>\n<\/ul>\n<div class=\"pk-alert pk-alert-success\" role=\"alert\" >\n<strong>Wskaz\u00f3wka:<\/strong> Przeczytaj jak idealnie spieni\u0107 mleko do kawy <a href=\"https:\/\/www.coffeedesk.pl\/blog\/jak-spienic-mleko-do-kawy-i-czego-uzyc-test-spieniacza-elektrycznego-bialetti\/\" target=\"_blank\" rel=\"noopener\">tutaj.<\/a><br \/>\n<\/div>\n<p><span style=\"font-weight: 400;\">Espresso do kawy Cortado zalewamy ciep\u0142ym spienionym mlekiem, uzyskuj\u0105c intensywn\u0105 w smaku kaw\u0119 delikatnie zabarwion\u0105 mlekiem. Hiszpanie maj\u0105 miejski tryb picia kawy \u2013 Cortado pij\u0105 najcz\u0119\u015bciej w drodze do pracy. Taka <a href=\"https:\/\/www.coffeedesk.pl\/blog\/dzienna-dawka-kofeiny-ile-mozna-wypic\/\" target=\"_blank\" rel=\"noopener\">ilo\u015b\u0107 kofeiny<\/a> b\u0119dzie doskona\u0142a do \u015bniadania i \u015bwietnie przygotuje nas na trudy codzienno\u015bci.<\/span><\/p>\n<p><img  loading=\"lazy\"  decoding=\"async\"  class=\"size-medium wp-image-15517 aligncenter pk-lazyload\"  src=\"data:image\/png;base64,iVBORw0KGgoAAAANSUhEUgAAAyAAAASwAQMAAAA5f7zmAAAAA1BMVEUAAP+KeNJXAAAAAXRSTlMAQObYZgAAAAlwSFlzAAAOxAAADsQBlSsOGwAAAIxJREFUeNrtwQENAAAAwqD3T20PBxQAAAAAAAAAAAAAAAAAAAAAAAAAAAAAAAAAAAAAAAAAAAAAAAAAAAAAAAAAAAAAAAAAAAAAAAAAAAAAAAAAAAAAAAAAAAAAAAAAAAAAAAAAAAAAAAAAAAAAAAAAAAAAAAAAAAAAAAAAAAAAAAAAAAAAAAAAAAAPBtl\/AAGNyqJ5AAAAAElFTkSuQmCC\"  alt=\"kawa cortado w ma\u0142ej szklance\"  width=\"800\"  height=\"1200\"  data-pk-sizes=\"auto\"  data-ls-sizes=\"auto, (max-width: 800px) 100vw, 800px\"  data-pk-src=\"https:\/\/www.coffeedesk.pl\/blog\/wp-content\/uploads\/2021\/06\/william-moreland-eSzClaMXNkk-unsplash-800x1200.jpg\"  data-pk-srcset=\"https:\/\/www.coffeedesk.pl\/blog\/wp-content\/uploads\/2021\/06\/william-moreland-eSzClaMXNkk-unsplash-800x1200.jpg 800w, https:\/\/www.coffeedesk.pl\/blog\/wp-content\/uploads\/2021\/06\/william-moreland-eSzClaMXNkk-unsplash-1160x1740.jpg 1160w, https:\/\/www.coffeedesk.pl\/blog\/wp-content\/uploads\/2021\/06\/william-moreland-eSzClaMXNkk-unsplash-1024x1536.jpg 1024w, https:\/\/www.coffeedesk.pl\/blog\/wp-content\/uploads\/2021\/06\/william-moreland-eSzClaMXNkk-unsplash-1365x2048.jpg 1365w, https:\/\/www.coffeedesk.pl\/blog\/wp-content\/uploads\/2021\/06\/william-moreland-eSzClaMXNkk-unsplash-320x480.jpg 320w, https:\/\/www.coffeedesk.pl\/blog\/wp-content\/uploads\/2021\/06\/william-moreland-eSzClaMXNkk-unsplash-560x840.jpg 560w, https:\/\/www.coffeedesk.pl\/blog\/wp-content\/uploads\/2021\/06\/william-moreland-eSzClaMXNkk-unsplash-1920x2880.jpg 1920w, https:\/\/www.coffeedesk.pl\/blog\/wp-content\/uploads\/2021\/06\/william-moreland-eSzClaMXNkk-unsplash-scaled.jpg 1707w\" ><\/p>\n<h2 id=\"cos-dla-amatorow-slodyczy-przepis-na-cafe-bombon\">Co\u015b dla amator\u00f3w s\u0142odyczy \u2013 przepis na Cafe Bombon<\/h2>\n<p><span style=\"font-weight: 400;\">Kawa Bombon to bardziej deser ni\u017c pobudzaj\u0105ca mieszanka. Ta hiszpa\u0144ska kawa z powodzeniem zast\u0105pi kawa\u0142ek ciasta lub <a href=\"https:\/\/www.coffeedesk.pl\/prezenty\/czekolady\/\" target=\"_blank\" rel=\"noopener\">czekolady<\/a>, kiedy najdzie nas ochota na co\u015b s\u0142odkiego. <strong>To mieszanka<\/strong> <strong>mleka skondensowanego z esencjonalnym espresso<\/strong>. <\/span><\/p>\n<h3 id=\"aby-przygotowac-cafe-bombon-przygotujcie\">Aby przygotowa\u0107 Cafe Bombon przygotujcie:<\/h3>\n<ul>\n<li><span style=\"font-weight: 400;\">Espresso doppio lub 50 ml kawy z kawiarki<\/span><\/li>\n<li><span style=\"font-weight: 400;\">Dwie \u0142y\u017cki mleka skondensowanego<\/span><\/li>\n<li><span style=\"font-weight: 400;\">Ma\u0142\u0105 <a href=\"https:\/\/www.coffeedesk.pl\/akcesoria\/naczynia\/szklanki\/\" target=\"_blank\" rel=\"noopener\">szklank\u0119<\/a> (oko\u0142o 100 ml)<\/span><\/li>\n<\/ul>\n<p><span style=\"font-weight: 400;\">Na dno szklanki wlewamy mleko skondensowane, a nast\u0119pnie powoli, tak aby nie pomiesza\u0107 warstw, wlewamy espresso. Uzyskujemy <strong>doskona\u0142y deser Cafe Bombon po\u0142\u0105czony z ma\u0142ym, kofeinowym zastrzykiem<\/strong>.<\/span><\/p>\n<p><img  loading=\"lazy\"  decoding=\"async\"  class=\"size-medium wp-image-15521 aligncenter pk-lazyload\"  src=\"data:image\/png;base64,iVBORw0KGgoAAAANSUhEUgAAAyAAAAIXAQMAAABetqiKAAAAA1BMVEUAAP+KeNJXAAAAAXRSTlMAQObYZgAAAAlwSFlzAAAOxAAADsQBlSsOGwAAAEtJREFUeNrtwTEBAAAAwqD1T20LL6AAAAAAAAAAAAAAAAAAAAAAAAAAAAAAAAAAAAAAAAAAAAAAAAAAAAAAAAAAAAAAAAAAAAAAOBvTEwABjmEN0QAAAABJRU5ErkJggg==\"  alt=\"cafe bombon z mlekiem skondensowanym\"  width=\"800\"  height=\"535\"  data-pk-sizes=\"auto\"  data-ls-sizes=\"auto, (max-width: 800px) 100vw, 800px\"  data-pk-src=\"https:\/\/www.coffeedesk.pl\/blog\/wp-content\/uploads\/2021\/06\/AdobeStock_7377501-800x535.jpeg\"  data-pk-srcset=\"https:\/\/www.coffeedesk.pl\/blog\/wp-content\/uploads\/2021\/06\/AdobeStock_7377501-800x535.jpeg 800w, https:\/\/www.coffeedesk.pl\/blog\/wp-content\/uploads\/2021\/06\/AdobeStock_7377501-1160x776.jpeg 1160w, https:\/\/www.coffeedesk.pl\/blog\/wp-content\/uploads\/2021\/06\/AdobeStock_7377501-1536x1028.jpeg 1536w, https:\/\/www.coffeedesk.pl\/blog\/wp-content\/uploads\/2021\/06\/AdobeStock_7377501-2048x1370.jpeg 2048w, https:\/\/www.coffeedesk.pl\/blog\/wp-content\/uploads\/2021\/06\/AdobeStock_7377501-320x214.jpeg 320w, https:\/\/www.coffeedesk.pl\/blog\/wp-content\/uploads\/2021\/06\/AdobeStock_7377501-560x375.jpeg 560w, https:\/\/www.coffeedesk.pl\/blog\/wp-content\/uploads\/2021\/06\/AdobeStock_7377501-1920x1284.jpeg 1920w, https:\/\/www.coffeedesk.pl\/blog\/wp-content\/uploads\/2021\/06\/AdobeStock_7377501.jpeg 2480w\" ><\/p>\n<h2 id=\"na-dni-gorace-i-nie-tylko-cafe-con-hielo\">Na dni gor\u0105ce i nie tylko \u2013 Cafe con Hielo<\/h2>\n<p><span style=\"font-weight: 400;\"><strong>Cafe con Hielo to nic innego jak<\/strong> <a href=\"https:\/\/www.coffeedesk.pl\/blog\/pyszna-kawa-mrozona-nasz-przepis\/\" target=\"_blank\" rel=\"noopener\"><strong>kawa mro\u017cona<\/strong><\/a>. Ta kawa po hiszpa\u0144sku r\u00f3\u017cni si\u0119 jednak od greckiego <a href=\"https:\/\/www.coffeedesk.pl\/blog\/kawa-frappe-przepis-na-kawe-na-cieple-dni\/\" target=\"_blank\" rel=\"noopener\">frappe<\/a> \u2013 nie zawiera dodatk\u00f3w ani nie jest zmiksowana z lodem. Cafe con Hielo jest \u015bwietnym rozwi\u0105zaniem na cieplejsze dni w roku (kt\u00f3rych jak wiadomo w Hiszpanii nie brakuje, w Polsce mamy deficyt). <\/span><\/p>\n<h3 id=\"do-przygotowania-cafe-con-hielo-bedzie-wam-potrzebne\">Do przygotowania Cafe con Hielo b\u0119dzie Wam potrzebne:<\/h3>\n<ul>\n<li><span style=\"font-weight: 400;\"> \u00a0 \u00a0 \u00a0 <\/span>Espresso doppio lub kawa z kawiarki (przestudzona!)<\/li>\n<li><span style=\"font-weight: 400;\"> \u00a0 \u00a0 \u00a0 <\/span><span style=\"font-weight: 400;\">Kostki lodu (tyle, aby wype\u0142ni\u0142y naczynie)<\/span><\/li>\n<li><span style=\"font-weight: 400;\"> \u00a0 \u00a0 \u00a0 <\/span><span style=\"font-weight: 400;\"><a href=\"https:\/\/www.coffeedesk.pl\/bio-and-napoje\/napoje-roslinne\/\" target=\"_blank\" rel=\"noopener\">Nap\u00f3j ro\u015blinny<\/a> lub mleko<\/span><\/li>\n<li><span style=\"font-weight: 400;\"> \u00a0 \u00a0 \u00a0 <\/span><span style=\"font-weight: 400;\">S\u0142omka, najlepiej metalowa lub papierowa<\/span><\/li>\n<\/ul>\n<p><span style=\"font-weight: 400;\">Przestudzon\u0105 kaw\u0119 wlewamy do szklanki wype\u0142nionej po brzegi lodem, nast\u0119pnie dodajemy nap\u00f3j ro\u015blinny lub mleko. S\u0105czymy przez ekologiczn\u0105 s\u0142omk\u0119, cieszymy si\u0119 s\u0142o\u0144cem lub marzymy o pi\u0119knej pogodzie (niepotrzebne skre\u015bli\u0107).<\/span><\/p>\n<p><img  loading=\"lazy\"  decoding=\"async\"  class=\"aligncenter wp-image-15526 size-medium pk-lazyload\"  src=\"data:image\/png;base64,iVBORw0KGgoAAAANSUhEUgAAAyAAAAIWAQMAAACV6nsvAAAAA1BMVEUAAP+KeNJXAAAAAXRSTlMAQObYZgAAAAlwSFlzAAAOxAAADsQBlSsOGwAAAEtJREFUeNrtwTEBAAAAwqD1T+1pCaAAAAAAAAAAAAAAAAAAAAAAAAAAAAAAAAAAAAAAAAAAAAAAAAAAAAAAAAAAAAAAAAAAAAAAuAHSrgABEsIc4AAAAABJRU5ErkJggg==\"  alt=\"Cafe con Hielo \u2013 kawa po hiszpa\u0144sku\"  width=\"800\"  height=\"534\"  data-pk-sizes=\"auto\"  data-ls-sizes=\"auto, (max-width: 800px) 100vw, 800px\"  data-pk-src=\"https:\/\/www.coffeedesk.pl\/blog\/wp-content\/uploads\/2021\/06\/49463701048_325b305b4e_k-800x534.jpg\"  data-pk-srcset=\"https:\/\/www.coffeedesk.pl\/blog\/wp-content\/uploads\/2021\/06\/49463701048_325b305b4e_k-800x534.jpg 800w, https:\/\/www.coffeedesk.pl\/blog\/wp-content\/uploads\/2021\/06\/49463701048_325b305b4e_k-1160x774.jpg 1160w, https:\/\/www.coffeedesk.pl\/blog\/wp-content\/uploads\/2021\/06\/49463701048_325b305b4e_k-1536x1025.jpg 1536w, https:\/\/www.coffeedesk.pl\/blog\/wp-content\/uploads\/2021\/06\/49463701048_325b305b4e_k-320x213.jpg 320w, https:\/\/www.coffeedesk.pl\/blog\/wp-content\/uploads\/2021\/06\/49463701048_325b305b4e_k-560x374.jpg 560w, https:\/\/www.coffeedesk.pl\/blog\/wp-content\/uploads\/2021\/06\/49463701048_325b305b4e_k-1920x1281.jpg 1920w, https:\/\/www.coffeedesk.pl\/blog\/wp-content\/uploads\/2021\/06\/49463701048_325b305b4e_k.jpg 2048w\" ><\/p>\n<h2 id=\"warto-spojrzec-z-roznych-perspektyw-na-kawe-po-hiszpansku-na-przyklad\"><strong>Warto spojrze\u0107 z r\u00f3\u017cnych perspektyw na kaw\u0119 \u2013 po hiszpa\u0144sku na przyk\u0142ad!<\/strong><\/h2>\n<p><span style=\"font-weight: 400;\">Hiszpania i kawa to dwa elementy, kt\u00f3rych nie da si\u0119 rozdzieli\u0107. Wydaje si\u0119, \u017ce w kwestii kaw na bazie espresso kawiarnie zdominowa\u0142y w\u0142oskie napoje, \u00a0jednak na szczeg\u00f3ln\u0105 uwag\u0119 zas\u0142uguj\u0105 r\u00f3wnie\u017c kawa Cortado lub Cafe Bombon. Coraz \u015bmielej do\u0142\u0105czaj\u0105 do nich <a href=\"https:\/\/www.coffeedesk.pl\/blog\/tania-kawa-metody-alternatywne\/\" target=\"_blank\" rel=\"noopener\">kawy alternatywne<\/a> (ca\u0142e szcz\u0119\u015bcie!). \u0141atwo jest zapomnie\u0107, \u017ce kaw\u0119 na \u015bwiecie pija si\u0119 na przer\u00f3\u017cne sposoby, kt\u00f3re te\u017c mog\u0105 by\u0107 godne uwagi, na przyk\u0142ad kawa hiszpa\u0144ska. <strong>Warto otworzy\u0107 si\u0119 na przepisy picia kawy w troch\u0119 innym stylu \u2013\u00a0 mo\u017ce odnajdziemy nowe ulubione smaki!<\/strong><\/span><\/p>\n","protected":false},"excerpt":{"rendered":"<div class=\"post-excerpt\">Wszyscy dobrze znamy w\u0142oskie kawowe klasyki &#8211; ka\u017cdy kawosz pr\u00f3bowa\u0142 ju\u017c espresso, caffe latte, cappuccino&#8230; Ca\u0142a plejada w\u0142oskich kaw wesz\u0142a na sta\u0142e do naszych kawiarnianych zwyczaj\u00f3w. Co jednak wiemy o&hellip;<\/div>\n<div class=\"post-more\"><a href=\"https:\/\/www.coffeedesk.pl\/blog\/kawa-po-hiszpansku-cortado-cafe-con-hielo-cafe-bombon-czym-sa-i-jak-je-zrobic\/\" class=\"button button-primary button-effect\"><span>Czytaj wpis<\/span><span><i class=\"cs-icon cs-icon-arrow-right\"><\/i><\/span><\/a><\/div>\n","protected":false},"author":36,"featured_media":15519,"comment_status":"open","ping_status":"open","sticky":false,"template":"","format":"standard","meta":{"_acf_changed":false,"footnotes":""},"categories":[34,38],"tags":[2331,560,1332],"powerkit_post_featured":[],"class_list":{"0":"post-15515","1":"post","2":"type-post","3":"status-publish","4":"format-standard","5":"has-post-thumbnail","7":"category-kawa","8":"category-przepisy","9":"tag-kawa-po-hiszpansku","10":"tag-kawa-z-lodem","11":"tag-kawa-z-mlekiem"},"acf":[],"author_display_name":"Dorota Brzozowska","author_url":"https:\/\/www.coffeedesk.pl\/blog\/author\/dbrzozowska\/","featured_image":"https:\/\/www.coffeedesk.pl\/blog\/wp-content\/uploads\/2021\/06\/jarek-ceborski-IhqDpFz7I8Q-unsplash-800x1000.jpg","post_tags":["kawa po hiszpansku","kawa z lodem","kawa z mlekiem"],"post_categories":["Kawa","Przepisy"],"yoast_head":"<!-- This site is optimized with the Yoast SEO plugin v27.4 - https:\/\/yoast.com\/product\/yoast-seo-wordpress\/ -->\n<title>Kawa po hiszpa\u0144sku: jak j\u0105 zrobi\u0107? \u2013 Blog Coffeedesk.pl<\/title>\n<meta name=\"description\" content=\"Cortado, Cafe con Hielo, Cafe Bombon \u2013 czym s\u0105 i jak je przyrz\u0105dzi\u0107? W tym artykule przenosimy si\u0119 do s\u0142onecznej Hiszpanii!\" \/>\n<meta name=\"robots\" content=\"index, follow, max-snippet:-1, max-image-preview:large, max-video-preview:-1\" \/>\n<link rel=\"canonical\" href=\"https:\/\/www.coffeedesk.pl\/blog\/kawa-po-hiszpansku-cortado-cafe-con-hielo-cafe-bombon-czym-sa-i-jak-je-zrobic\/\" \/>\n<meta property=\"og:locale\" content=\"pl_PL\" \/>\n<meta property=\"og:type\" content=\"article\" \/>\n<meta property=\"og:title\" content=\"Kawa po hiszpa\u0144sku: jak j\u0105 zrobi\u0107? \u2013 Blog Coffeedesk.pl\" \/>\n<meta property=\"og:description\" content=\"Cortado, Cafe con Hielo, Cafe Bombon \u2013 czym s\u0105 i jak je przyrz\u0105dzi\u0107? W tym artykule przenosimy si\u0119 do s\u0142onecznej Hiszpanii!\" \/>\n<meta property=\"og:url\" content=\"https:\/\/www.coffeedesk.pl\/blog\/kawa-po-hiszpansku-cortado-cafe-con-hielo-cafe-bombon-czym-sa-i-jak-je-zrobic\/\" \/>\n<meta property=\"og:site_name\" content=\"Blog Coffeedesk.pl\" \/>\n<meta property=\"article:published_time\" content=\"2021-06-23T08:15:59+00:00\" \/>\n<meta property=\"article:modified_time\" content=\"2024-05-21T10:53:55+00:00\" \/>\n<meta property=\"og:image\" content=\"https:\/\/www.coffeedesk.pl\/blog\/wp-content\/uploads\/2021\/06\/jarek-ceborski-IhqDpFz7I8Q-unsplash-scaled.jpg\" \/>\n\t<meta property=\"og:image:width\" content=\"2048\" \/>\n\t<meta property=\"og:image:height\" content=\"2560\" \/>\n\t<meta property=\"og:image:type\" content=\"image\/jpeg\" \/>\n<meta name=\"author\" content=\"Dorota Brzozowska\" \/>\n<meta name=\"twitter:card\" content=\"summary_large_image\" \/>\n<meta name=\"twitter:label1\" content=\"Napisane przez\" \/>\n\t<meta name=\"twitter:data1\" content=\"Dorota Brzozowska\" \/>\n\t<meta name=\"twitter:label2\" content=\"Szacowany czas czytania\" \/>\n\t<meta name=\"twitter:data2\" content=\"5 minut\" \/>\n<script type=\"application\/ld+json\" class=\"yoast-schema-graph\">{\"@context\":\"https:\\\/\\\/schema.org\",\"@graph\":[{\"@type\":\"Article\",\"@id\":\"https:\\\/\\\/www.coffeedesk.pl\\\/blog\\\/kawa-po-hiszpansku-cortado-cafe-con-hielo-cafe-bombon-czym-sa-i-jak-je-zrobic\\\/#article\",\"isPartOf\":{\"@id\":\"https:\\\/\\\/www.coffeedesk.pl\\\/blog\\\/kawa-po-hiszpansku-cortado-cafe-con-hielo-cafe-bombon-czym-sa-i-jak-je-zrobic\\\/\"},\"author\":{\"name\":\"Dorota Brzozowska\",\"@id\":\"https:\\\/\\\/www.coffeedesk.pl\\\/blog\\\/#\\\/schema\\\/person\\\/bf406b5d45d29fa966196cec20d4753f\"},\"headline\":\"Kawa po hiszpa\u0144sku: Cortado, Cafe con Hielo, Cafe Bombon \u2013 czym s\u0105 i jak je zrobi\u0107?\",\"datePublished\":\"2021-06-23T08:15:59+00:00\",\"dateModified\":\"2024-05-21T10:53:55+00:00\",\"mainEntityOfPage\":{\"@id\":\"https:\\\/\\\/www.coffeedesk.pl\\\/blog\\\/kawa-po-hiszpansku-cortado-cafe-con-hielo-cafe-bombon-czym-sa-i-jak-je-zrobic\\\/\"},\"wordCount\":725,\"commentCount\":1,\"publisher\":{\"@id\":\"https:\\\/\\\/www.coffeedesk.pl\\\/blog\\\/#organization\"},\"image\":{\"@id\":\"https:\\\/\\\/www.coffeedesk.pl\\\/blog\\\/kawa-po-hiszpansku-cortado-cafe-con-hielo-cafe-bombon-czym-sa-i-jak-je-zrobic\\\/#primaryimage\"},\"thumbnailUrl\":\"https:\\\/\\\/www.coffeedesk.pl\\\/blog\\\/wp-content\\\/uploads\\\/2021\\\/06\\\/jarek-ceborski-IhqDpFz7I8Q-unsplash-scaled.jpg\",\"keywords\":[\"kawa po hiszpansku\",\"kawa z lodem\",\"kawa z mlekiem\"],\"articleSection\":[\"Kawa\",\"Przepisy\"],\"inLanguage\":\"pl-PL\",\"potentialAction\":[{\"@type\":\"CommentAction\",\"name\":\"Comment\",\"target\":[\"https:\\\/\\\/www.coffeedesk.pl\\\/blog\\\/kawa-po-hiszpansku-cortado-cafe-con-hielo-cafe-bombon-czym-sa-i-jak-je-zrobic\\\/#respond\"]}]},{\"@type\":\"WebPage\",\"@id\":\"https:\\\/\\\/www.coffeedesk.pl\\\/blog\\\/kawa-po-hiszpansku-cortado-cafe-con-hielo-cafe-bombon-czym-sa-i-jak-je-zrobic\\\/\",\"url\":\"https:\\\/\\\/www.coffeedesk.pl\\\/blog\\\/kawa-po-hiszpansku-cortado-cafe-con-hielo-cafe-bombon-czym-sa-i-jak-je-zrobic\\\/\",\"name\":\"Kawa po hiszpa\u0144sku: jak j\u0105 zrobi\u0107? \u2013 Blog Coffeedesk.pl\",\"isPartOf\":{\"@id\":\"https:\\\/\\\/www.coffeedesk.pl\\\/blog\\\/#website\"},\"primaryImageOfPage\":{\"@id\":\"https:\\\/\\\/www.coffeedesk.pl\\\/blog\\\/kawa-po-hiszpansku-cortado-cafe-con-hielo-cafe-bombon-czym-sa-i-jak-je-zrobic\\\/#primaryimage\"},\"image\":{\"@id\":\"https:\\\/\\\/www.coffeedesk.pl\\\/blog\\\/kawa-po-hiszpansku-cortado-cafe-con-hielo-cafe-bombon-czym-sa-i-jak-je-zrobic\\\/#primaryimage\"},\"thumbnailUrl\":\"https:\\\/\\\/www.coffeedesk.pl\\\/blog\\\/wp-content\\\/uploads\\\/2021\\\/06\\\/jarek-ceborski-IhqDpFz7I8Q-unsplash-scaled.jpg\",\"datePublished\":\"2021-06-23T08:15:59+00:00\",\"dateModified\":\"2024-05-21T10:53:55+00:00\",\"description\":\"Cortado, Cafe con Hielo, Cafe Bombon \u2013 czym s\u0105 i jak je przyrz\u0105dzi\u0107? W tym artykule przenosimy si\u0119 do s\u0142onecznej Hiszpanii!\",\"breadcrumb\":{\"@id\":\"https:\\\/\\\/www.coffeedesk.pl\\\/blog\\\/kawa-po-hiszpansku-cortado-cafe-con-hielo-cafe-bombon-czym-sa-i-jak-je-zrobic\\\/#breadcrumb\"},\"inLanguage\":\"pl-PL\",\"potentialAction\":[{\"@type\":\"ReadAction\",\"target\":[\"https:\\\/\\\/www.coffeedesk.pl\\\/blog\\\/kawa-po-hiszpansku-cortado-cafe-con-hielo-cafe-bombon-czym-sa-i-jak-je-zrobic\\\/\"]}]},{\"@type\":\"ImageObject\",\"inLanguage\":\"pl-PL\",\"@id\":\"https:\\\/\\\/www.coffeedesk.pl\\\/blog\\\/kawa-po-hiszpansku-cortado-cafe-con-hielo-cafe-bombon-czym-sa-i-jak-je-zrobic\\\/#primaryimage\",\"url\":\"https:\\\/\\\/www.coffeedesk.pl\\\/blog\\\/wp-content\\\/uploads\\\/2021\\\/06\\\/jarek-ceborski-IhqDpFz7I8Q-unsplash-scaled.jpg\",\"contentUrl\":\"https:\\\/\\\/www.coffeedesk.pl\\\/blog\\\/wp-content\\\/uploads\\\/2021\\\/06\\\/jarek-ceborski-IhqDpFz7I8Q-unsplash-scaled.jpg\",\"width\":2048,\"height\":2560,\"caption\":\"jedna z kaw po hiszpa\u0144sku cortado\"},{\"@type\":\"BreadcrumbList\",\"@id\":\"https:\\\/\\\/www.coffeedesk.pl\\\/blog\\\/kawa-po-hiszpansku-cortado-cafe-con-hielo-cafe-bombon-czym-sa-i-jak-je-zrobic\\\/#breadcrumb\",\"itemListElement\":[{\"@type\":\"ListItem\",\"position\":1,\"name\":\"Strona g\u0142\u00f3wna\",\"item\":\"https:\\\/\\\/www.coffeedesk.pl\\\/blog\\\/\"},{\"@type\":\"ListItem\",\"position\":2,\"name\":\"Kawa po hiszpa\u0144sku: Cortado, Cafe con Hielo, Cafe Bombon \u2013 czym s\u0105 i jak je zrobi\u0107?\"}]},{\"@type\":\"WebSite\",\"@id\":\"https:\\\/\\\/www.coffeedesk.pl\\\/blog\\\/#website\",\"url\":\"https:\\\/\\\/www.coffeedesk.pl\\\/blog\\\/\",\"name\":\"Blog Coffeedesk.pl\",\"description\":\"\",\"publisher\":{\"@id\":\"https:\\\/\\\/www.coffeedesk.pl\\\/blog\\\/#organization\"},\"potentialAction\":[{\"@type\":\"SearchAction\",\"target\":{\"@type\":\"EntryPoint\",\"urlTemplate\":\"https:\\\/\\\/www.coffeedesk.pl\\\/blog\\\/?s={search_term_string}\"},\"query-input\":{\"@type\":\"PropertyValueSpecification\",\"valueRequired\":true,\"valueName\":\"search_term_string\"}}],\"inLanguage\":\"pl-PL\"},{\"@type\":\"Organization\",\"@id\":\"https:\\\/\\\/www.coffeedesk.pl\\\/blog\\\/#organization\",\"name\":\"Coffeedesk.pl\",\"url\":\"https:\\\/\\\/www.coffeedesk.pl\\\/blog\\\/\",\"logo\":{\"@type\":\"ImageObject\",\"inLanguage\":\"pl-PL\",\"@id\":\"https:\\\/\\\/www.coffeedesk.pl\\\/blog\\\/#\\\/schema\\\/logo\\\/image\\\/\",\"url\":\"https:\\\/\\\/www.coffeedesk.pl\\\/blog\\\/wp-content\\\/uploads\\\/2019\\\/10\\\/logo_color.png\",\"contentUrl\":\"https:\\\/\\\/www.coffeedesk.pl\\\/blog\\\/wp-content\\\/uploads\\\/2019\\\/10\\\/logo_color.png\",\"width\":246,\"height\":50,\"caption\":\"Coffeedesk.pl\"},\"image\":{\"@id\":\"https:\\\/\\\/www.coffeedesk.pl\\\/blog\\\/#\\\/schema\\\/logo\\\/image\\\/\"}},{\"@type\":\"Person\",\"@id\":\"https:\\\/\\\/www.coffeedesk.pl\\\/blog\\\/#\\\/schema\\\/person\\\/bf406b5d45d29fa966196cec20d4753f\",\"name\":\"Dorota Brzozowska\",\"image\":{\"@type\":\"ImageObject\",\"inLanguage\":\"pl-PL\",\"@id\":\"https:\\\/\\\/www.coffeedesk.pl\\\/blog\\\/wp-content\\\/uploads\\\/2018\\\/02\\\/30127216_2093408250676232_4259481301242871808_n-320x320.jpg\",\"url\":\"https:\\\/\\\/www.coffeedesk.pl\\\/blog\\\/wp-content\\\/uploads\\\/2018\\\/02\\\/30127216_2093408250676232_4259481301242871808_n-320x320.jpg\",\"contentUrl\":\"https:\\\/\\\/www.coffeedesk.pl\\\/blog\\\/wp-content\\\/uploads\\\/2018\\\/02\\\/30127216_2093408250676232_4259481301242871808_n-320x320.jpg\",\"caption\":\"Dorota Brzozowska\"},\"description\":\"Chocia\u017c opu\u015bci\u0142a ko\u0142obrzesk\u0105 kawiarni\u0119 wspiera Coffeedesk na odleg\u0142o\u015b\u0107. Pije czarn\u0105 kaw\u0119, wychowuje czarnego kota i studiuje filozofi\u0119.\",\"sameAs\":[\"http:\\\/\\\/coffeedesk.pl\"],\"url\":\"https:\\\/\\\/www.coffeedesk.pl\\\/blog\\\/author\\\/dbrzozowska\\\/\"}]}<\/script>\n<!-- \/ Yoast SEO plugin. -->","yoast_head_json":{"title":"Kawa po hiszpa\u0144sku: jak j\u0105 zrobi\u0107? \u2013 Blog Coffeedesk.pl","description":"Cortado, Cafe con Hielo, Cafe Bombon \u2013 czym s\u0105 i jak je przyrz\u0105dzi\u0107? W tym artykule przenosimy si\u0119 do s\u0142onecznej Hiszpanii!","robots":{"index":"index","follow":"follow","max-snippet":"max-snippet:-1","max-image-preview":"max-image-preview:large","max-video-preview":"max-video-preview:-1"},"canonical":"https:\/\/www.coffeedesk.pl\/blog\/kawa-po-hiszpansku-cortado-cafe-con-hielo-cafe-bombon-czym-sa-i-jak-je-zrobic\/","og_locale":"pl_PL","og_type":"article","og_title":"Kawa po hiszpa\u0144sku: jak j\u0105 zrobi\u0107? \u2013 Blog Coffeedesk.pl","og_description":"Cortado, Cafe con Hielo, Cafe Bombon \u2013 czym s\u0105 i jak je przyrz\u0105dzi\u0107? W tym artykule przenosimy si\u0119 do s\u0142onecznej Hiszpanii!","og_url":"https:\/\/www.coffeedesk.pl\/blog\/kawa-po-hiszpansku-cortado-cafe-con-hielo-cafe-bombon-czym-sa-i-jak-je-zrobic\/","og_site_name":"Blog Coffeedesk.pl","article_published_time":"2021-06-23T08:15:59+00:00","article_modified_time":"2024-05-21T10:53:55+00:00","og_image":[{"width":2048,"height":2560,"url":"https:\/\/www.coffeedesk.pl\/blog\/wp-content\/uploads\/2021\/06\/jarek-ceborski-IhqDpFz7I8Q-unsplash-scaled.jpg","type":"image\/jpeg"}],"author":"Dorota Brzozowska","twitter_card":"summary_large_image","twitter_misc":{"Napisane przez":"Dorota Brzozowska","Szacowany czas czytania":"5 minut"},"schema":{"@context":"https:\/\/schema.org","@graph":[{"@type":"Article","@id":"https:\/\/www.coffeedesk.pl\/blog\/kawa-po-hiszpansku-cortado-cafe-con-hielo-cafe-bombon-czym-sa-i-jak-je-zrobic\/#article","isPartOf":{"@id":"https:\/\/www.coffeedesk.pl\/blog\/kawa-po-hiszpansku-cortado-cafe-con-hielo-cafe-bombon-czym-sa-i-jak-je-zrobic\/"},"author":{"name":"Dorota Brzozowska","@id":"https:\/\/www.coffeedesk.pl\/blog\/#\/schema\/person\/bf406b5d45d29fa966196cec20d4753f"},"headline":"Kawa po hiszpa\u0144sku: Cortado, Cafe con Hielo, Cafe Bombon \u2013 czym s\u0105 i jak je zrobi\u0107?","datePublished":"2021-06-23T08:15:59+00:00","dateModified":"2024-05-21T10:53:55+00:00","mainEntityOfPage":{"@id":"https:\/\/www.coffeedesk.pl\/blog\/kawa-po-hiszpansku-cortado-cafe-con-hielo-cafe-bombon-czym-sa-i-jak-je-zrobic\/"},"wordCount":725,"commentCount":1,"publisher":{"@id":"https:\/\/www.coffeedesk.pl\/blog\/#organization"},"image":{"@id":"https:\/\/www.coffeedesk.pl\/blog\/kawa-po-hiszpansku-cortado-cafe-con-hielo-cafe-bombon-czym-sa-i-jak-je-zrobic\/#primaryimage"},"thumbnailUrl":"https:\/\/www.coffeedesk.pl\/blog\/wp-content\/uploads\/2021\/06\/jarek-ceborski-IhqDpFz7I8Q-unsplash-scaled.jpg","keywords":["kawa po hiszpansku","kawa z lodem","kawa z mlekiem"],"articleSection":["Kawa","Przepisy"],"inLanguage":"pl-PL","potentialAction":[{"@type":"CommentAction","name":"Comment","target":["https:\/\/www.coffeedesk.pl\/blog\/kawa-po-hiszpansku-cortado-cafe-con-hielo-cafe-bombon-czym-sa-i-jak-je-zrobic\/#respond"]}]},{"@type":"WebPage","@id":"https:\/\/www.coffeedesk.pl\/blog\/kawa-po-hiszpansku-cortado-cafe-con-hielo-cafe-bombon-czym-sa-i-jak-je-zrobic\/","url":"https:\/\/www.coffeedesk.pl\/blog\/kawa-po-hiszpansku-cortado-cafe-con-hielo-cafe-bombon-czym-sa-i-jak-je-zrobic\/","name":"Kawa po hiszpa\u0144sku: jak j\u0105 zrobi\u0107? \u2013 Blog Coffeedesk.pl","isPartOf":{"@id":"https:\/\/www.coffeedesk.pl\/blog\/#website"},"primaryImageOfPage":{"@id":"https:\/\/www.coffeedesk.pl\/blog\/kawa-po-hiszpansku-cortado-cafe-con-hielo-cafe-bombon-czym-sa-i-jak-je-zrobic\/#primaryimage"},"image":{"@id":"https:\/\/www.coffeedesk.pl\/blog\/kawa-po-hiszpansku-cortado-cafe-con-hielo-cafe-bombon-czym-sa-i-jak-je-zrobic\/#primaryimage"},"thumbnailUrl":"https:\/\/www.coffeedesk.pl\/blog\/wp-content\/uploads\/2021\/06\/jarek-ceborski-IhqDpFz7I8Q-unsplash-scaled.jpg","datePublished":"2021-06-23T08:15:59+00:00","dateModified":"2024-05-21T10:53:55+00:00","description":"Cortado, Cafe con Hielo, Cafe Bombon \u2013 czym s\u0105 i jak je przyrz\u0105dzi\u0107? W tym artykule przenosimy si\u0119 do s\u0142onecznej Hiszpanii!","breadcrumb":{"@id":"https:\/\/www.coffeedesk.pl\/blog\/kawa-po-hiszpansku-cortado-cafe-con-hielo-cafe-bombon-czym-sa-i-jak-je-zrobic\/#breadcrumb"},"inLanguage":"pl-PL","potentialAction":[{"@type":"ReadAction","target":["https:\/\/www.coffeedesk.pl\/blog\/kawa-po-hiszpansku-cortado-cafe-con-hielo-cafe-bombon-czym-sa-i-jak-je-zrobic\/"]}]},{"@type":"ImageObject","inLanguage":"pl-PL","@id":"https:\/\/www.coffeedesk.pl\/blog\/kawa-po-hiszpansku-cortado-cafe-con-hielo-cafe-bombon-czym-sa-i-jak-je-zrobic\/#primaryimage","url":"https:\/\/www.coffeedesk.pl\/blog\/wp-content\/uploads\/2021\/06\/jarek-ceborski-IhqDpFz7I8Q-unsplash-scaled.jpg","contentUrl":"https:\/\/www.coffeedesk.pl\/blog\/wp-content\/uploads\/2021\/06\/jarek-ceborski-IhqDpFz7I8Q-unsplash-scaled.jpg","width":2048,"height":2560,"caption":"jedna z kaw po hiszpa\u0144sku cortado"},{"@type":"BreadcrumbList","@id":"https:\/\/www.coffeedesk.pl\/blog\/kawa-po-hiszpansku-cortado-cafe-con-hielo-cafe-bombon-czym-sa-i-jak-je-zrobic\/#breadcrumb","itemListElement":[{"@type":"ListItem","position":1,"name":"Strona g\u0142\u00f3wna","item":"https:\/\/www.coffeedesk.pl\/blog\/"},{"@type":"ListItem","position":2,"name":"Kawa po hiszpa\u0144sku: Cortado, Cafe con Hielo, Cafe Bombon \u2013 czym s\u0105 i jak je zrobi\u0107?"}]},{"@type":"WebSite","@id":"https:\/\/www.coffeedesk.pl\/blog\/#website","url":"https:\/\/www.coffeedesk.pl\/blog\/","name":"Blog Coffeedesk.pl","description":"","publisher":{"@id":"https:\/\/www.coffeedesk.pl\/blog\/#organization"},"potentialAction":[{"@type":"SearchAction","target":{"@type":"EntryPoint","urlTemplate":"https:\/\/www.coffeedesk.pl\/blog\/?s={search_term_string}"},"query-input":{"@type":"PropertyValueSpecification","valueRequired":true,"valueName":"search_term_string"}}],"inLanguage":"pl-PL"},{"@type":"Organization","@id":"https:\/\/www.coffeedesk.pl\/blog\/#organization","name":"Coffeedesk.pl","url":"https:\/\/www.coffeedesk.pl\/blog\/","logo":{"@type":"ImageObject","inLanguage":"pl-PL","@id":"https:\/\/www.coffeedesk.pl\/blog\/#\/schema\/logo\/image\/","url":"https:\/\/www.coffeedesk.pl\/blog\/wp-content\/uploads\/2019\/10\/logo_color.png","contentUrl":"https:\/\/www.coffeedesk.pl\/blog\/wp-content\/uploads\/2019\/10\/logo_color.png","width":246,"height":50,"caption":"Coffeedesk.pl"},"image":{"@id":"https:\/\/www.coffeedesk.pl\/blog\/#\/schema\/logo\/image\/"}},{"@type":"Person","@id":"https:\/\/www.coffeedesk.pl\/blog\/#\/schema\/person\/bf406b5d45d29fa966196cec20d4753f","name":"Dorota Brzozowska","image":{"@type":"ImageObject","inLanguage":"pl-PL","@id":"https:\/\/www.coffeedesk.pl\/blog\/wp-content\/uploads\/2018\/02\/30127216_2093408250676232_4259481301242871808_n-320x320.jpg","url":"https:\/\/www.coffeedesk.pl\/blog\/wp-content\/uploads\/2018\/02\/30127216_2093408250676232_4259481301242871808_n-320x320.jpg","contentUrl":"https:\/\/www.coffeedesk.pl\/blog\/wp-content\/uploads\/2018\/02\/30127216_2093408250676232_4259481301242871808_n-320x320.jpg","caption":"Dorota Brzozowska"},"description":"Chocia\u017c opu\u015bci\u0142a ko\u0142obrzesk\u0105 kawiarni\u0119 wspiera Coffeedesk na odleg\u0142o\u015b\u0107. Pije czarn\u0105 kaw\u0119, wychowuje czarnego kota i studiuje filozofi\u0119.","sameAs":["http:\/\/coffeedesk.pl"],"url":"https:\/\/www.coffeedesk.pl\/blog\/author\/dbrzozowska\/"}]}},"jetpack_featured_media_url":"https:\/\/www.coffeedesk.pl\/blog\/wp-content\/uploads\/2021\/06\/jarek-ceborski-IhqDpFz7I8Q-unsplash-scaled.jpg","_links":{"self":[{"href":"https:\/\/www.coffeedesk.pl\/blog\/wp-json\/wp\/v2\/posts\/15515","targetHints":{"allow":["GET"]}}],"collection":[{"href":"https:\/\/www.coffeedesk.pl\/blog\/wp-json\/wp\/v2\/posts"}],"about":[{"href":"https:\/\/www.coffeedesk.pl\/blog\/wp-json\/wp\/v2\/types\/post"}],"author":[{"embeddable":true,"href":"https:\/\/www.coffeedesk.pl\/blog\/wp-json\/wp\/v2\/users\/36"}],"replies":[{"embeddable":true,"href":"https:\/\/www.coffeedesk.pl\/blog\/wp-json\/wp\/v2\/comments?post=15515"}],"version-history":[{"count":12,"href":"https:\/\/www.coffeedesk.pl\/blog\/wp-json\/wp\/v2\/posts\/15515\/revisions"}],"predecessor-version":[{"id":25362,"href":"https:\/\/www.coffeedesk.pl\/blog\/wp-json\/wp\/v2\/posts\/15515\/revisions\/25362"}],"wp:featuredmedia":[{"embeddable":true,"href":"https:\/\/www.coffeedesk.pl\/blog\/wp-json\/wp\/v2\/media\/15519"}],"wp:attachment":[{"href":"https:\/\/www.coffeedesk.pl\/blog\/wp-json\/wp\/v2\/media?parent=15515"}],"wp:term":[{"taxonomy":"category","embeddable":true,"href":"https:\/\/www.coffeedesk.pl\/blog\/wp-json\/wp\/v2\/categories?post=15515"},{"taxonomy":"post_tag","embeddable":true,"href":"https:\/\/www.coffeedesk.pl\/blog\/wp-json\/wp\/v2\/tags?post=15515"},{"taxonomy":"powerkit_post_featured","embeddable":true,"href":"https:\/\/www.coffeedesk.pl\/blog\/wp-json\/wp\/v2\/powerkit_post_featured?post=15515"}],"curies":[{"name":"wp","href":"https:\/\/api.w.org\/{rel}","templated":true}]}}