{"id":17586,"date":"2022-02-21T13:53:26","date_gmt":"2022-02-21T12:53:26","guid":{"rendered":"https:\/\/www.coffeedesk.pl\/blog\/?p=17586"},"modified":"2022-02-21T17:27:49","modified_gmt":"2022-02-21T16:27:49","slug":"skad-ten-cynamon-w-kawie-o-eksperymentalnej-fermentacji-aromatyzowaniu-i-kontrowersjach-jakie-wzbudzaja-te-procesy","status":"publish","type":"post","link":"https:\/\/www.coffeedesk.pl\/blog\/skad-ten-cynamon-w-kawie-o-eksperymentalnej-fermentacji-aromatyzowaniu-i-kontrowersjach-jakie-wzbudzaja-te-procesy\/","title":{"rendered":"Sk\u0105d ten cynamon w kawie? O eksperymentalnej fermentacji, aromatyzowaniu i kontrowersjach, jakie wzbudzaj\u0105 te procesy"},"content":{"rendered":"<p><big><strong>Aromatyzowanie to od pewnego czasu gor\u0105cy temat, kt\u00f3ry wywo\u0142uje mn\u00f3stwo dyskusji w bran\u017cy i dzieli \u015brodowisko kawowe na zwolennik\u00f3w i przeciwnik\u00f3w tego procesu. Zebrali\u015bmy dla Was wypowiedzi wielu specjalist\u00f3w z bran\u017cy, pal\u0105cych i sprzedaj\u0105cych kaw\u0119 w r\u00f3\u017cnych krajach i przychodzimy na ratunek z solidn\u0105 porcj\u0105 wiedzy. Zapraszam do lektury i wyci\u0105gania w\u0142asnych wniosk\u00f3w, mam nadziej\u0119, \u017ce na podstawie poni\u017cszych informacji b\u0119dziecie mogli wyrobi\u0107 sobie w\u0142asne zdanie na temat kaw aromatyzowanych!<\/strong><\/big><\/p>\n<p><span style=\"font-weight: 400;\">Tradycyjnie kaw\u0119 obrabia si\u0119 na jeden z 3 sposob\u00f3w: <strong>na mokro, na sucho i na \u201cmiodowo\u201d<\/strong>, czyli pomi\u0119dzy. Mo\u017cecie o tym przeczyta\u0107 wi\u0119cej chocia\u017cby w <\/span><a href=\"https:\/\/www.coffeedesk.pl\/blog\/obrobka-kawy-washed-natural-honey\/\" target=\"_blank\" rel=\"noopener\"><span style=\"font-weight: 400;\"><strong>tym artykule Ma\u0107ka Duszaka<\/strong><\/span><\/a><span style=\"font-weight: 400;\">. W ostatnich latach \u0142atwo jednak dostrzec rosn\u0105c\u0105 popularno\u015b\u0107 eksperymentalnych metod. Podczas Mistrzostw \u015awiata Barist\u00f3w zawodnicy robi\u0105 wszystko, by zaskoczyc\u0301 se\u0328dzio\u0301w sensorycznych. Kawy cechuja\u0328ce sie\u0328 innowacyjnymi metodami obro\u0301bki s\u0105 jednym ze \u015brodk\u00f3w s\u0142u\u017c\u0105cych do osi\u0105gni\u0119cia tego celu. Producenci kawy zacz\u0119li stosowa\u0107 <strong>techniki fermentacji znane od lat w przemy\u015ble winiarskim<\/strong>. Pionierem tej metody by\u0142 <strong>Sasa Sestic<\/strong>, zwyci\u0119zca WBC z 2015, kt\u00f3rego przygod\u0119 z fermentacj\u0105 obszernie opisuje artyku\u0142 <\/span><strong><a href=\"https:\/\/perfectdailygrind.com\/2021\/08\/infused-coffees-experiments-with-fermentation\/\" target=\"_blank\" rel=\"noopener\">Perfect Daily Grind<\/a><\/strong><span style=\"font-weight: 400;\">. Fermentacja zmieni\u0142a trajektori\u0119 produkcji kawy, a tak\u017ce stworzy\u0142a mo\u017cliwo\u015b\u0107 dodawania do kawy innych smak\u00f3w. Otworzy\u0142y si\u0119 drzwi zar\u00f3wno dla bardzo dobrej, jak i bardzo z\u0142ej kawy.\u00a0<\/span><\/p>\n<p><img  loading=\"lazy\"  decoding=\"async\"  class=\"alignnone size-medium wp-image-17597 pk-lazyload\"  src=\"data:image\/png;base64,iVBORw0KGgoAAAANSUhEUgAAAyAAAASwAQMAAAA5f7zmAAAAA1BMVEUAAP+KeNJXAAAAAXRSTlMAQObYZgAAAAlwSFlzAAAOxAAADsQBlSsOGwAAAIxJREFUeNrtwQENAAAAwqD3T20PBxQAAAAAAAAAAAAAAAAAAAAAAAAAAAAAAAAAAAAAAAAAAAAAAAAAAAAAAAAAAAAAAAAAAAAAAAAAAAAAAAAAAAAAAAAAAAAAAAAAAAAAAAAAAAAAAAAAAAAAAAAAAAAAAAAAAAAAAAAAAAAAAAAAAAAAAAAAAAAPBtl\/AAGNyqJ5AAAAAElFTkSuQmCC\"  alt=\"kawa specialty\"  width=\"800\"  height=\"1200\"  data-pk-sizes=\"auto\"  data-ls-sizes=\"auto, (max-width: 800px) 100vw, 800px\"  data-pk-src=\"https:\/\/www.coffeedesk.pl\/blog\/wp-content\/uploads\/2022\/02\/51523886093_a3bddcc046_k-800x1200.jpg\"  data-pk-srcset=\"https:\/\/www.coffeedesk.pl\/blog\/wp-content\/uploads\/2022\/02\/51523886093_a3bddcc046_k-800x1200.jpg 800w, https:\/\/www.coffeedesk.pl\/blog\/wp-content\/uploads\/2022\/02\/51523886093_a3bddcc046_k-1160x1740.jpg 1160w, https:\/\/www.coffeedesk.pl\/blog\/wp-content\/uploads\/2022\/02\/51523886093_a3bddcc046_k-1024x1536.jpg 1024w, https:\/\/www.coffeedesk.pl\/blog\/wp-content\/uploads\/2022\/02\/51523886093_a3bddcc046_k-320x480.jpg 320w, https:\/\/www.coffeedesk.pl\/blog\/wp-content\/uploads\/2022\/02\/51523886093_a3bddcc046_k-560x840.jpg 560w, https:\/\/www.coffeedesk.pl\/blog\/wp-content\/uploads\/2022\/02\/51523886093_a3bddcc046_k.jpg 1365w\" ><\/p>\n<p><span style=\"font-weight: 400;\">Regulamin <strong>Mistrzostw \u015awiata w Kawie<\/strong> stanowi, \u017ce zawodnik nie mo\u017ce u\u017cywa\u0107 kawy, do kt\u00f3rej pomi\u0119dzy zbiorem a ekstrakcj\u0105 dodano jakiekolwiek dodatki, aromaty, barwniki, perfumy lub substancje zapachowe, wi\u0119c tu jeste\u015bmy bezpieczni. Prawdopodobnie. Zawodnicy musz\u0105 uzyska\u0107 te informacje od rolnik\u00f3w i zweryfikowa\u0107 je, aby upewni\u0107 si\u0119, \u017ce nie zostan\u0105 zdyskwalifikowani, ale zdarza si\u0119, \u017ce zupe\u0142nie nie\u015bwiadomi, otrzymuj\u0105 nieprawdziwe informacje.\u00a0<\/span><\/p>\n<p><i><span style=\"font-weight: 400;\">Zawodnicy byli pewni, \u017ce ich partie s\u0105 w 100% nieinfuzyjne. Uwa\u017cam jednak, \u017ce bez tego nie mogliby mie\u0107 tak silnego profilu cynamonowego. W kawie mog\u0105 pojawi\u0107 si\u0119 nuty cynamonu i r\u00f3\u017cy, ale przy takiej intensywno\u015bci jest wysoce nieprawdopodobne, aby te smaki by\u0142y naturalne &#8211; <\/span><\/i><span style=\"font-weight: 400;\">wypowiada si\u0119 <strong>Sasa Sestic<\/strong> we wspomnianym wy\u017cej artykule PDG.<\/span><\/p>\n<p><span style=\"font-weight: 400;\">Nieumiej\u0119tna fermentacja i aromatyzowanie oznaczaj\u0105 sztuczno\u015b\u0107 i utrat\u0119 naturalnego i po\u017c\u0105danego smaku kawy. Przeprowadzenie tych proces\u00f3w w profesjonalny spos\u00f3b mo\u017ce oznacza\u0107 bardzo dobry smak, ale ukrywanie aromatyzowania wi\u0105\u017ce si\u0119 z utrat\u0105 zaufania. \u015arodowisko kawowe w temacie kaw aromatyzowanych martwi\u0105 wi\u0119c dwie kwestie: <strong>jako\u015b\u0107 oraz transparencja<\/strong>.<\/span><\/p>\n<h3 id=\"piotr-jezewski-wspolzalozyciel-roaster-heresy-coffee-v-ce-mistrz-polski-roasting-2020\"><b>Piotr Je\u017cewski, wsp\u00f3\u0142za\u0142o\u017cyciel &amp; Roaster Heresy Coffee, v-ce Mistrz Polski Roasting 2020:<\/b><\/h3>\n<p><i><span style=\"font-weight: 400;\">Zacznijmy od anegdotki! W po\u0142owie 2020 roku dosta\u0142em od polskiej palarni ziarna pochodz\u0105ce od znanego z kombinowania przy fermentacji kolumbijskiego producenta. Z marszu zastanawiaj\u0105ce, \u017ce kawa pachnia\u0142a dok\u0142adnie tak samo na wszystkich etapach oceny: ca\u0142e ziarna, zmielone ziarna, zalane ziarna, a nawet&#8230; zimne fusy. Ten sam intensywny, sztuczno-owocowy aromat. A w smaku &#8211; jej zapach! W pa\u017adzierniku 2021 wyj\u0105\u0142em paczk\u0119 z szafki &#8211; kawa mo\u017ce tylko odrobin\u0119 straci\u0142a na intensywno\u015bci. W cuppingu smakowa\u0142a troch\u0119 brudniej i bardziej pusto, lecz ta przesadna, cukierkowa morelowo\u015b\u0107 dominowa\u0142a niezmiennie. Po ponad roku od wypalenia! Nie mam nic przeciwko kawom \u201cna sterydach\u201d samym w sobie. Mo\u017cna by\u0142o spodziewa\u0107 si\u0119 wybuchu takiej mody ju\u017c kilka lat temu w zwi\u0105zku z \u201cafer\u0105\u201d z dodawaniem cynamonu do kostaryka\u0144skich anaerobik\u00f3w czy wej\u015bciem na rynek komercyjnych dro\u017cd\u017cy do fermentacji kawy. Te, w wielkim skr\u00f3cie, maj\u0105 za zadanie modulowa\u0107 ko\u0144cowy profil w celu poprawienia jako\u015bci i \u201cpodci\u0105gni\u0119cia\u201d punkt\u00f3w, najcz\u0119\u015bciej ziarnom z p\u00f3\u0142ki tak zwanego lower specialty (powiedzmy, 80-84 pkt. SCA). Nic dziwnego, i\u017c producenci robi\u0105 kolejny krok i na wszelkie sposoby pr\u00f3buj\u0105 wyr\u00f3\u017cni\u0107 si\u0119 na scenie mi\u0119dzynarodowej, uatrakcyjniaj\u0105c sw\u00f3j produkt.<\/span><\/i><\/p>\n<p><i><span style=\"font-weight: 400;\">Moj\u0105 nieprzychylno\u015b\u0107 budzi natomiast notoryczny brak transparentno\u015bci zar\u00f3wno od strony <\/span><\/i><i><span style=\"font-weight: 400;\">producent\u00f3w, importer\u00f3w, jak i palarni. To taka reakcja \u0142a\u0144cuchowa, gdzie producent (a czasem mo\u017ce i importer) zachowuje dla siebie szczeg\u00f3\u0142y procesu, kt\u00f3ry sprawi\u0142, \u017ce \u201czwyk\u0142e\u201d castillo z 1400 metr\u00f3w pachnie i smakuje jak trzy gumy balonowe i \u0142y\u017cka cukru w\u0142o\u017cone do ust naraz. Zamiast tego, na etykiecie widnieje lakoniczne \u201canaerobic experimental process\u201d. I trzykrotnie wy\u017csza cena. Takie kawy, postawione na stole obok kaw przeprocesowanych \u201cnaturalnie\u201d, dominuj\u0105 nad nimi intensywno\u015bci\u0105 czy poziomem s\u0142odyczy. \u0141atwiej jest te\u017c z zasady wychwyci\u0107 w takich naparach konkretne, ewidentne nuty smakowe. Ale to tak, jak postawienie obok siebie najwy\u017cszej jako\u015bci tajwa\u0144skiego oolonga o subtelnych kwiatowo-owocowych nutach i aromatyzowanej herbatki z herbapolu. Zdumiewa mnie r\u00f3wnie\u017c wysoka podatno\u015b\u0107 wielu kawowych profesjonalist\u00f3w na te w\u0105tpliwe z <\/span><\/i><i><span style=\"font-weight: 400;\">punktu widzenia transparentno\u015bci praktyki. Ile razy s\u0142ysza\u0142em \u201cNie no, to wszystko na pewno jest naturalne!\u201d&#8230; Trudno mi poj\u0105\u0107, \u017ce po spr\u00f3bowaniu setek lub tysi\u0119cy kaw w ci\u0105gu lat, tak rzadko zapalaj\u0105 si\u0119 przy sto\u0142ach z \u201cfake-fermentacjami\u201d czerwone lampki ostrzegawcze \ud83d\ude09<\/span><\/i><\/p>\n<p><i><span style=\"font-weight: 400;\">Co do historii z \u201cmorelow\u0105\u201d kaw\u0105 &#8211; nie jest to ju\u017c nawet kwestia zatajania, jakoby na etapie <\/span><\/i><i><span style=\"font-weight: 400;\">procesu do ziaren zosta\u0142 dodany owoc. Przy takiej intensywno\u015bci i \u201ccudownej\u201d retencji w <\/span><\/i><i><span style=\"font-weight: 400;\">wypalonym ziarnie, stawiam worek 90-punktowej gejszy, \u017ce u\u017cyto tam sztucznego aromatu. Tak, jak robi si\u0119 to w przypadku wielu innych produkt\u00f3w spo\u017cywczych. Jest to na pewno spory problem etyczny. Wi\u0119cej pieni\u0119dzy dla producent\u00f3w &#8211; tak! Lecz nie w ten <\/span><\/i><i><span style=\"font-weight: 400;\">spos\u00f3b. Potrzeba w mojej opinii arbitralnego, przemy\u015blanego i zarazem uniwersalnego systemu, kt\u00f3ry czytelnie wyodr\u0119bni kawy procesowane za pomoc\u0105 zewn\u0119trznych ulepszaczy.<\/span><\/i><\/p>\n<figure id=\"attachment_17589\" aria-describedby=\"caption-attachment-17589\" style=\"width: 800px\" class=\"wp-caption aligncenter\"><img  loading=\"lazy\"  decoding=\"async\"  class=\"wp-image-17589 size-medium pk-lazyload\"  src=\"data:image\/png;base64,iVBORw0KGgoAAAANSUhEUgAAAyAAAAQeAQMAAAAaacx4AAAAA1BMVEUAAP+KeNJXAAAAAXRSTlMAQObYZgAAAAlwSFlzAAAOxAAADsQBlSsOGwAAAH5JREFUeNrtwTEBAAAAwqD1T20ND6AAAAAAAAAAAAAAAAAAAAAAAAAAAAAAAAAAAAAAAAAAAAAAAAAAAAAAAAAAAAAAAAAAAAAAAAAAAAAAAAAAAAAAAAAAAAAAAAAAAAAAAAAAAAAAAAAAAAAAAAAAAAAAAAAAAAAAAAAAng2f5QABagRO5QAAAABJRU5ErkJggg==\"  alt=\"piotr je\u017cewski\"  width=\"800\"  height=\"1054\"  data-pk-sizes=\"auto\"  data-ls-sizes=\"auto, (max-width: 800px) 100vw, 800px\"  data-pk-src=\"https:\/\/www.coffeedesk.pl\/blog\/wp-content\/uploads\/2022\/02\/piotrek-800x1054.jpg\"  data-pk-srcset=\"https:\/\/www.coffeedesk.pl\/blog\/wp-content\/uploads\/2022\/02\/piotrek-800x1054.jpg 800w, https:\/\/www.coffeedesk.pl\/blog\/wp-content\/uploads\/2022\/02\/piotrek-320x422.jpg 320w, https:\/\/www.coffeedesk.pl\/blog\/wp-content\/uploads\/2022\/02\/piotrek-560x738.jpg 560w, https:\/\/www.coffeedesk.pl\/blog\/wp-content\/uploads\/2022\/02\/piotrek.jpg 828w\" ><figcaption id=\"caption-attachment-17589\" class=\"wp-caption-text\">Piotr Je\u017cewski, wsp\u00f3\u0142za\u0142o\u017cyciel &amp; Roaster Heresy Coffee i v-ce Mistrz Polski Roasting 2020<\/figcaption><\/figure>\n<p><span style=\"font-weight: 400;\">Problem z aromatyzowaniem zdecydowanie nie polega na tym, \u017ce te kawy s\u0105 produkowane. Na wielu rynkach na ca\u0142ym \u015bwiecie kawy aromatyzowane lask\u0105 cynamonu, czy olejkami eterycznymi b\u0119d\u0105 popularne, znajd\u0105 swoich amator\u00f3w. To bardzo cenne zw\u0142aszcza wobec zmian klimatycznych i prawdopodobie\u0144stwa niskiej poda\u017cy kawy wysokiej jako\u015bci w przysz\u0142o\u015bci. Problemem jest przejrzysto\u015b\u0107.<\/span><\/p>\n<h3 id=\"wojtek-bialczak-head-roaster-five-elephant-v-ce-mistrz-polski-barista-2021\"><b>Wojtek Bia\u0142czak, Head Roaster Five Elephant, v-ce Mistrz Polski Barista 2021:<\/b><\/h3>\n<p><i><span style=\"font-weight: 400;\">Uwa\u017cam, \u017ce wszystko jest dla ludzi. Wobec widma niewystarczaj\u0105cej ilo\u015bci kawy w przysz\u0142o\u015bci, bardzo pozytywnym wydaje si\u0119 fakt, \u017ce nowe procesy, po udoskonaleniu, mog\u0105 podnie\u015b\u0107 jako\u015b\u0107 nieco gorszych kaw, kt\u00f3re to b\u0119d\u0105 mia\u0142y wi\u0119ksze szanse na przetrwanie nieuchronnych zmian klimatu. Nie ulega watpliwosci, ze wysokiej jako\u015bci kawy wymagaj\u0105 odpowiedniego klimatu, popyt ro\u015bnie, a sytuacja klimatyczna si\u0119 nie poprawia. Na t\u0119 chwile kawy aromatyzowane s\u0105 jednak dalekie od idea\u0142u, bo po prostu smakuja sztucznie. Do tego wszystkiego dochodzi problem z nazewnictwem &#8211; do tej pory aromatyzowanie bywa\u0142o to ukrywane pod nazwa fermentacji \u201canaerobic\u201d b\u0105d\u017c podobnie. Brak transparencji w przemy\u015ble specialty jest moim zdaniem niedopuszczalny.<\/span><\/i><\/p>\n<figure id=\"attachment_17591\" aria-describedby=\"caption-attachment-17591\" style=\"width: 800px\" class=\"wp-caption aligncenter\"><img  loading=\"lazy\"  decoding=\"async\"  class=\"wp-image-17591 size-medium pk-lazyload\"  src=\"data:image\/png;base64,iVBORw0KGgoAAAANSUhEUgAAAyAAAAPMAQMAAACAOE\/SAAAAA1BMVEUAAP+KeNJXAAAAAXRSTlMAQObYZgAAAAlwSFlzAAAOxAAADsQBlSsOGwAAAHZJREFUeNrtwTEBAAAAwqD1T20MH6AAAAAAAAAAAAAAAAAAAAAAAAAAAAAAAAAAAAAAAAAAAAAAAAAAAAAAAAAAAAAAAAAAAAAAAAAAAAAAAAAAAAAAAAAAAAAAAAAAAAAAAAAAAAAAAAAAAAAAAAAAAAAAAP4Gf4sAAZMo50QAAAAASUVORK5CYII=\"  alt=\"Wojtek Bia\u0142czak\"  width=\"800\"  height=\"972\"  data-pk-sizes=\"auto\"  data-ls-sizes=\"auto, (max-width: 800px) 100vw, 800px\"  data-pk-src=\"https:\/\/www.coffeedesk.pl\/blog\/wp-content\/uploads\/2022\/02\/wojtek-1-800x972.jpg\"  data-pk-srcset=\"https:\/\/www.coffeedesk.pl\/blog\/wp-content\/uploads\/2022\/02\/wojtek-1-800x972.jpg 800w, https:\/\/www.coffeedesk.pl\/blog\/wp-content\/uploads\/2022\/02\/wojtek-1-320x389.jpg 320w, https:\/\/www.coffeedesk.pl\/blog\/wp-content\/uploads\/2022\/02\/wojtek-1-560x680.jpg 560w, https:\/\/www.coffeedesk.pl\/blog\/wp-content\/uploads\/2022\/02\/wojtek-1.jpg 1126w\" ><figcaption id=\"caption-attachment-17591\" class=\"wp-caption-text\">Wojtek Bia\u0142czak, Head Roaster Five Elephant i v-ce Mistrz Polski Barista 2021<\/figcaption><\/figure>\n<p><span style=\"font-weight: 400;\">Kiedy wszystko jest przejrzyste, aromatyzowanie mo\u017ce p\u00f3j\u015b\u0107 bardzo dobrze. Na <strong>World of Coffee w Dubaju<\/strong> londy\u0144ska palarnia <strong>Assembly Coffee<\/strong> zaprezentowa\u0142a <strong>Fruit Fermentation Series<\/strong> &#8211; 3 kawy o aromatach owocowych: <strong>truskawki, pomara\u0144czy i marakui<\/strong>. Podczas naturalnego procesu obr\u00f3bki, wisienki kawowe susz\u0105 si\u0119 w towarzystwie owoc\u00f3w. Klient\u00f3w informowa\u0142y o tym etykiety, dodatkowe teksty do\u0142\u0105czone do kaw, a pracownicy Assembly t\u0142umaczyli proces wszystkim zainteresowanym na stoisku. Musz\u0119 przyzna\u0107, \u017ce smakowa\u0142y wybornie, podczas ca\u0142ego festiwalu pi\u0142am kaw\u0119 g\u0142\u00f3wnie na tym stoisku!<\/span><\/p>\n<h3 id=\"nick-mabey-director-of-assembly-coffee-uk\"><b>Nick\u200b Mabey, Director of Assembly Coffee, UK:<\/b><\/h3>\n<p><i><span style=\"font-weight: 400;\">Zainteresowanie i zamieszanie rosn\u0105ce ju\u017c od pewnego czasu wok\u00f3\u0142 tematu kawy aromatyzowanej, spowodowa\u0142y, \u017ce wiele os\u00f3b poszukuje lepszego zrozumienia definicji i granic mi\u0119dzy genetyk\u0105 kawy, jej obr\u00f3bk\u0105, przejrzysto\u015bci\u0105 i tworzeniem warto\u015bci zar\u00f3wno dla producent\u00f3w, jak i konsument\u00f3w. Mocno przy\u0142o\u017cy\u0142em si\u0119 do tego, by w pe\u0142ni zrozumie\u0107 we wszystkich mo\u017cliwych aspektach to, gdzie przecinaj\u0105 si\u0119 podzia\u0142y mi\u0119dzy tworzeniem, a wydobywaniem warto\u015bci dla wszystkich interesariuszy. Po tej wnikliwej analizie zrozumia\u0142em, \u017ce potrzeba reformy w tym temacie zaczyna si\u0119 tak naprawd\u0119 od fundamentalnej reedukacji bran\u017cy w temacie faktycznych funkcji fermentacji kaw mytych i naturalnych i tradycyjnej obr\u00f3bki przede wszystkim. Tylko maj\u0105c wiedz\u0119 w tym temacie, mo\u017cemy zrozumie\u0107 ograniczenia i mo\u017cliwo\u015bci egzotycznych i eksperymentalnych proces\u00f3w oraz rynk\u00f3w, kt\u00f3re tworz\u0105. Ostatnie kawy Pink Bourbon Fruit Infusion, stworzone przez Felipe Arcila z Cofinet, moim zdaniem ko\u0144cz\u0105 dyskusj\u0119 w temacie aromatyzowania. Poprzez pe\u0142n\u0105 i absolutn\u0105 integracj\u0119 genetyki, proces\u00f3w przetwarzania i aromatyzowania, powsta\u0142y kawy, kt\u00f3re po prostu m\u00f3wi\u0105 same za siebie. Lata innowacji i eksperyment\u00f3w doprowadzi\u0142y do doskona\u0142o\u015bci, te kawy powinny by\u0107 doceniane z tego powodu. Wi\u0119kszo\u015b\u0107 kaw aromatyzowanych dost\u0119pnych na rynku po prostu nie jest zbyt dobra, dlatego nawet najczystsi mi\u0142o\u015bnicy kawy nawracaj\u0105 si\u0119 i degustuj\u0105, jakie rezultaty osi\u0105ga si\u0119 obecnie.<\/span><\/i><\/p>\n<div id='gallery-1' class='gallery galleryid-17586 gallery-columns-2 gallery-size-full'><figure class='gallery-item'>\n\t\t\t<div class='gallery-icon portrait'>\n\t\t\t\t<img loading=\"lazy\" decoding=\"async\" width=\"1707\" height=\"2560\" src=\"data:image\/png;base64,iVBORw0KGgoAAAANSUhEUgAABqsAAAoAAQMAAAAcOIp6AAAAA1BMVEUAAP+KeNJXAAAAAXRSTlMAQObYZgAAAAlwSFlzAAAOxAAADsQBlSsOGwAAAixJREFUeNrtwTEBAAAAwqD1T20KP6AAAAAAAAAAAAAAAAAAAAAAAAAAAAAAAAAAAAAAAAAAAAAAAAAAAAAAAAAAAAAAAAAAAAAAAAAAAAAAAAAAAAAAAAAAAAAAAAAAAAAAAAAAAAAAAAAAAAAAAAAAAAAAAAAAAAAAAAAAAAAAAAAAAAAAAAAAAAAAAAAAAAAAAAAAAAAAAAAAAAAAAAAAAAAAAAAAAAAAAAAAAAAAAAAAAAAAAAAAAAAAAAAAAAAAAAAAAAAAAAAAAAAAAAAAAAAAAAAAAAAAAAAAAAAAAAAAAAAAAAAAAAAAAAAAAAAAAAAAAAAAAAAAAAAAAAAAAAAAAAAAAAAAAAAAAAAAAAAAAAAAAAAAAAAAAAAAAAAAAAAAAAAAAAAAAAAAAAAAAAAAAAAAAAAAAAAAAAAAAAAAAAAAAAAAAAAAAAAAAAAAAAAAAAAAAAAAAAAAAAAAAAAAAAAAAAAAAAAAAAAAAAAAAAAAAAAAAAAAAAAAAAAAAAAAAAAAAAAAAAAAAAAAAAAAAAAAAAAAAAAAAAAAAAAAAAAAAAAAAAAAAAAAAAAAAAAAAAAAAAAAAAAAAAAAAAAAAAAAAAAAAAAAAAAAAAAAAAAAAAAAAAAAAAAAAAAAAAAAAAAAAAAAAAAAAAAAAAAAAAAAAAAAAAAAAAAAAAAAAAAAAAAAAAAAAAAAAAAAAAAAAAAAAAAAAAAAAAAAAAAAAAAAAAAAAHgYZngAAXi0peoAAAAASUVORK5CYII=\" class=\"attachment-full size-full pk-lazyload\" alt=\"Assembly w Dubaju\" aria-describedby=\"gallery-1-17593\" data-pk-sizes=\"auto\" data-ls-sizes=\"(max-width: 1707px) 100vw, 1707px\" data-pk-src=\"https:\/\/www.coffeedesk.pl\/blog\/wp-content\/uploads\/2022\/02\/assembly-scaled.jpg\" data-pk-srcset=\"https:\/\/www.coffeedesk.pl\/blog\/wp-content\/uploads\/2022\/02\/assembly-scaled.jpg 1707w, https:\/\/www.coffeedesk.pl\/blog\/wp-content\/uploads\/2022\/02\/assembly-800x1200.jpg 800w, https:\/\/www.coffeedesk.pl\/blog\/wp-content\/uploads\/2022\/02\/assembly-1160x1740.jpg 1160w, https:\/\/www.coffeedesk.pl\/blog\/wp-content\/uploads\/2022\/02\/assembly-1024x1536.jpg 1024w, https:\/\/www.coffeedesk.pl\/blog\/wp-content\/uploads\/2022\/02\/assembly-1365x2048.jpg 1365w, https:\/\/www.coffeedesk.pl\/blog\/wp-content\/uploads\/2022\/02\/assembly-320x480.jpg 320w, https:\/\/www.coffeedesk.pl\/blog\/wp-content\/uploads\/2022\/02\/assembly-560x840.jpg 560w, https:\/\/www.coffeedesk.pl\/blog\/wp-content\/uploads\/2022\/02\/assembly-1920x2880.jpg 1920w\" \/>\n\t\t\t<\/div>\n\t\t\t\t<figcaption class='wp-caption-text gallery-caption' id='gallery-1-17593'>\n\t\t\t\tAssembly Coffee na World of Coffee w Dubaju  Expo\n\t\t\t\t<\/figcaption><\/figure><figure class='gallery-item'>\n\t\t\t<div class='gallery-icon portrait'>\n\t\t\t\t<img loading=\"lazy\" decoding=\"async\" width=\"1182\" height=\"1773\" src=\"data:image\/png;base64,iVBORw0KGgoAAAANSUhEUgAABJ4AAAbtAQMAAACn9BjvAAAAA1BMVEUAAP+KeNJXAAAAAXRSTlMAQObYZgAAAAlwSFlzAAAOxAAADsQBlSsOGwAAARZJREFUeNrtwQEBAAAAgiD\/r25IQAEAAAAAAAAAAAAAAAAAAAAAAAAAAAAAAAAAAAAAAAAAAAAAAAAAAAAAAAAAAAAAAAAAAAAAAAAAAAAAAAAAAAAAAAAAAAAAAAAAAAAAAAAAAAAAAAAAAAAAAAAAAAAAAAAAAAAAAAAAAAAAAAAAAAAAAAAAAAAAAAAAAAAAAAAAAAAAAAAAAAAAAAAAAAAAAAAAAAAAAAAAAAAAAAAAAAAAAAAAAAAAAAAAAAAAAAAAAAAAAAAAAAAAAAAAAAAAAAAAAAAAAAAAAAAAAAAAAAAAAAAAAAAAAAAAAAAAAAAAAAAAAAAAAAAAAAAAAAAAAAAAAAAAAAAAAAAAAAAAAAB3BggtAAGtUM8lAAAAAElFTkSuQmCC\" class=\"attachment-full size-full pk-lazyload\" alt=\"\" data-pk-sizes=\"auto\" data-ls-sizes=\"(max-width: 1182px) 100vw, 1182px\" data-pk-src=\"https:\/\/www.coffeedesk.pl\/blog\/wp-content\/uploads\/2022\/02\/image002v2.jpg\" data-pk-srcset=\"https:\/\/www.coffeedesk.pl\/blog\/wp-content\/uploads\/2022\/02\/image002v2.jpg 1182w, https:\/\/www.coffeedesk.pl\/blog\/wp-content\/uploads\/2022\/02\/image002v2-800x1200.jpg 800w, https:\/\/www.coffeedesk.pl\/blog\/wp-content\/uploads\/2022\/02\/image002v2-1160x1740.jpg 1160w, https:\/\/www.coffeedesk.pl\/blog\/wp-content\/uploads\/2022\/02\/image002v2-1024x1536.jpg 1024w, https:\/\/www.coffeedesk.pl\/blog\/wp-content\/uploads\/2022\/02\/image002v2-320x480.jpg 320w, https:\/\/www.coffeedesk.pl\/blog\/wp-content\/uploads\/2022\/02\/image002v2-560x840.jpg 560w\" \/>\n\t\t\t<\/div><\/figure>\n\t\t<\/div>\n\n<p><span style=\"font-weight: 400;\">A wi\u0119c dobrze, czy niedobrze? Odpowied\u017a na to pytanie jest taka, jakiej zwyk\u0142 u\u017cywa\u0107 m\u00f3j nauczyciel fizyki z liceum: <strong>to zale\u017cy<\/strong>. G\u0142\u00f3wnie od producenta, jego staranno\u015bci, znajomo\u015bci procesu, a przede wszystkim &#8211; szczero\u015bci. Fermentacja mo\u017ce przynie\u015b\u0107 niezwyk\u0142e rezultaty, natomiast sztuczne aromatyzowania kaw segmentu specialty, to odej\u015bcie od pryncypi\u00f3w, kt\u00f3re przyj\u0119li\u015bmy jako bran\u017ca.\u00a0<\/span><\/p>\n<h3 id=\"mateusz-tryjanowski-head-of-marketing-e-commerce-hayb-opiekun-projektu-barrel-aged\">Mateusz Tryjanowski, Head of Marketing &amp; E-Commerce, HAYB (opiekun projektu barrel aged):<\/h3>\n<p><i><span style=\"font-weight: 400;\">Og\u00f3lnie, w kwestii szeroko poj\u0119tej aromatyzacji, my trzymamy si\u0119 prostego za\u0142o\u017cenia &#8211; mo\u017cesz wszystko, dop\u00f3ki jeste\u015b transparentny i m\u00f3wisz wprost, co, sk\u0105d i dlaczego si\u0119 bierze! Oczywi\u015bcie jest jedno zasadnicze ale &#8211; dla nas kluczowe jest to, czy robi si\u0119 to przed, czy po paleniu.\u00a0<\/span><\/i><\/p>\n<p><i><span style=\"font-weight: 400;\">Drug\u0105 opcj\u0119 ju\u017c na starcie odrzucamy &#8211; to droga na skr\u00f3ty, nie mieszcz\u0105ca si\u0119 w ramach segmentu speciality. Je\u015bli pr\u00f3bujesz zmienia\u0107 smak praktycznie gotowego produktu w konkretny spos\u00f3b, szukaj\u0105c na to jak najpewniejszego i najta\u0144szego sposobu, to nie grasz uczciwie.<\/span><\/i><\/p>\n<p><i><span style=\"font-weight: 400;\">Naszym zdaniem tylko pierwsza opcja &#8211; czyli de facto dodatkowa obr\u00f3bka ziarna zielonego &#8211; jest fair. Przy za\u0142o\u017ceniu, \u017ce konsument jest w pe\u0142ni poinformowany, co z dan\u0105 kaw\u0105 si\u0119 sta\u0142o, na r\u00f3wni postrzegamy kontrolowan\u0105 fermentacj\u0119 (z u\u017cyciem dedykowanego szczepu dro\u017cd\u017cy czy kultury bakterii), tzw. fake fermentation (fermentacja owocu kawowca z dodatkiem np. innych owoc\u00f3w) i le\u017cakowanie w beczkach, barrel aging. To, czy zabieg jest po stronie farmera, czy po stronie palarni, nie ma a\u017c tak du\u017cego znaczenia.<\/span><\/i><\/p>\n<p><i><span style=\"font-weight: 400;\">Wa\u017cniejsze ni\u017c gdzie jest po co &#8211; np. my nie wrzucamy do beczek past crop\u00f3w i innych s\u0142abych ziaren, \u017ceby ukry\u0107 ich wady, a wrzucamy kawy, kt\u00f3re same w sobie nam smakuj\u0105 i chcemy podbi\u0107 w nich konkretne nuty lub jeszcze doda\u0107 kompleksowo\u015bci. Zawsze staramy si\u0119, aby wersja barrel aged wychodzi\u0142a r\u00f3wnolegle lub tu\u017c po premierze \u201czwyk\u0142ej\u201d kawy, dla pe\u0142nego por\u00f3wnania. Z jednej strony my (i nasi klienci!) lubi\u0105 te beczkowe nuty, d\u0119binow\u0105 wanili\u0119 i likierowy finisz &#8211; a z drugiej strony, wygodnie jest mie\u0107 te \u201c2 w 1\u201d, sprawdzi\u0107, co taki eksperymentalny proces doda\u0142, a potem zaproponowa\u0107 wyb\u00f3r, delikatny standard vs. wersja na dopingu.<\/span><\/i><\/p>\n<p><i><span style=\"font-weight: 400;\">Szczerze m\u00f3wi\u0105c, my\u015blimy, \u017ce to jest przysz\u0142o\u015b\u0107 kawy &#8211; klienci szukaj\u0105 coraz to mocniejszych wra\u017ce\u0144 i bardziej intensywnych smak\u00f3w. To wida\u0107 nie tylko na przyk\u0142adzie kaw BA &#8211; ju\u017c nie wystarczy mie\u0107 po prostu mytej Geishy w ofercie, \u017ceby zrobi\u0107 efekt wow, a trzeba mie\u0107 j\u0105 w wersji extended fermentation co\u015btam co\u015btam, najlepiej firmowan\u0105 znanym nazwiskiem (np. Diego Samuel Bermudez), z gwarancj\u0105 zaskoczenia. Klienci nie maj\u0105 ochoty zawsze szuka\u0107 subtelnych niuans\u00f3w i dopracowywa\u0107 przepis tak, \u017ceby je wszystkie wyci\u0105gn\u0105\u0107 za dwudziestym razem &#8211; oni chc\u0105 mie\u0107 kaw\u0119, kt\u00f3ra nie wymaga wielkiego wysi\u0142ku do osi\u0105gni\u0119cia spektakularnych efekt\u00f3w. Tak\u0105, kt\u00f3ra zawsze wychodzi, a nie tak\u0105, kt\u00f3ra wymaga wielkiej precyzji.<\/span><\/i><\/p>\n<p><i><span style=\"font-weight: 400;\">Wa\u017cne, \u017ceby w tym wszystkim pozosta\u0142 jasny podzia\u0142, co da si\u0119 zrobi\u0107 bez dodatkowej obr\u00f3bki, a co nie &#8211; \u017ceby ostatecznie nie oczekiwa\u0107 r\u00f3wnie spektakularnego profilu smakowego od delikatnej, mytej kawki!<\/span><\/i><\/p>\n<figure id=\"attachment_17614\" aria-describedby=\"caption-attachment-17614\" style=\"width: 800px\" class=\"wp-caption aligncenter\"><img  loading=\"lazy\"  decoding=\"async\"  class=\"size-medium wp-image-17614 pk-lazyload\"  src=\"data:image\/png;base64,iVBORw0KGgoAAAANSUhEUgAAAyAAAASwAQMAAAA5f7zmAAAAA1BMVEUAAP+KeNJXAAAAAXRSTlMAQObYZgAAAAlwSFlzAAAOxAAADsQBlSsOGwAAAIxJREFUeNrtwQENAAAAwqD3T20PBxQAAAAAAAAAAAAAAAAAAAAAAAAAAAAAAAAAAAAAAAAAAAAAAAAAAAAAAAAAAAAAAAAAAAAAAAAAAAAAAAAAAAAAAAAAAAAAAAAAAAAAAAAAAAAAAAAAAAAAAAAAAAAAAAAAAAAAAAAAAAAAAAAAAAAAAAAAAAAPBtl\/AAGNyqJ5AAAAAElFTkSuQmCC\"  alt=\"Mateusz Tryjanowski\"  width=\"800\"  height=\"1200\"  data-pk-sizes=\"auto\"  data-ls-sizes=\"auto, (max-width: 800px) 100vw, 800px\"  data-pk-src=\"https:\/\/www.coffeedesk.pl\/blog\/wp-content\/uploads\/2022\/02\/HAYB-05-Blog-800x1200.jpeg\"  data-pk-srcset=\"https:\/\/www.coffeedesk.pl\/blog\/wp-content\/uploads\/2022\/02\/HAYB-05-Blog-800x1200.jpeg 800w, https:\/\/www.coffeedesk.pl\/blog\/wp-content\/uploads\/2022\/02\/HAYB-05-Blog-320x480.jpeg 320w, https:\/\/www.coffeedesk.pl\/blog\/wp-content\/uploads\/2022\/02\/HAYB-05-Blog-560x840.jpeg 560w, https:\/\/www.coffeedesk.pl\/blog\/wp-content\/uploads\/2022\/02\/HAYB-05-Blog.jpeg 853w\" ><figcaption id=\"caption-attachment-17614\" class=\"wp-caption-text\">Mateusz Tryjanowski, Head of Marketing &amp; E-Commerce, HAYB<\/figcaption><\/figure>\n<h3 id=\"michal-sowinski-head-roaster-fjord-coffee\"><b>Micha\u0142 Sowi\u0144ski, Head Roaster Fjord Coffee:<\/b><\/h3>\n<p><i><span style=\"font-weight: 400;\">Nie ukrywam, \u017ce kawy aromatyzowane to temat, kt\u00f3ry nurtuje mnie ju\u017c od d\u0142u\u017cszego czasu. I nie m\u00f3wi\u0119 tu o aromatyzowaniu kawy komercyjnej, kt\u00f3re znamy od lat, bo to nie do ko\u0144ca segment, w kt\u00f3rym si\u0119 obracam. My\u015bl\u0119 tu raczej o tym, co aktualnie dzieje si\u0119 na rynku specialty, pod przykrywk\u0105 innowacyjnych metod obr\u00f3bki czy fermentacji.<\/span><\/i><\/p>\n<p><i><span style=\"font-weight: 400;\">Pami\u0119tam, \u017ce gdy pierwszy raz spr\u00f3bowa\u0142em takiej kawy, z pocz\u0105tku mia\u0142em bardzo pozytywne odczucia. W ko\u0144cu dosta\u0142em pod nos fili\u017cank\u0119, kt\u00f3ra swoj\u0105 intensywno\u015bci\u0105 wykracza\u0142a poza znane mi wcze\u015bniej ramy. Natomiast po jakim\u015b czasie zacz\u0105\u0142em dostrzega\u0107, \u017ce aromatyzowanie to cz\u0119sto zabieg maj\u0105cy na celu przykrycie bardzo \u015bredniej jako\u015bci, jednowymiarowych kaw i podbijanie ich intensywno\u015bci. I o ile nie przeszkadza\u0142oby mi to, gdyby by\u0142o transparentne, to w przypadku oszukiwania (nie widz\u0119 mo\u017cliwo\u015bci nazwania tego inaczej, niestety), \u017ce intensywno\u015b\u0107 owa bierze si\u0119 z wymy\u015blnych fermentacji beztlenowych i wr\u0119cz laboratoryjnych eksperyment\u00f3w na plantacjach, do\u015b\u0107 mocno mnie to razi. Zw\u0142aszcza, \u017ce sprzedaje si\u0119 to ludziom, cz\u0119sto zaczynaj\u0105cym swoj\u0105 przygod\u0119 z kaw\u0105. Je\u015bli ich punkt referencyjny oczekiwa\u0144 w kwestii intensywno\u015bci danych aromat\u00f3w czy smak\u00f3w jest zbudowany na kanwie k\u0142amstwa, to pr\u00f3buj\u0105c kawy poddanej klasycznym metodom obr\u00f3bki, nawet je\u015bli jest to kawa o wyj\u0105tkowej jako\u015bci lecz pozbawiona tej sztucznej intensywno\u015bci, b\u0119d\u0105 oni nie do ko\u0144ca zadowoleni, przywo\u0142uj\u0105c w g\u0142owie wspomnienia tej \u201cowocowej\u201d kawy, kt\u00f3r\u0105 pili ostatnio. Cz\u0119sto te\u017c aromaty te s\u0105 po prostu nienaturalne. My\u015bl\u0119, \u017ce w tej kwestii powinni\u015bmy uczy\u0107 si\u0119 od przemys\u0142u piwnego i przesta\u0107 si\u0119 wstydzi\u0107 m\u00f3wi\u0107 g\u0142o\u015bno o tym, \u017ce co\u015b zosta\u0142o dodane na kt\u00f3rym\u015b etapie produkcji. Na pewno przys\u0142u\u017cy\u0142oby si\u0119 to bardziej edukacji klient\u00f3w i budowaniu uczciwych i transparentnych biznes\u00f3w kawowych.<\/span><\/i><\/p>\n<figure id=\"attachment_17609\" aria-describedby=\"caption-attachment-17609\" style=\"width: 341px\" class=\"wp-caption aligncenter\"><img  loading=\"lazy\"  decoding=\"async\"  class=\"wp-image-17609 size-full pk-lazyload\"  src=\"data:image\/png;base64,iVBORw0KGgoAAAANSUhEUgAAAVUAAAIAAQMAAAAIaW20AAAAA1BMVEUAAP+KeNJXAAAAAXRSTlMAQObYZgAAAAlwSFlzAAAOxAAADsQBlSsOGwAAAC1JREFUeNrtwTEBAAAAwqD1T20JT6AAAAAAAAAAAAAAAAAAAAAAAAAAAACAtwFYAAAB85ARvwAAAABJRU5ErkJggg==\"  alt=\"Micha\u0142 Sowi\u0144ski, Head Roaster Fjord Coffee\"  width=\"341\"  height=\"512\"  data-pk-sizes=\"auto\"  data-ls-sizes=\"auto, (max-width: 341px) 100vw, 341px\"  data-pk-src=\"https:\/\/www.coffeedesk.pl\/blog\/wp-content\/uploads\/2022\/02\/274088392_1349622955498349_4210276882039770022_n.jpg\"  data-pk-srcset=\"https:\/\/www.coffeedesk.pl\/blog\/wp-content\/uploads\/2022\/02\/274088392_1349622955498349_4210276882039770022_n.jpg 341w, https:\/\/www.coffeedesk.pl\/blog\/wp-content\/uploads\/2022\/02\/274088392_1349622955498349_4210276882039770022_n-320x480.jpg 320w\" ><figcaption id=\"caption-attachment-17609\" class=\"wp-caption-text\">Micha\u0142 Sowi\u0144ski, Head Roaster Fjord Coffee<\/figcaption><\/figure>\n<p><span style=\"font-weight: 400;\">Na koniec kr\u00f3tkie zdanie, kt\u00f3re powtarzamy w Coffeedesku jak mantr\u0119 &#8211; <strong>najlepsza kawa to ta, kt\u00f3ra smakuje najbardziej<\/strong>. B\u0119dziemy do upad\u0142ego broni\u0107 po pierwsze transparentno\u015bci, a po drugie &#8211; wolno\u015bci wyboru. Sztuczna aromatyzowanie to odchodzenie od kanonu specialty i stoimy murem za jasnymi oznaczeniami. Ale je\u015bli macie ochot\u0119 na kaw\u0119 smakow\u0105 &#8211; nic nie stoi na przeszkodzie. Napisali\u015bmy nawet <\/span><strong><a href=\"https:\/\/www.coffeedesk.pl\/blog\/kawa-smakowa-aromatyzowana-syrop-do-kawy\/\" target=\"_blank\" rel=\"noopener\">osobny artyku\u0142<\/a><\/strong><span style=\"font-weight: 400;\"> o tym, jak j\u0105 przygotowa\u0107 zgodnie ze sztuk\u0105!<\/span><\/p>\n","protected":false},"excerpt":{"rendered":"<div class=\"post-excerpt\">Aromatyzowanie to od pewnego czasu gor\u0105cy temat, kt\u00f3ry wywo\u0142uje mn\u00f3stwo dyskusji w bran\u017cy i dzieli \u015brodowisko kawowe na zwolennik\u00f3w i przeciwnik\u00f3w tego procesu. Zebrali\u015bmy dla Was wypowiedzi wielu specjalist\u00f3w z&hellip;<\/div>\n<div class=\"post-more\"><a href=\"https:\/\/www.coffeedesk.pl\/blog\/skad-ten-cynamon-w-kawie-o-eksperymentalnej-fermentacji-aromatyzowaniu-i-kontrowersjach-jakie-wzbudzaja-te-procesy\/\" class=\"button button-primary button-effect\"><span>Czytaj wpis<\/span><span><i class=\"cs-icon cs-icon-arrow-right\"><\/i><\/span><\/a><\/div>\n","protected":false},"author":33,"featured_media":17599,"comment_status":"open","ping_status":"open","sticky":false,"template":"","format":"standard","meta":{"_acf_changed":false,"footnotes":""},"categories":[34,41],"tags":[2300,1976,481,1323],"powerkit_post_featured":[],"class_list":{"0":"post-17586","1":"post","2":"type-post","3":"status-publish","4":"format-standard","5":"has-post-thumbnail","7":"category-kawa","8":"category-speciality","9":"tag-aromaty-w-kawie","10":"tag-fermentacja","11":"tag-kawa-aromatyzowana","12":"tag-obrobka-kawy"},"acf":[],"author_display_name":"Aga Bukowska","author_url":"https:\/\/www.coffeedesk.pl\/blog\/author\/agabukowska\/","featured_image":"https:\/\/www.coffeedesk.pl\/blog\/wp-content\/uploads\/2022\/02\/51524567580_d6e70c4640_k-e1645447591681-800x376.jpg","post_tags":["aromaty w kawie","fermentacja","kawa aromatyzowana","obr\u00f3bka kawy"],"post_categories":["Kawa","Speciality"],"yoast_head":"<!-- This site is optimized with the Yoast SEO plugin v27.4 - https:\/\/yoast.com\/product\/yoast-seo-wordpress\/ -->\n<title>Aromaty w kawie: eksperymentalna fermentacja - Blog Coffeedesk.pl<\/title>\n<meta name=\"description\" content=\"Sk\u0105d ten cynamon w kawie? O eksperymentalnej fermentacji, aromatyzowaniu i kontrowersjach, jakie wzbudzaj\u0105 te procesy.\" \/>\n<meta name=\"robots\" content=\"index, follow, max-snippet:-1, max-image-preview:large, max-video-preview:-1\" \/>\n<link rel=\"canonical\" href=\"https:\/\/www.coffeedesk.pl\/blog\/skad-ten-cynamon-w-kawie-o-eksperymentalnej-fermentacji-aromatyzowaniu-i-kontrowersjach-jakie-wzbudzaja-te-procesy\/\" \/>\n<meta property=\"og:locale\" content=\"pl_PL\" \/>\n<meta property=\"og:type\" content=\"article\" \/>\n<meta property=\"og:title\" content=\"Aromaty w kawie: eksperymentalna fermentacja - Blog Coffeedesk.pl\" \/>\n<meta property=\"og:description\" content=\"Sk\u0105d ten cynamon w kawie? O eksperymentalnej fermentacji, aromatyzowaniu i kontrowersjach, jakie wzbudzaj\u0105 te procesy.\" \/>\n<meta property=\"og:url\" content=\"https:\/\/www.coffeedesk.pl\/blog\/skad-ten-cynamon-w-kawie-o-eksperymentalnej-fermentacji-aromatyzowaniu-i-kontrowersjach-jakie-wzbudzaja-te-procesy\/\" \/>\n<meta property=\"og:site_name\" content=\"Blog Coffeedesk.pl\" \/>\n<meta property=\"article:published_time\" content=\"2022-02-21T12:53:26+00:00\" \/>\n<meta property=\"article:modified_time\" content=\"2022-02-21T16:27:49+00:00\" \/>\n<meta property=\"og:image\" content=\"https:\/\/www.coffeedesk.pl\/blog\/wp-content\/uploads\/2022\/02\/51524567580_d6e70c4640_k-e1645447591681.jpg\" \/>\n\t<meta property=\"og:image:width\" content=\"2000\" \/>\n\t<meta property=\"og:image:height\" content=\"940\" \/>\n\t<meta property=\"og:image:type\" content=\"image\/jpeg\" \/>\n<meta name=\"author\" content=\"Aga Bukowska\" \/>\n<meta name=\"twitter:card\" content=\"summary_large_image\" \/>\n<meta name=\"twitter:label1\" content=\"Napisane przez\" \/>\n\t<meta name=\"twitter:data1\" content=\"Aga Bukowska\" \/>\n\t<meta name=\"twitter:label2\" content=\"Szacowany czas czytania\" \/>\n\t<meta name=\"twitter:data2\" content=\"14 minut\" \/>\n<script type=\"application\/ld+json\" class=\"yoast-schema-graph\">{\"@context\":\"https:\\\/\\\/schema.org\",\"@graph\":[{\"@type\":\"Article\",\"@id\":\"https:\\\/\\\/www.coffeedesk.pl\\\/blog\\\/skad-ten-cynamon-w-kawie-o-eksperymentalnej-fermentacji-aromatyzowaniu-i-kontrowersjach-jakie-wzbudzaja-te-procesy\\\/#article\",\"isPartOf\":{\"@id\":\"https:\\\/\\\/www.coffeedesk.pl\\\/blog\\\/skad-ten-cynamon-w-kawie-o-eksperymentalnej-fermentacji-aromatyzowaniu-i-kontrowersjach-jakie-wzbudzaja-te-procesy\\\/\"},\"author\":{\"name\":\"Aga Bukowska\",\"@id\":\"https:\\\/\\\/www.coffeedesk.pl\\\/blog\\\/#\\\/schema\\\/person\\\/a1096558eae64b0c24e6bed86f618d7d\"},\"headline\":\"Sk\u0105d ten cynamon w kawie? O eksperymentalnej fermentacji, aromatyzowaniu i kontrowersjach, jakie wzbudzaj\u0105 te procesy\",\"datePublished\":\"2022-02-21T12:53:26+00:00\",\"dateModified\":\"2022-02-21T16:27:49+00:00\",\"mainEntityOfPage\":{\"@id\":\"https:\\\/\\\/www.coffeedesk.pl\\\/blog\\\/skad-ten-cynamon-w-kawie-o-eksperymentalnej-fermentacji-aromatyzowaniu-i-kontrowersjach-jakie-wzbudzaja-te-procesy\\\/\"},\"wordCount\":2516,\"commentCount\":0,\"publisher\":{\"@id\":\"https:\\\/\\\/www.coffeedesk.pl\\\/blog\\\/#organization\"},\"image\":{\"@id\":\"https:\\\/\\\/www.coffeedesk.pl\\\/blog\\\/skad-ten-cynamon-w-kawie-o-eksperymentalnej-fermentacji-aromatyzowaniu-i-kontrowersjach-jakie-wzbudzaja-te-procesy\\\/#primaryimage\"},\"thumbnailUrl\":\"https:\\\/\\\/www.coffeedesk.pl\\\/blog\\\/wp-content\\\/uploads\\\/2022\\\/02\\\/51524567580_d6e70c4640_k-e1645447591681.jpg\",\"keywords\":[\"aromaty w kawie\",\"fermentacja\",\"kawa aromatyzowana\",\"obr\u00f3bka kawy\"],\"articleSection\":[\"Kawa\",\"Speciality\"],\"inLanguage\":\"pl-PL\",\"potentialAction\":[{\"@type\":\"CommentAction\",\"name\":\"Comment\",\"target\":[\"https:\\\/\\\/www.coffeedesk.pl\\\/blog\\\/skad-ten-cynamon-w-kawie-o-eksperymentalnej-fermentacji-aromatyzowaniu-i-kontrowersjach-jakie-wzbudzaja-te-procesy\\\/#respond\"]}]},{\"@type\":\"WebPage\",\"@id\":\"https:\\\/\\\/www.coffeedesk.pl\\\/blog\\\/skad-ten-cynamon-w-kawie-o-eksperymentalnej-fermentacji-aromatyzowaniu-i-kontrowersjach-jakie-wzbudzaja-te-procesy\\\/\",\"url\":\"https:\\\/\\\/www.coffeedesk.pl\\\/blog\\\/skad-ten-cynamon-w-kawie-o-eksperymentalnej-fermentacji-aromatyzowaniu-i-kontrowersjach-jakie-wzbudzaja-te-procesy\\\/\",\"name\":\"Aromaty w kawie: eksperymentalna fermentacja - Blog Coffeedesk.pl\",\"isPartOf\":{\"@id\":\"https:\\\/\\\/www.coffeedesk.pl\\\/blog\\\/#website\"},\"primaryImageOfPage\":{\"@id\":\"https:\\\/\\\/www.coffeedesk.pl\\\/blog\\\/skad-ten-cynamon-w-kawie-o-eksperymentalnej-fermentacji-aromatyzowaniu-i-kontrowersjach-jakie-wzbudzaja-te-procesy\\\/#primaryimage\"},\"image\":{\"@id\":\"https:\\\/\\\/www.coffeedesk.pl\\\/blog\\\/skad-ten-cynamon-w-kawie-o-eksperymentalnej-fermentacji-aromatyzowaniu-i-kontrowersjach-jakie-wzbudzaja-te-procesy\\\/#primaryimage\"},\"thumbnailUrl\":\"https:\\\/\\\/www.coffeedesk.pl\\\/blog\\\/wp-content\\\/uploads\\\/2022\\\/02\\\/51524567580_d6e70c4640_k-e1645447591681.jpg\",\"datePublished\":\"2022-02-21T12:53:26+00:00\",\"dateModified\":\"2022-02-21T16:27:49+00:00\",\"description\":\"Sk\u0105d ten cynamon w kawie? O eksperymentalnej fermentacji, aromatyzowaniu i kontrowersjach, jakie wzbudzaj\u0105 te procesy.\",\"breadcrumb\":{\"@id\":\"https:\\\/\\\/www.coffeedesk.pl\\\/blog\\\/skad-ten-cynamon-w-kawie-o-eksperymentalnej-fermentacji-aromatyzowaniu-i-kontrowersjach-jakie-wzbudzaja-te-procesy\\\/#breadcrumb\"},\"inLanguage\":\"pl-PL\",\"potentialAction\":[{\"@type\":\"ReadAction\",\"target\":[\"https:\\\/\\\/www.coffeedesk.pl\\\/blog\\\/skad-ten-cynamon-w-kawie-o-eksperymentalnej-fermentacji-aromatyzowaniu-i-kontrowersjach-jakie-wzbudzaja-te-procesy\\\/\"]}]},{\"@type\":\"ImageObject\",\"inLanguage\":\"pl-PL\",\"@id\":\"https:\\\/\\\/www.coffeedesk.pl\\\/blog\\\/skad-ten-cynamon-w-kawie-o-eksperymentalnej-fermentacji-aromatyzowaniu-i-kontrowersjach-jakie-wzbudzaja-te-procesy\\\/#primaryimage\",\"url\":\"https:\\\/\\\/www.coffeedesk.pl\\\/blog\\\/wp-content\\\/uploads\\\/2022\\\/02\\\/51524567580_d6e70c4640_k-e1645447591681.jpg\",\"contentUrl\":\"https:\\\/\\\/www.coffeedesk.pl\\\/blog\\\/wp-content\\\/uploads\\\/2022\\\/02\\\/51524567580_d6e70c4640_k-e1645447591681.jpg\",\"width\":2000,\"height\":940,\"caption\":\"metody obr\u00f3bki kawy\"},{\"@type\":\"BreadcrumbList\",\"@id\":\"https:\\\/\\\/www.coffeedesk.pl\\\/blog\\\/skad-ten-cynamon-w-kawie-o-eksperymentalnej-fermentacji-aromatyzowaniu-i-kontrowersjach-jakie-wzbudzaja-te-procesy\\\/#breadcrumb\",\"itemListElement\":[{\"@type\":\"ListItem\",\"position\":1,\"name\":\"Strona g\u0142\u00f3wna\",\"item\":\"https:\\\/\\\/www.coffeedesk.pl\\\/blog\\\/\"},{\"@type\":\"ListItem\",\"position\":2,\"name\":\"Sk\u0105d ten cynamon w kawie? O eksperymentalnej fermentacji, aromatyzowaniu i kontrowersjach, jakie wzbudzaj\u0105 te procesy\"}]},{\"@type\":\"WebSite\",\"@id\":\"https:\\\/\\\/www.coffeedesk.pl\\\/blog\\\/#website\",\"url\":\"https:\\\/\\\/www.coffeedesk.pl\\\/blog\\\/\",\"name\":\"Blog Coffeedesk.pl\",\"description\":\"\",\"publisher\":{\"@id\":\"https:\\\/\\\/www.coffeedesk.pl\\\/blog\\\/#organization\"},\"potentialAction\":[{\"@type\":\"SearchAction\",\"target\":{\"@type\":\"EntryPoint\",\"urlTemplate\":\"https:\\\/\\\/www.coffeedesk.pl\\\/blog\\\/?s={search_term_string}\"},\"query-input\":{\"@type\":\"PropertyValueSpecification\",\"valueRequired\":true,\"valueName\":\"search_term_string\"}}],\"inLanguage\":\"pl-PL\"},{\"@type\":\"Organization\",\"@id\":\"https:\\\/\\\/www.coffeedesk.pl\\\/blog\\\/#organization\",\"name\":\"Coffeedesk.pl\",\"url\":\"https:\\\/\\\/www.coffeedesk.pl\\\/blog\\\/\",\"logo\":{\"@type\":\"ImageObject\",\"inLanguage\":\"pl-PL\",\"@id\":\"https:\\\/\\\/www.coffeedesk.pl\\\/blog\\\/#\\\/schema\\\/logo\\\/image\\\/\",\"url\":\"https:\\\/\\\/www.coffeedesk.pl\\\/blog\\\/wp-content\\\/uploads\\\/2019\\\/10\\\/logo_color.png\",\"contentUrl\":\"https:\\\/\\\/www.coffeedesk.pl\\\/blog\\\/wp-content\\\/uploads\\\/2019\\\/10\\\/logo_color.png\",\"width\":246,\"height\":50,\"caption\":\"Coffeedesk.pl\"},\"image\":{\"@id\":\"https:\\\/\\\/www.coffeedesk.pl\\\/blog\\\/#\\\/schema\\\/logo\\\/image\\\/\"}},{\"@type\":\"Person\",\"@id\":\"https:\\\/\\\/www.coffeedesk.pl\\\/blog\\\/#\\\/schema\\\/person\\\/a1096558eae64b0c24e6bed86f618d7d\",\"name\":\"Aga Bukowska\",\"image\":{\"@type\":\"ImageObject\",\"inLanguage\":\"pl-PL\",\"@id\":\"https:\\\/\\\/www.coffeedesk.pl\\\/blog\\\/wp-content\\\/uploads\\\/2024\\\/11\\\/231219_COFFESPOTS_0387-320x320.jpg\",\"url\":\"https:\\\/\\\/www.coffeedesk.pl\\\/blog\\\/wp-content\\\/uploads\\\/2024\\\/11\\\/231219_COFFESPOTS_0387-320x320.jpg\",\"contentUrl\":\"https:\\\/\\\/www.coffeedesk.pl\\\/blog\\\/wp-content\\\/uploads\\\/2024\\\/11\\\/231219_COFFESPOTS_0387-320x320.jpg\",\"caption\":\"Aga Bukowska\"},\"description\":\"Dziennikarka, fotogradka, specjalistka od bran\u017cy specialty. Autorka ksi\u0105\u017cek COFFEE SPOTS Polska i LESS WASTE Polska, inicjatorka projektu wydawniczego Przeb\u0142ysk. Mi\u0142o\u015bniczka dobrego jedzenia i pi\u0119knych zdj\u0119\u0107, uzale\u017cniona od kawy, podr\u00f3\u017cy i czytania.\",\"sameAs\":[\"https:\\\/\\\/instagram.com\\\/aga_bukowska\"],\"url\":\"https:\\\/\\\/www.coffeedesk.pl\\\/blog\\\/author\\\/agabukowska\\\/\"}]}<\/script>\n<!-- \/ Yoast SEO plugin. -->","yoast_head_json":{"title":"Aromaty w kawie: eksperymentalna fermentacja - Blog Coffeedesk.pl","description":"Sk\u0105d ten cynamon w kawie? O eksperymentalnej fermentacji, aromatyzowaniu i kontrowersjach, jakie wzbudzaj\u0105 te procesy.","robots":{"index":"index","follow":"follow","max-snippet":"max-snippet:-1","max-image-preview":"max-image-preview:large","max-video-preview":"max-video-preview:-1"},"canonical":"https:\/\/www.coffeedesk.pl\/blog\/skad-ten-cynamon-w-kawie-o-eksperymentalnej-fermentacji-aromatyzowaniu-i-kontrowersjach-jakie-wzbudzaja-te-procesy\/","og_locale":"pl_PL","og_type":"article","og_title":"Aromaty w kawie: eksperymentalna fermentacja - Blog Coffeedesk.pl","og_description":"Sk\u0105d ten cynamon w kawie? O eksperymentalnej fermentacji, aromatyzowaniu i kontrowersjach, jakie wzbudzaj\u0105 te procesy.","og_url":"https:\/\/www.coffeedesk.pl\/blog\/skad-ten-cynamon-w-kawie-o-eksperymentalnej-fermentacji-aromatyzowaniu-i-kontrowersjach-jakie-wzbudzaja-te-procesy\/","og_site_name":"Blog Coffeedesk.pl","article_published_time":"2022-02-21T12:53:26+00:00","article_modified_time":"2022-02-21T16:27:49+00:00","og_image":[{"width":2000,"height":940,"url":"https:\/\/www.coffeedesk.pl\/blog\/wp-content\/uploads\/2022\/02\/51524567580_d6e70c4640_k-e1645447591681.jpg","type":"image\/jpeg"}],"author":"Aga Bukowska","twitter_card":"summary_large_image","twitter_misc":{"Napisane przez":"Aga Bukowska","Szacowany czas czytania":"14 minut"},"schema":{"@context":"https:\/\/schema.org","@graph":[{"@type":"Article","@id":"https:\/\/www.coffeedesk.pl\/blog\/skad-ten-cynamon-w-kawie-o-eksperymentalnej-fermentacji-aromatyzowaniu-i-kontrowersjach-jakie-wzbudzaja-te-procesy\/#article","isPartOf":{"@id":"https:\/\/www.coffeedesk.pl\/blog\/skad-ten-cynamon-w-kawie-o-eksperymentalnej-fermentacji-aromatyzowaniu-i-kontrowersjach-jakie-wzbudzaja-te-procesy\/"},"author":{"name":"Aga Bukowska","@id":"https:\/\/www.coffeedesk.pl\/blog\/#\/schema\/person\/a1096558eae64b0c24e6bed86f618d7d"},"headline":"Sk\u0105d ten cynamon w kawie? O eksperymentalnej fermentacji, aromatyzowaniu i kontrowersjach, jakie wzbudzaj\u0105 te procesy","datePublished":"2022-02-21T12:53:26+00:00","dateModified":"2022-02-21T16:27:49+00:00","mainEntityOfPage":{"@id":"https:\/\/www.coffeedesk.pl\/blog\/skad-ten-cynamon-w-kawie-o-eksperymentalnej-fermentacji-aromatyzowaniu-i-kontrowersjach-jakie-wzbudzaja-te-procesy\/"},"wordCount":2516,"commentCount":0,"publisher":{"@id":"https:\/\/www.coffeedesk.pl\/blog\/#organization"},"image":{"@id":"https:\/\/www.coffeedesk.pl\/blog\/skad-ten-cynamon-w-kawie-o-eksperymentalnej-fermentacji-aromatyzowaniu-i-kontrowersjach-jakie-wzbudzaja-te-procesy\/#primaryimage"},"thumbnailUrl":"https:\/\/www.coffeedesk.pl\/blog\/wp-content\/uploads\/2022\/02\/51524567580_d6e70c4640_k-e1645447591681.jpg","keywords":["aromaty w kawie","fermentacja","kawa aromatyzowana","obr\u00f3bka kawy"],"articleSection":["Kawa","Speciality"],"inLanguage":"pl-PL","potentialAction":[{"@type":"CommentAction","name":"Comment","target":["https:\/\/www.coffeedesk.pl\/blog\/skad-ten-cynamon-w-kawie-o-eksperymentalnej-fermentacji-aromatyzowaniu-i-kontrowersjach-jakie-wzbudzaja-te-procesy\/#respond"]}]},{"@type":"WebPage","@id":"https:\/\/www.coffeedesk.pl\/blog\/skad-ten-cynamon-w-kawie-o-eksperymentalnej-fermentacji-aromatyzowaniu-i-kontrowersjach-jakie-wzbudzaja-te-procesy\/","url":"https:\/\/www.coffeedesk.pl\/blog\/skad-ten-cynamon-w-kawie-o-eksperymentalnej-fermentacji-aromatyzowaniu-i-kontrowersjach-jakie-wzbudzaja-te-procesy\/","name":"Aromaty w kawie: eksperymentalna fermentacja - Blog Coffeedesk.pl","isPartOf":{"@id":"https:\/\/www.coffeedesk.pl\/blog\/#website"},"primaryImageOfPage":{"@id":"https:\/\/www.coffeedesk.pl\/blog\/skad-ten-cynamon-w-kawie-o-eksperymentalnej-fermentacji-aromatyzowaniu-i-kontrowersjach-jakie-wzbudzaja-te-procesy\/#primaryimage"},"image":{"@id":"https:\/\/www.coffeedesk.pl\/blog\/skad-ten-cynamon-w-kawie-o-eksperymentalnej-fermentacji-aromatyzowaniu-i-kontrowersjach-jakie-wzbudzaja-te-procesy\/#primaryimage"},"thumbnailUrl":"https:\/\/www.coffeedesk.pl\/blog\/wp-content\/uploads\/2022\/02\/51524567580_d6e70c4640_k-e1645447591681.jpg","datePublished":"2022-02-21T12:53:26+00:00","dateModified":"2022-02-21T16:27:49+00:00","description":"Sk\u0105d ten cynamon w kawie? O eksperymentalnej fermentacji, aromatyzowaniu i kontrowersjach, jakie wzbudzaj\u0105 te procesy.","breadcrumb":{"@id":"https:\/\/www.coffeedesk.pl\/blog\/skad-ten-cynamon-w-kawie-o-eksperymentalnej-fermentacji-aromatyzowaniu-i-kontrowersjach-jakie-wzbudzaja-te-procesy\/#breadcrumb"},"inLanguage":"pl-PL","potentialAction":[{"@type":"ReadAction","target":["https:\/\/www.coffeedesk.pl\/blog\/skad-ten-cynamon-w-kawie-o-eksperymentalnej-fermentacji-aromatyzowaniu-i-kontrowersjach-jakie-wzbudzaja-te-procesy\/"]}]},{"@type":"ImageObject","inLanguage":"pl-PL","@id":"https:\/\/www.coffeedesk.pl\/blog\/skad-ten-cynamon-w-kawie-o-eksperymentalnej-fermentacji-aromatyzowaniu-i-kontrowersjach-jakie-wzbudzaja-te-procesy\/#primaryimage","url":"https:\/\/www.coffeedesk.pl\/blog\/wp-content\/uploads\/2022\/02\/51524567580_d6e70c4640_k-e1645447591681.jpg","contentUrl":"https:\/\/www.coffeedesk.pl\/blog\/wp-content\/uploads\/2022\/02\/51524567580_d6e70c4640_k-e1645447591681.jpg","width":2000,"height":940,"caption":"metody obr\u00f3bki kawy"},{"@type":"BreadcrumbList","@id":"https:\/\/www.coffeedesk.pl\/blog\/skad-ten-cynamon-w-kawie-o-eksperymentalnej-fermentacji-aromatyzowaniu-i-kontrowersjach-jakie-wzbudzaja-te-procesy\/#breadcrumb","itemListElement":[{"@type":"ListItem","position":1,"name":"Strona g\u0142\u00f3wna","item":"https:\/\/www.coffeedesk.pl\/blog\/"},{"@type":"ListItem","position":2,"name":"Sk\u0105d ten cynamon w kawie? O eksperymentalnej fermentacji, aromatyzowaniu i kontrowersjach, jakie wzbudzaj\u0105 te procesy"}]},{"@type":"WebSite","@id":"https:\/\/www.coffeedesk.pl\/blog\/#website","url":"https:\/\/www.coffeedesk.pl\/blog\/","name":"Blog Coffeedesk.pl","description":"","publisher":{"@id":"https:\/\/www.coffeedesk.pl\/blog\/#organization"},"potentialAction":[{"@type":"SearchAction","target":{"@type":"EntryPoint","urlTemplate":"https:\/\/www.coffeedesk.pl\/blog\/?s={search_term_string}"},"query-input":{"@type":"PropertyValueSpecification","valueRequired":true,"valueName":"search_term_string"}}],"inLanguage":"pl-PL"},{"@type":"Organization","@id":"https:\/\/www.coffeedesk.pl\/blog\/#organization","name":"Coffeedesk.pl","url":"https:\/\/www.coffeedesk.pl\/blog\/","logo":{"@type":"ImageObject","inLanguage":"pl-PL","@id":"https:\/\/www.coffeedesk.pl\/blog\/#\/schema\/logo\/image\/","url":"https:\/\/www.coffeedesk.pl\/blog\/wp-content\/uploads\/2019\/10\/logo_color.png","contentUrl":"https:\/\/www.coffeedesk.pl\/blog\/wp-content\/uploads\/2019\/10\/logo_color.png","width":246,"height":50,"caption":"Coffeedesk.pl"},"image":{"@id":"https:\/\/www.coffeedesk.pl\/blog\/#\/schema\/logo\/image\/"}},{"@type":"Person","@id":"https:\/\/www.coffeedesk.pl\/blog\/#\/schema\/person\/a1096558eae64b0c24e6bed86f618d7d","name":"Aga Bukowska","image":{"@type":"ImageObject","inLanguage":"pl-PL","@id":"https:\/\/www.coffeedesk.pl\/blog\/wp-content\/uploads\/2024\/11\/231219_COFFESPOTS_0387-320x320.jpg","url":"https:\/\/www.coffeedesk.pl\/blog\/wp-content\/uploads\/2024\/11\/231219_COFFESPOTS_0387-320x320.jpg","contentUrl":"https:\/\/www.coffeedesk.pl\/blog\/wp-content\/uploads\/2024\/11\/231219_COFFESPOTS_0387-320x320.jpg","caption":"Aga Bukowska"},"description":"Dziennikarka, fotogradka, specjalistka od bran\u017cy specialty. Autorka ksi\u0105\u017cek COFFEE SPOTS Polska i LESS WASTE Polska, inicjatorka projektu wydawniczego Przeb\u0142ysk. Mi\u0142o\u015bniczka dobrego jedzenia i pi\u0119knych zdj\u0119\u0107, uzale\u017cniona od kawy, podr\u00f3\u017cy i czytania.","sameAs":["https:\/\/instagram.com\/aga_bukowska"],"url":"https:\/\/www.coffeedesk.pl\/blog\/author\/agabukowska\/"}]}},"jetpack_featured_media_url":"https:\/\/www.coffeedesk.pl\/blog\/wp-content\/uploads\/2022\/02\/51524567580_d6e70c4640_k-e1645447591681.jpg","_links":{"self":[{"href":"https:\/\/www.coffeedesk.pl\/blog\/wp-json\/wp\/v2\/posts\/17586","targetHints":{"allow":["GET"]}}],"collection":[{"href":"https:\/\/www.coffeedesk.pl\/blog\/wp-json\/wp\/v2\/posts"}],"about":[{"href":"https:\/\/www.coffeedesk.pl\/blog\/wp-json\/wp\/v2\/types\/post"}],"author":[{"embeddable":true,"href":"https:\/\/www.coffeedesk.pl\/blog\/wp-json\/wp\/v2\/users\/33"}],"replies":[{"embeddable":true,"href":"https:\/\/www.coffeedesk.pl\/blog\/wp-json\/wp\/v2\/comments?post=17586"}],"version-history":[{"count":11,"href":"https:\/\/www.coffeedesk.pl\/blog\/wp-json\/wp\/v2\/posts\/17586\/revisions"}],"predecessor-version":[{"id":17616,"href":"https:\/\/www.coffeedesk.pl\/blog\/wp-json\/wp\/v2\/posts\/17586\/revisions\/17616"}],"wp:featuredmedia":[{"embeddable":true,"href":"https:\/\/www.coffeedesk.pl\/blog\/wp-json\/wp\/v2\/media\/17599"}],"wp:attachment":[{"href":"https:\/\/www.coffeedesk.pl\/blog\/wp-json\/wp\/v2\/media?parent=17586"}],"wp:term":[{"taxonomy":"category","embeddable":true,"href":"https:\/\/www.coffeedesk.pl\/blog\/wp-json\/wp\/v2\/categories?post=17586"},{"taxonomy":"post_tag","embeddable":true,"href":"https:\/\/www.coffeedesk.pl\/blog\/wp-json\/wp\/v2\/tags?post=17586"},{"taxonomy":"powerkit_post_featured","embeddable":true,"href":"https:\/\/www.coffeedesk.pl\/blog\/wp-json\/wp\/v2\/powerkit_post_featured?post=17586"}],"curies":[{"name":"wp","href":"https:\/\/api.w.org\/{rel}","templated":true}]}}