{"id":18047,"date":"2022-04-15T13:07:42","date_gmt":"2022-04-15T11:07:42","guid":{"rendered":"https:\/\/www.coffeedesk.pl\/blog\/?p=18047"},"modified":"2023-02-24T13:44:21","modified_gmt":"2023-02-24T12:44:21","slug":"johan-nystrom","status":"publish","type":"post","link":"https:\/\/www.coffeedesk.pl\/blog\/johan-nystrom\/","title":{"rendered":"Johan &#038; Nystrom: pierwsza palarnia specialty w Coffeedesk"},"content":{"rendered":"<p><big><strong>Ma\u0142o kto pami\u0119ta, \u017ce w zamierzch\u0142ych czasach, kiedy Chemexa mo\u017cna by\u0142o kupi\u0107 tylko przez znajomych w USA, a du\u017ca cz\u0119\u015b\u0107 palarni, kt\u00f3rych kawy obecnie mamy w ofercie jeszcze nie istnia\u0142a, handlowali\u015bmy g\u0142\u00f3wnie ziarnami ze Szwecji (i te\u017c tymi ciemniej palonymi z W\u0142och, ale o tym mo\u017ce kiedy\u015b w osobnym po\u015bcie). <a href=\"https:\/\/www.coffeedesk.pl\/nasze-marki\/johan-and-nystrom\/\" target=\"_blank\" rel=\"noopener\">Johan &amp; Nystrom<\/a> to pierwsza palarnia specialty w Coffeedesk. Co powinni\u015bcie o niej wiedzie\u0107?<\/strong><\/big><\/p>\n<p><img  loading=\"lazy\"  decoding=\"async\"  class=\"alignnone size-medium wp-image-18076 pk-lazyload\"  src=\"data:image\/png;base64,iVBORw0KGgoAAAANSUhEUgAAAyAAAAIUAQMAAADYItokAAAAA1BMVEUAAP+KeNJXAAAAAXRSTlMAQObYZgAAAAlwSFlzAAAOxAAADsQBlSsOGwAAAEtJREFUeNrtwTEBAAAAwqD1T20IX6AAAAAAAAAAAAAAAAAAAAAAAAAAAAAAAAAAAAAAAAAAAAAAAAAAAAAAAAAAAAAAAAAAAAAAfgPR5AAB2s5y3QAAAABJRU5ErkJggg==\"  alt=\"johan nystrom roasters\"  width=\"800\"  height=\"532\"  data-pk-sizes=\"auto\"  data-ls-sizes=\"auto, (max-width: 800px) 100vw, 800px\"  data-pk-src=\"https:\/\/www.coffeedesk.pl\/blog\/wp-content\/uploads\/2022\/04\/22333-800x532.jpg\"  data-pk-srcset=\"https:\/\/www.coffeedesk.pl\/blog\/wp-content\/uploads\/2022\/04\/22333-800x532.jpg 800w, https:\/\/www.coffeedesk.pl\/blog\/wp-content\/uploads\/2022\/04\/22333-1160x772.jpg 1160w, https:\/\/www.coffeedesk.pl\/blog\/wp-content\/uploads\/2022\/04\/22333-1536x1022.jpg 1536w, https:\/\/www.coffeedesk.pl\/blog\/wp-content\/uploads\/2022\/04\/22333-320x213.jpg 320w, https:\/\/www.coffeedesk.pl\/blog\/wp-content\/uploads\/2022\/04\/22333-560x373.jpg 560w, https:\/\/www.coffeedesk.pl\/blog\/wp-content\/uploads\/2022\/04\/22333.jpg 1775w\" ><\/p>\n<h2 id=\"i-coz-ze-ze-szwecji\">I c\u00f3\u017c, \u017ce ze Szwecji<\/h2>\n<p>Kawy J&amp;N s\u0105 wypalane ca\u0142kiem niedaleko Ko\u0142obrzegu, chocia\u017c za morzem. Palarnia powsta\u0142a w listopadzie 2004 roku w Sztokholmie, za\u0142o\u017cona przez grup\u0119 przyjaci\u00f3\u0142, entuzjast\u00f3w kawy: dw\u00f3ch Johan\u00f3w, Andersa (od kt\u00f3rego wzi\u0119\u0142o si\u0119 and :)) i 2 braci Nystrom\u00f3w.<\/p>\n<p>Kawa zdobywa\u0142a popularno\u015b\u0107 w Szwecji, a tak\u017ce poza jej granicami. Podczas pierwszych Mistrzostw Polski Aeropress w 2011 roku zawodnicy u\u017cywali w\u0142a\u015bnie ziaren Johan &amp; Nystrom. \u0141ukaszowi, Jackowi i Marcinowi, naszym za\u0142o\u017cycielom, zamarzy\u0142o si\u0119 sprzedawanie tych zamorskich kaw w Polsce. Po kilku miesi\u0105cach od wypowiedzenia tej intencji jeden z przedstawicieli przyjecha\u0142 do \u00f3wczesnego biura Coffeedesk w Grzybowie, gdzie w\u0142a\u015bciwie nic jeszcze nie by\u0142o, ale ch\u0142opakom uda\u0142o si\u0119 roztoczy\u0107 przed nim wizj\u0119 powstaj\u0105cego niebawem ogromnego magazynu i mo\u017cliwo\u015bci. Dostali\u015bmy dystrybucj\u0119, a zesp\u00f3\u0142 J&amp;N pokaza\u0142 nam wszystkie akcesoria, jakie mieli ju\u017c w\u00f3wczas w swojej ofercie. Od nich zacz\u0119li\u015bmy kupowa\u0107 <a href=\"https:\/\/www.coffeedesk.pl\/nasze-marki\/hario\/\" target=\"_blank\" rel=\"noopener\">Hario<\/a>, <a href=\"https:\/\/www.coffeedesk.pl\/nasze-marki\/aeropress\/\" target=\"_blank\" rel=\"noopener\">Aeropress<\/a>. Przyja\u017a\u0144 si\u0119 rozwija\u0142a, Anders, jeden z za\u0142o\u017cycieli, kt\u00f3ry nadal dzia\u0142a w firmie, by\u0142 s\u0119dzi\u0105 na pierwszym zorganizowanym przez nas Brewers Cup. Ma\u0142o tego, raz jeden jedyny mieli\u015bmy w ofercie Kopi Luwak. I on te\u017c by\u0142 od Johana!<\/p>\n<figure id=\"attachment_18068\" aria-describedby=\"caption-attachment-18068\" style=\"width: 800px\" class=\"wp-caption aligncenter\"><img  loading=\"lazy\"  decoding=\"async\"  class=\"wp-image-18068 size-medium pk-lazyload\"  src=\"data:image\/png;base64,iVBORw0KGgoAAAANSUhEUgAAAyAAAAIXAQMAAABetqiKAAAAA1BMVEUAAP+KeNJXAAAAAXRSTlMAQObYZgAAAAlwSFlzAAAOxAAADsQBlSsOGwAAAEtJREFUeNrtwTEBAAAAwqD1T20LL6AAAAAAAAAAAAAAAAAAAAAAAAAAAAAAAAAAAAAAAAAAAAAAAAAAAAAAAAAAAAAAAAAAAAAAOBvTEwABjmEN0QAAAABJRU5ErkJggg==\"  alt=\"brewers cup\"  width=\"800\"  height=\"535\"  data-pk-sizes=\"auto\"  data-ls-sizes=\"auto, (max-width: 800px) 100vw, 800px\"  data-pk-src=\"https:\/\/www.coffeedesk.pl\/blog\/wp-content\/uploads\/2022\/04\/brewers-672-800x535.jpg\"  data-pk-srcset=\"https:\/\/www.coffeedesk.pl\/blog\/wp-content\/uploads\/2022\/04\/brewers-672-800x535.jpg 800w, https:\/\/www.coffeedesk.pl\/blog\/wp-content\/uploads\/2022\/04\/brewers-672-1160x776.jpg 1160w, https:\/\/www.coffeedesk.pl\/blog\/wp-content\/uploads\/2022\/04\/brewers-672-1536x1028.jpg 1536w, https:\/\/www.coffeedesk.pl\/blog\/wp-content\/uploads\/2022\/04\/brewers-672-320x214.jpg 320w, https:\/\/www.coffeedesk.pl\/blog\/wp-content\/uploads\/2022\/04\/brewers-672-560x375.jpg 560w, https:\/\/www.coffeedesk.pl\/blog\/wp-content\/uploads\/2022\/04\/brewers-672.jpg 1769w\" ><figcaption id=\"caption-attachment-18068\" class=\"wp-caption-text\">Anders, jeden z za\u0142o\u017cycieli J&amp;N, by\u0142 s\u0119dzi\u0105 na pierwszym zorganizowanym przez nas Brewers Cup<\/figcaption><\/figure>\n<h2 id=\"kawki-ktorych-parzenie-nie-zdola-zepsuc\">Kawki, kt\u00f3rych parzenie nie zdo\u0142a zepsu\u0107<\/h2>\n<p><span style=\"font-weight: 400;\">Oczywi\u015bcie, je\u015bli bardzo si\u0119 postaramy, to wszystko si\u0119 da. Ale kawy od J&amp;N znane s\u0105 z tego, \u017ce s\u0105 niezwykle r\u00f3wne, \u0142atwe w parzeniu i, jak mawia mistrz Dusio, zawsze poprawne. To idealne kawy dla zaczynaj\u0105cych przygod\u0119 z alternatywami i dla fan\u00f3w szybkiego przelewu z Moccamastera. To klasyki, kt\u00f3re uwielbiaj\u0105 wszyscy i prawdopodobnie najcz\u0119\u015bciej w historii by\u0142y naszymi kawami miesi\u0105ca.<\/span><\/p>\n<p><span style=\"font-weight: 400;\">Nakr\u0119cili\u015bmy o tym nawet film:<\/span><\/p>\n<p><iframe loading=\"lazy\" title=\"YouTube video player\" src=\"https:\/\/www.youtube.com\/embed\/xiycl3Qvg7E\" width=\"560\" height=\"315\" frameborder=\"0\" allowfullscreen=\"allowfullscreen\"><\/iframe><\/p>\n<p><span style=\"font-weight: 400;\">Coffeedeskowe cytaty o <strong><a href=\"https:\/\/www.coffeedesk.pl\/product\/3361\/Johan-And-Nystrom-Ethiopia-Guji\" target=\"_blank\" rel=\"noopener\">Etiopii Guji<\/a><\/strong> od J&amp;N (dowodz\u0105ce s\u0142uszno\u015bci naszej tezy)<\/span><\/p>\n<h3 id=\"wladzia\">W\u0142adzia<\/h3>\n<p><i><span style=\"font-weight: 400;\">Etiopi\u0119 Guji parz\u0119 zwykle moim ulubionym sposobem, czyli bez sposobu. Parzy\u0142am ju\u017c przegl\u0105d wszelkich dat palenia, od \u015bwie\u017cej do prawie rocznej. Mielona na mini millu, ale r\u00f3wnie dobrze mog\u0142abym t\u0142uc m\u0142otkiem, zalana wod\u0105 z kranu, wsypana na oko do dripa, pyszniutka!<\/span><\/i><\/p>\n<h3 id=\"mario\">Mario<\/h3>\n<p><i><span style=\"font-weight: 400;\">Wiele razy zdarzy\u0142o si\u0119 tak, \u017ce kto\u015b zaparzy\u0142 w biurze kaw\u0119, przyni\u00f3s\u0142 do biurka i nagle rozlega\u0142y si\u0119 zachwyty ooooomnomnom co to za dobra kawka, Mario, sk\u0105d to za\u0142atwi\u0142e\u015b, a to by\u0142o Guji w\u0142a\u015bnie. Ochom i achom nie by\u0142o ko\u0144ca<\/span><\/i><span style=\"font-weight: 400;\">!<\/span><\/p>\n<h3 id=\"maciek-duszak\">Maciek Duszak<\/h3>\n<p><i><span style=\"font-weight: 400;\">Guji to \u015bwietny spos\u00f3b na zach\u0119cenie, zainteresowanie kawa specialty wszystkich tych, kt\u00f3rzy o kawie my\u015bl\u0105, \u017ce ma smakowa\u0107, jak kawa!<\/span><\/i><\/p>\n<div id='gallery-1' class='gallery galleryid-18047 gallery-columns-1 gallery-size-full'><figure class='gallery-item'>\n\t\t\t<div class='gallery-icon landscape'>\n\t\t\t\t<img loading=\"lazy\" decoding=\"async\" width=\"1775\" height=\"1181\" src=\"data:image\/png;base64,iVBORw0KGgoAAAANSUhEUgAABu8AAASdAQMAAAB6rlNgAAAAA1BMVEUAAP+KeNJXAAAAAXRSTlMAQObYZgAAAAlwSFlzAAAOxAAADsQBlSsOGwAAARZJREFUeNrtwQENAAAAwqD3T20PBxQAAAAAAAAAAAAAAAAAAAAAAAAAAAAAAAAAAAAAAAAAAAAAAAAAAAAAAAAAAAAAAAAAAAAAAAAAAAAAAAAAAAAAAAAAAAAAAAAAAAAAAAAAAAAAAAAAAAAAAAAAAAAAAAAAAAAAAAAAAAAAAAAAAAAAAAAAAAAAAAAAAAAAAAAAAAAAAAAAAAAAAAAAAAAAAAAAAAAAAAAAAAAAAAAAAAAAAAAAAAAAAAAAAAAAAAAAAAAAAAAAAAAAAAAAAAAAAAAAAAAAAAAAAAAAAAAAAAAAAAAAAAAAAAAAAAAAAAAAAAAAAAAAAAAAAAAAAAAAAAAAAAAAAAAAAAAAAAAAAMCNAQT\/AAGj14u\/AAAAAElFTkSuQmCC\" class=\"attachment-full size-full pk-lazyload\" alt=\"\" data-pk-sizes=\"auto\" data-ls-sizes=\"(max-width: 1775px) 100vw, 1775px\" data-pk-src=\"https:\/\/www.coffeedesk.pl\/blog\/wp-content\/uploads\/2022\/04\/M.-Streng-2018.09.06-Roastery-Guys-0322.jpg\" data-pk-srcset=\"https:\/\/www.coffeedesk.pl\/blog\/wp-content\/uploads\/2022\/04\/M.-Streng-2018.09.06-Roastery-Guys-0322.jpg 1775w, https:\/\/www.coffeedesk.pl\/blog\/wp-content\/uploads\/2022\/04\/M.-Streng-2018.09.06-Roastery-Guys-0322-800x532.jpg 800w, https:\/\/www.coffeedesk.pl\/blog\/wp-content\/uploads\/2022\/04\/M.-Streng-2018.09.06-Roastery-Guys-0322-1160x772.jpg 1160w, https:\/\/www.coffeedesk.pl\/blog\/wp-content\/uploads\/2022\/04\/M.-Streng-2018.09.06-Roastery-Guys-0322-1536x1022.jpg 1536w, https:\/\/www.coffeedesk.pl\/blog\/wp-content\/uploads\/2022\/04\/M.-Streng-2018.09.06-Roastery-Guys-0322-320x213.jpg 320w, https:\/\/www.coffeedesk.pl\/blog\/wp-content\/uploads\/2022\/04\/M.-Streng-2018.09.06-Roastery-Guys-0322-560x373.jpg 560w\" \/>\n\t\t\t<\/div><\/figure><figure class='gallery-item'>\n\t\t\t<div class='gallery-icon landscape'>\n\t\t\t\t<img loading=\"lazy\" decoding=\"async\" width=\"1774\" height=\"1181\" src=\"data:image\/png;base64,iVBORw0KGgoAAAANSUhEUgAABu4AAASdAQMAAACVbDheAAAAA1BMVEUAAP+KeNJXAAAAAXRSTlMAQObYZgAAAAlwSFlzAAAOxAAADsQBlSsOGwAAARZJREFUeNrtwQENAAAAwqD3T20PBxQAAAAAAAAAAAAAAAAAAAAAAAAAAAAAAAAAAAAAAAAAAAAAAAAAAAAAAAAAAAAAAAAAAAAAAAAAAAAAAAAAAAAAAAAAAAAAAAAAAAAAAAAAAAAAAAAAAAAAAAAAAAAAAAAAAAAAAAAAAAAAAAAAAAAAAAAAAAAAAAAAAAAAAAAAAAAAAAAAAAAAAAAAAAAAAAAAAAAAAAAAAAAAAAAAAAAAAAAAAAAAAAAAAAAAAAAAAAAAAAAAAAAAAAAAAAAAAAAAAAAAAAAAAAAAAAAAAAAAAAAAAAAAAAAAAAAAAAAAAAAAAAAAAAAAAAAAAAAAAAAAAAAAAAAAAAAAAAAAAMCNAQT\/AAGj14u\/AAAAAElFTkSuQmCC\" class=\"attachment-full size-full pk-lazyload\" alt=\"\" data-pk-sizes=\"auto\" data-ls-sizes=\"(max-width: 1774px) 100vw, 1774px\" data-pk-src=\"https:\/\/www.coffeedesk.pl\/blog\/wp-content\/uploads\/2022\/04\/M.-Streng-2019.08.16-Roastery-0372.jpg\" data-pk-srcset=\"https:\/\/www.coffeedesk.pl\/blog\/wp-content\/uploads\/2022\/04\/M.-Streng-2019.08.16-Roastery-0372.jpg 1774w, https:\/\/www.coffeedesk.pl\/blog\/wp-content\/uploads\/2022\/04\/M.-Streng-2019.08.16-Roastery-0372-800x533.jpg 800w, https:\/\/www.coffeedesk.pl\/blog\/wp-content\/uploads\/2022\/04\/M.-Streng-2019.08.16-Roastery-0372-1160x772.jpg 1160w, https:\/\/www.coffeedesk.pl\/blog\/wp-content\/uploads\/2022\/04\/M.-Streng-2019.08.16-Roastery-0372-1536x1023.jpg 1536w, https:\/\/www.coffeedesk.pl\/blog\/wp-content\/uploads\/2022\/04\/M.-Streng-2019.08.16-Roastery-0372-320x213.jpg 320w, https:\/\/www.coffeedesk.pl\/blog\/wp-content\/uploads\/2022\/04\/M.-Streng-2019.08.16-Roastery-0372-560x373.jpg 560w\" \/>\n\t\t\t<\/div><\/figure>\n\t\t<\/div>\n\n<h2 id=\"nie-samym-guji-czlowiek-zyje\">Nie samym Guji cz\u0142owiek \u017cyje!<\/h2>\n<p><span style=\"font-weight: 400;\">Johan &amp; Nystrom, poza kultow\u0105 Guji wypala wiele innych kaw pod przelewy, chocia\u017cby znan\u0105 i lubian\u0105 Brazyli\u0119 o czekoladowo-orzechowo-wi\u015bniowych nutach. W ich portfolio znajduje si\u0119 te\u017c ca\u0142e mn\u00f3stwo <a href=\"https:\/\/www.coffeedesk.pl\/kawa\/\" target=\"_blank\" rel=\"noopener\"><strong>ciemniej palonych mieszanek<\/strong><\/a> &#8211; idealnych pod espresso i do kawiarek. Lekko owocowe <strong><a href=\"https:\/\/www.coffeedesk.pl\/product\/115\/Johan-And-Nystrom-Espresso-Fairtrade-Fto\" target=\"_blank\" rel=\"noopener\">FTO<\/a><\/strong>, czy nugatowe <strong><a href=\"https:\/\/www.coffeedesk.pl\/product\/8319\/Johan-And-Nystrom-Fundamental-Espresso\" target=\"_blank\" rel=\"noopener\">Fundamental Espresso<\/a><\/strong> sprawdzaj\u0105 si\u0119 w wielu domach i kawiarniach. W ofercie J&amp;N znajduj\u0105 si\u0119 r\u00f3wnie\u017c herbaty i butelkowane napoje!<\/span><\/p>\n<h2 id=\"podsumowanie\">Podsumowanie<\/h2>\n<p><span style=\"font-weight: 400;\">Mimo up\u0142ywu czasu J&amp;N wci\u0105\u017c uznawane jest za innowacyjn\u0105 i pewn\u0105 mark\u0119 na szwedzkiej (i nie tylko!) scenie kawy. To te\u017c naprawd\u0119 spoko typki, r\u0119czymy za nich, za ich wypa\u0142y i odpa\u0142y!<\/span><\/p>\n","protected":false},"excerpt":{"rendered":"<div class=\"post-excerpt\">Ma\u0142o kto pami\u0119ta, \u017ce w zamierzch\u0142ych czasach, kiedy Chemexa mo\u017cna by\u0142o kupi\u0107 tylko przez znajomych w USA, a du\u017ca cz\u0119\u015b\u0107 palarni, kt\u00f3rych kawy obecnie mamy w ofercie jeszcze nie istnia\u0142a,&hellip;<\/div>\n<div class=\"post-more\"><a href=\"https:\/\/www.coffeedesk.pl\/blog\/johan-nystrom\/\" class=\"button button-primary button-effect\"><span>Czytaj wpis<\/span><span><i class=\"cs-icon cs-icon-arrow-right\"><\/i><\/span><\/a><\/div>\n","protected":false},"author":33,"featured_media":18079,"comment_status":"open","ping_status":"open","sticky":false,"template":"","format":"standard","meta":{"_acf_changed":false,"footnotes":""},"categories":[34,39],"tags":[344,71,2601,340,144],"powerkit_post_featured":[],"class_list":{"0":"post-18047","1":"post","2":"type-post","3":"status-publish","4":"format-standard","5":"has-post-thumbnail","7":"category-kawa","8":"category-palarnie","9":"tag-johan-nystrom","10":"tag-kawa","11":"tag-love-brand","12":"tag-palarnie","13":"tag-specialty"},"acf":[],"author_display_name":"Aga Bukowska","author_url":"https:\/\/www.coffeedesk.pl\/blog\/author\/agabukowska\/","featured_image":"https:\/\/www.coffeedesk.pl\/blog\/wp-content\/uploads\/2022\/04\/2-e1650013757455-800x370.jpg","post_tags":["johan nystrom","kawa","love brand","palarnie","specialty"],"post_categories":["Kawa","Palarnie"],"yoast_head":"<!-- This site is optimized with the Yoast SEO plugin v27.4 - https:\/\/yoast.com\/product\/yoast-seo-wordpress\/ -->\n<title>Palarnie \u2013 Johan Nystrom - Blog Coffeedesk.pl<\/title>\n<meta name=\"description\" content=\"Johan &amp; Nystrom to pierwsza palarnia specialty w Coffeedesk, a w kwietniu nasz Lovebrand miesi\u0105ca. Co powinni\u015bcie o niej wiedzie\u0107?\" \/>\n<meta name=\"robots\" content=\"index, follow, max-snippet:-1, max-image-preview:large, max-video-preview:-1\" \/>\n<link rel=\"canonical\" href=\"https:\/\/www.coffeedesk.pl\/blog\/johan-nystrom\/\" \/>\n<meta property=\"og:locale\" content=\"pl_PL\" \/>\n<meta property=\"og:type\" content=\"article\" \/>\n<meta property=\"og:title\" content=\"Palarnie \u2013 Johan Nystrom - Blog Coffeedesk.pl\" \/>\n<meta property=\"og:description\" content=\"Johan &amp; Nystrom to pierwsza palarnia specialty w Coffeedesk, a w kwietniu nasz Lovebrand miesi\u0105ca. Co powinni\u015bcie o niej wiedzie\u0107?\" \/>\n<meta property=\"og:url\" content=\"https:\/\/www.coffeedesk.pl\/blog\/johan-nystrom\/\" \/>\n<meta property=\"og:site_name\" content=\"Blog Coffeedesk.pl\" \/>\n<meta property=\"article:published_time\" content=\"2022-04-15T11:07:42+00:00\" \/>\n<meta property=\"article:modified_time\" content=\"2023-02-24T12:44:21+00:00\" \/>\n<meta property=\"og:image\" content=\"https:\/\/www.coffeedesk.pl\/blog\/wp-content\/uploads\/2022\/04\/2-e1650013757455.jpg\" \/>\n\t<meta property=\"og:image:width\" content=\"1775\" \/>\n\t<meta property=\"og:image:height\" content=\"820\" \/>\n\t<meta property=\"og:image:type\" content=\"image\/jpeg\" \/>\n<meta name=\"author\" content=\"Aga Bukowska\" \/>\n<meta name=\"twitter:card\" content=\"summary_large_image\" \/>\n<meta name=\"twitter:label1\" content=\"Napisane przez\" \/>\n\t<meta name=\"twitter:data1\" content=\"Aga Bukowska\" \/>\n\t<meta name=\"twitter:label2\" content=\"Szacowany czas czytania\" \/>\n\t<meta name=\"twitter:data2\" content=\"4 minuty\" \/>\n<script type=\"application\/ld+json\" class=\"yoast-schema-graph\">{\"@context\":\"https:\\\/\\\/schema.org\",\"@graph\":[{\"@type\":\"Article\",\"@id\":\"https:\\\/\\\/www.coffeedesk.pl\\\/blog\\\/johan-nystrom\\\/#article\",\"isPartOf\":{\"@id\":\"https:\\\/\\\/www.coffeedesk.pl\\\/blog\\\/johan-nystrom\\\/\"},\"author\":{\"name\":\"Aga Bukowska\",\"@id\":\"https:\\\/\\\/www.coffeedesk.pl\\\/blog\\\/#\\\/schema\\\/person\\\/a1096558eae64b0c24e6bed86f618d7d\"},\"headline\":\"Johan &#038; Nystrom: pierwsza palarnia specialty w Coffeedesk\",\"datePublished\":\"2022-04-15T11:07:42+00:00\",\"dateModified\":\"2023-02-24T12:44:21+00:00\",\"mainEntityOfPage\":{\"@id\":\"https:\\\/\\\/www.coffeedesk.pl\\\/blog\\\/johan-nystrom\\\/\"},\"wordCount\":679,\"commentCount\":0,\"publisher\":{\"@id\":\"https:\\\/\\\/www.coffeedesk.pl\\\/blog\\\/#organization\"},\"image\":{\"@id\":\"https:\\\/\\\/www.coffeedesk.pl\\\/blog\\\/johan-nystrom\\\/#primaryimage\"},\"thumbnailUrl\":\"https:\\\/\\\/www.coffeedesk.pl\\\/blog\\\/wp-content\\\/uploads\\\/2022\\\/04\\\/2-e1650013757455.jpg\",\"keywords\":[\"johan nystrom\",\"kawa\",\"love brand\",\"palarnie\",\"specialty\"],\"articleSection\":[\"Kawa\",\"Palarnie\"],\"inLanguage\":\"pl-PL\",\"potentialAction\":[{\"@type\":\"CommentAction\",\"name\":\"Comment\",\"target\":[\"https:\\\/\\\/www.coffeedesk.pl\\\/blog\\\/johan-nystrom\\\/#respond\"]}]},{\"@type\":\"WebPage\",\"@id\":\"https:\\\/\\\/www.coffeedesk.pl\\\/blog\\\/johan-nystrom\\\/\",\"url\":\"https:\\\/\\\/www.coffeedesk.pl\\\/blog\\\/johan-nystrom\\\/\",\"name\":\"Palarnie \u2013 Johan Nystrom - Blog Coffeedesk.pl\",\"isPartOf\":{\"@id\":\"https:\\\/\\\/www.coffeedesk.pl\\\/blog\\\/#website\"},\"primaryImageOfPage\":{\"@id\":\"https:\\\/\\\/www.coffeedesk.pl\\\/blog\\\/johan-nystrom\\\/#primaryimage\"},\"image\":{\"@id\":\"https:\\\/\\\/www.coffeedesk.pl\\\/blog\\\/johan-nystrom\\\/#primaryimage\"},\"thumbnailUrl\":\"https:\\\/\\\/www.coffeedesk.pl\\\/blog\\\/wp-content\\\/uploads\\\/2022\\\/04\\\/2-e1650013757455.jpg\",\"datePublished\":\"2022-04-15T11:07:42+00:00\",\"dateModified\":\"2023-02-24T12:44:21+00:00\",\"description\":\"Johan & Nystrom to pierwsza palarnia specialty w Coffeedesk, a w kwietniu nasz Lovebrand miesi\u0105ca. Co powinni\u015bcie o niej wiedzie\u0107?\",\"breadcrumb\":{\"@id\":\"https:\\\/\\\/www.coffeedesk.pl\\\/blog\\\/johan-nystrom\\\/#breadcrumb\"},\"inLanguage\":\"pl-PL\",\"potentialAction\":[{\"@type\":\"ReadAction\",\"target\":[\"https:\\\/\\\/www.coffeedesk.pl\\\/blog\\\/johan-nystrom\\\/\"]}]},{\"@type\":\"ImageObject\",\"inLanguage\":\"pl-PL\",\"@id\":\"https:\\\/\\\/www.coffeedesk.pl\\\/blog\\\/johan-nystrom\\\/#primaryimage\",\"url\":\"https:\\\/\\\/www.coffeedesk.pl\\\/blog\\\/wp-content\\\/uploads\\\/2022\\\/04\\\/2-e1650013757455.jpg\",\"contentUrl\":\"https:\\\/\\\/www.coffeedesk.pl\\\/blog\\\/wp-content\\\/uploads\\\/2022\\\/04\\\/2-e1650013757455.jpg\",\"width\":1775,\"height\":820,\"caption\":\"jn\"},{\"@type\":\"BreadcrumbList\",\"@id\":\"https:\\\/\\\/www.coffeedesk.pl\\\/blog\\\/johan-nystrom\\\/#breadcrumb\",\"itemListElement\":[{\"@type\":\"ListItem\",\"position\":1,\"name\":\"Strona g\u0142\u00f3wna\",\"item\":\"https:\\\/\\\/www.coffeedesk.pl\\\/blog\\\/\"},{\"@type\":\"ListItem\",\"position\":2,\"name\":\"Johan &#038; Nystrom: pierwsza palarnia specialty w Coffeedesk\"}]},{\"@type\":\"WebSite\",\"@id\":\"https:\\\/\\\/www.coffeedesk.pl\\\/blog\\\/#website\",\"url\":\"https:\\\/\\\/www.coffeedesk.pl\\\/blog\\\/\",\"name\":\"Blog Coffeedesk.pl\",\"description\":\"\",\"publisher\":{\"@id\":\"https:\\\/\\\/www.coffeedesk.pl\\\/blog\\\/#organization\"},\"potentialAction\":[{\"@type\":\"SearchAction\",\"target\":{\"@type\":\"EntryPoint\",\"urlTemplate\":\"https:\\\/\\\/www.coffeedesk.pl\\\/blog\\\/?s={search_term_string}\"},\"query-input\":{\"@type\":\"PropertyValueSpecification\",\"valueRequired\":true,\"valueName\":\"search_term_string\"}}],\"inLanguage\":\"pl-PL\"},{\"@type\":\"Organization\",\"@id\":\"https:\\\/\\\/www.coffeedesk.pl\\\/blog\\\/#organization\",\"name\":\"Coffeedesk.pl\",\"url\":\"https:\\\/\\\/www.coffeedesk.pl\\\/blog\\\/\",\"logo\":{\"@type\":\"ImageObject\",\"inLanguage\":\"pl-PL\",\"@id\":\"https:\\\/\\\/www.coffeedesk.pl\\\/blog\\\/#\\\/schema\\\/logo\\\/image\\\/\",\"url\":\"https:\\\/\\\/www.coffeedesk.pl\\\/blog\\\/wp-content\\\/uploads\\\/2019\\\/10\\\/logo_color.png\",\"contentUrl\":\"https:\\\/\\\/www.coffeedesk.pl\\\/blog\\\/wp-content\\\/uploads\\\/2019\\\/10\\\/logo_color.png\",\"width\":246,\"height\":50,\"caption\":\"Coffeedesk.pl\"},\"image\":{\"@id\":\"https:\\\/\\\/www.coffeedesk.pl\\\/blog\\\/#\\\/schema\\\/logo\\\/image\\\/\"}},{\"@type\":\"Person\",\"@id\":\"https:\\\/\\\/www.coffeedesk.pl\\\/blog\\\/#\\\/schema\\\/person\\\/a1096558eae64b0c24e6bed86f618d7d\",\"name\":\"Aga Bukowska\",\"image\":{\"@type\":\"ImageObject\",\"inLanguage\":\"pl-PL\",\"@id\":\"https:\\\/\\\/www.coffeedesk.pl\\\/blog\\\/wp-content\\\/uploads\\\/2024\\\/11\\\/231219_COFFESPOTS_0387-320x320.jpg\",\"url\":\"https:\\\/\\\/www.coffeedesk.pl\\\/blog\\\/wp-content\\\/uploads\\\/2024\\\/11\\\/231219_COFFESPOTS_0387-320x320.jpg\",\"contentUrl\":\"https:\\\/\\\/www.coffeedesk.pl\\\/blog\\\/wp-content\\\/uploads\\\/2024\\\/11\\\/231219_COFFESPOTS_0387-320x320.jpg\",\"caption\":\"Aga Bukowska\"},\"description\":\"Dziennikarka, fotogradka, specjalistka od bran\u017cy specialty. Autorka ksi\u0105\u017cek COFFEE SPOTS Polska i LESS WASTE Polska, inicjatorka projektu wydawniczego Przeb\u0142ysk. Mi\u0142o\u015bniczka dobrego jedzenia i pi\u0119knych zdj\u0119\u0107, uzale\u017cniona od kawy, podr\u00f3\u017cy i czytania.\",\"sameAs\":[\"https:\\\/\\\/instagram.com\\\/aga_bukowska\"],\"url\":\"https:\\\/\\\/www.coffeedesk.pl\\\/blog\\\/author\\\/agabukowska\\\/\"}]}<\/script>\n<!-- \/ Yoast SEO plugin. -->","yoast_head_json":{"title":"Palarnie \u2013 Johan Nystrom - Blog Coffeedesk.pl","description":"Johan & Nystrom to pierwsza palarnia specialty w Coffeedesk, a w kwietniu nasz Lovebrand miesi\u0105ca. Co powinni\u015bcie o niej wiedzie\u0107?","robots":{"index":"index","follow":"follow","max-snippet":"max-snippet:-1","max-image-preview":"max-image-preview:large","max-video-preview":"max-video-preview:-1"},"canonical":"https:\/\/www.coffeedesk.pl\/blog\/johan-nystrom\/","og_locale":"pl_PL","og_type":"article","og_title":"Palarnie \u2013 Johan Nystrom - Blog Coffeedesk.pl","og_description":"Johan & Nystrom to pierwsza palarnia specialty w Coffeedesk, a w kwietniu nasz Lovebrand miesi\u0105ca. Co powinni\u015bcie o niej wiedzie\u0107?","og_url":"https:\/\/www.coffeedesk.pl\/blog\/johan-nystrom\/","og_site_name":"Blog Coffeedesk.pl","article_published_time":"2022-04-15T11:07:42+00:00","article_modified_time":"2023-02-24T12:44:21+00:00","og_image":[{"width":1775,"height":820,"url":"https:\/\/www.coffeedesk.pl\/blog\/wp-content\/uploads\/2022\/04\/2-e1650013757455.jpg","type":"image\/jpeg"}],"author":"Aga Bukowska","twitter_card":"summary_large_image","twitter_misc":{"Napisane przez":"Aga Bukowska","Szacowany czas czytania":"4 minuty"},"schema":{"@context":"https:\/\/schema.org","@graph":[{"@type":"Article","@id":"https:\/\/www.coffeedesk.pl\/blog\/johan-nystrom\/#article","isPartOf":{"@id":"https:\/\/www.coffeedesk.pl\/blog\/johan-nystrom\/"},"author":{"name":"Aga Bukowska","@id":"https:\/\/www.coffeedesk.pl\/blog\/#\/schema\/person\/a1096558eae64b0c24e6bed86f618d7d"},"headline":"Johan &#038; Nystrom: pierwsza palarnia specialty w Coffeedesk","datePublished":"2022-04-15T11:07:42+00:00","dateModified":"2023-02-24T12:44:21+00:00","mainEntityOfPage":{"@id":"https:\/\/www.coffeedesk.pl\/blog\/johan-nystrom\/"},"wordCount":679,"commentCount":0,"publisher":{"@id":"https:\/\/www.coffeedesk.pl\/blog\/#organization"},"image":{"@id":"https:\/\/www.coffeedesk.pl\/blog\/johan-nystrom\/#primaryimage"},"thumbnailUrl":"https:\/\/www.coffeedesk.pl\/blog\/wp-content\/uploads\/2022\/04\/2-e1650013757455.jpg","keywords":["johan nystrom","kawa","love brand","palarnie","specialty"],"articleSection":["Kawa","Palarnie"],"inLanguage":"pl-PL","potentialAction":[{"@type":"CommentAction","name":"Comment","target":["https:\/\/www.coffeedesk.pl\/blog\/johan-nystrom\/#respond"]}]},{"@type":"WebPage","@id":"https:\/\/www.coffeedesk.pl\/blog\/johan-nystrom\/","url":"https:\/\/www.coffeedesk.pl\/blog\/johan-nystrom\/","name":"Palarnie \u2013 Johan Nystrom - Blog Coffeedesk.pl","isPartOf":{"@id":"https:\/\/www.coffeedesk.pl\/blog\/#website"},"primaryImageOfPage":{"@id":"https:\/\/www.coffeedesk.pl\/blog\/johan-nystrom\/#primaryimage"},"image":{"@id":"https:\/\/www.coffeedesk.pl\/blog\/johan-nystrom\/#primaryimage"},"thumbnailUrl":"https:\/\/www.coffeedesk.pl\/blog\/wp-content\/uploads\/2022\/04\/2-e1650013757455.jpg","datePublished":"2022-04-15T11:07:42+00:00","dateModified":"2023-02-24T12:44:21+00:00","description":"Johan & Nystrom to pierwsza palarnia specialty w Coffeedesk, a w kwietniu nasz Lovebrand miesi\u0105ca. Co powinni\u015bcie o niej wiedzie\u0107?","breadcrumb":{"@id":"https:\/\/www.coffeedesk.pl\/blog\/johan-nystrom\/#breadcrumb"},"inLanguage":"pl-PL","potentialAction":[{"@type":"ReadAction","target":["https:\/\/www.coffeedesk.pl\/blog\/johan-nystrom\/"]}]},{"@type":"ImageObject","inLanguage":"pl-PL","@id":"https:\/\/www.coffeedesk.pl\/blog\/johan-nystrom\/#primaryimage","url":"https:\/\/www.coffeedesk.pl\/blog\/wp-content\/uploads\/2022\/04\/2-e1650013757455.jpg","contentUrl":"https:\/\/www.coffeedesk.pl\/blog\/wp-content\/uploads\/2022\/04\/2-e1650013757455.jpg","width":1775,"height":820,"caption":"jn"},{"@type":"BreadcrumbList","@id":"https:\/\/www.coffeedesk.pl\/blog\/johan-nystrom\/#breadcrumb","itemListElement":[{"@type":"ListItem","position":1,"name":"Strona g\u0142\u00f3wna","item":"https:\/\/www.coffeedesk.pl\/blog\/"},{"@type":"ListItem","position":2,"name":"Johan &#038; Nystrom: pierwsza palarnia specialty w Coffeedesk"}]},{"@type":"WebSite","@id":"https:\/\/www.coffeedesk.pl\/blog\/#website","url":"https:\/\/www.coffeedesk.pl\/blog\/","name":"Blog Coffeedesk.pl","description":"","publisher":{"@id":"https:\/\/www.coffeedesk.pl\/blog\/#organization"},"potentialAction":[{"@type":"SearchAction","target":{"@type":"EntryPoint","urlTemplate":"https:\/\/www.coffeedesk.pl\/blog\/?s={search_term_string}"},"query-input":{"@type":"PropertyValueSpecification","valueRequired":true,"valueName":"search_term_string"}}],"inLanguage":"pl-PL"},{"@type":"Organization","@id":"https:\/\/www.coffeedesk.pl\/blog\/#organization","name":"Coffeedesk.pl","url":"https:\/\/www.coffeedesk.pl\/blog\/","logo":{"@type":"ImageObject","inLanguage":"pl-PL","@id":"https:\/\/www.coffeedesk.pl\/blog\/#\/schema\/logo\/image\/","url":"https:\/\/www.coffeedesk.pl\/blog\/wp-content\/uploads\/2019\/10\/logo_color.png","contentUrl":"https:\/\/www.coffeedesk.pl\/blog\/wp-content\/uploads\/2019\/10\/logo_color.png","width":246,"height":50,"caption":"Coffeedesk.pl"},"image":{"@id":"https:\/\/www.coffeedesk.pl\/blog\/#\/schema\/logo\/image\/"}},{"@type":"Person","@id":"https:\/\/www.coffeedesk.pl\/blog\/#\/schema\/person\/a1096558eae64b0c24e6bed86f618d7d","name":"Aga Bukowska","image":{"@type":"ImageObject","inLanguage":"pl-PL","@id":"https:\/\/www.coffeedesk.pl\/blog\/wp-content\/uploads\/2024\/11\/231219_COFFESPOTS_0387-320x320.jpg","url":"https:\/\/www.coffeedesk.pl\/blog\/wp-content\/uploads\/2024\/11\/231219_COFFESPOTS_0387-320x320.jpg","contentUrl":"https:\/\/www.coffeedesk.pl\/blog\/wp-content\/uploads\/2024\/11\/231219_COFFESPOTS_0387-320x320.jpg","caption":"Aga Bukowska"},"description":"Dziennikarka, fotogradka, specjalistka od bran\u017cy specialty. Autorka ksi\u0105\u017cek COFFEE SPOTS Polska i LESS WASTE Polska, inicjatorka projektu wydawniczego Przeb\u0142ysk. Mi\u0142o\u015bniczka dobrego jedzenia i pi\u0119knych zdj\u0119\u0107, uzale\u017cniona od kawy, podr\u00f3\u017cy i czytania.","sameAs":["https:\/\/instagram.com\/aga_bukowska"],"url":"https:\/\/www.coffeedesk.pl\/blog\/author\/agabukowska\/"}]}},"jetpack_featured_media_url":"https:\/\/www.coffeedesk.pl\/blog\/wp-content\/uploads\/2022\/04\/2-e1650013757455.jpg","_links":{"self":[{"href":"https:\/\/www.coffeedesk.pl\/blog\/wp-json\/wp\/v2\/posts\/18047","targetHints":{"allow":["GET"]}}],"collection":[{"href":"https:\/\/www.coffeedesk.pl\/blog\/wp-json\/wp\/v2\/posts"}],"about":[{"href":"https:\/\/www.coffeedesk.pl\/blog\/wp-json\/wp\/v2\/types\/post"}],"author":[{"embeddable":true,"href":"https:\/\/www.coffeedesk.pl\/blog\/wp-json\/wp\/v2\/users\/33"}],"replies":[{"embeddable":true,"href":"https:\/\/www.coffeedesk.pl\/blog\/wp-json\/wp\/v2\/comments?post=18047"}],"version-history":[{"count":8,"href":"https:\/\/www.coffeedesk.pl\/blog\/wp-json\/wp\/v2\/posts\/18047\/revisions"}],"predecessor-version":[{"id":21415,"href":"https:\/\/www.coffeedesk.pl\/blog\/wp-json\/wp\/v2\/posts\/18047\/revisions\/21415"}],"wp:featuredmedia":[{"embeddable":true,"href":"https:\/\/www.coffeedesk.pl\/blog\/wp-json\/wp\/v2\/media\/18079"}],"wp:attachment":[{"href":"https:\/\/www.coffeedesk.pl\/blog\/wp-json\/wp\/v2\/media?parent=18047"}],"wp:term":[{"taxonomy":"category","embeddable":true,"href":"https:\/\/www.coffeedesk.pl\/blog\/wp-json\/wp\/v2\/categories?post=18047"},{"taxonomy":"post_tag","embeddable":true,"href":"https:\/\/www.coffeedesk.pl\/blog\/wp-json\/wp\/v2\/tags?post=18047"},{"taxonomy":"powerkit_post_featured","embeddable":true,"href":"https:\/\/www.coffeedesk.pl\/blog\/wp-json\/wp\/v2\/powerkit_post_featured?post=18047"}],"curies":[{"name":"wp","href":"https:\/\/api.w.org\/{rel}","templated":true}]}}