{"id":18154,"date":"2022-04-29T16:48:45","date_gmt":"2022-04-29T14:48:45","guid":{"rendered":"https:\/\/www.coffeedesk.pl\/blog\/?p=18154"},"modified":"2025-05-29T10:38:37","modified_gmt":"2025-05-29T08:38:37","slug":"jaka-kawa-jest-zdrowsza-z-mlekiem-z-roslinnym-czy-czarna-sprawdzamy","status":"publish","type":"post","link":"https:\/\/www.coffeedesk.pl\/blog\/jaka-kawa-jest-zdrowsza-z-mlekiem-z-roslinnym-czy-czarna-sprawdzamy\/","title":{"rendered":"Jaka kawa jest zdrowsza? Z mlekiem, z ro\u015blinnym, czy czarna? Sprawdzamy!\u00a0"},"content":{"rendered":"<p><big><strong>Internet jest pe\u0142en por\u00f3wna\u0144 <a href=\"https:\/\/www.coffeedesk.pl\/blog\/rodzaje-kawy-espresso-macchiato-latte\/\" target=\"_blank\" rel=\"noopener\">rodzaj\u00f3w kawy<\/a> pod k\u0105tem kaloryczno\u015bci, warto\u015bci od\u017cywczych, czy og\u00f3lnego wp\u0142ywu na zdrowie. Oczywi\u015bcie z artyku\u0142\u00f3w o sugestywnych tytu\u0142ach \u201eczy kawa jest zdrowa\u201d lub &#8220;kawa z mlekiem czy bez&#8221; dowiecie si\u0119 cud\u00f3w-wiank\u00f3w, sprowadzaj\u0105cych kaw\u0119 do jednego worka (a mo\u017ce raczej do jednego kubka). Jak to si\u0119 m\u00f3wi: papier przyjmie wszystko (excel te\u017c), a prawda le\u017cy w tym jak du\u017co i jakiej kawy pijemy. Bo kawa kawie nier\u00f3wna! I nie chodzi tu o r\u00f3\u017cnorodne <a href=\"https:\/\/www.coffeedesk.pl\/blog\/obrobka-kawy-washed-natural-honey\/\" target=\"_blank\" rel=\"noopener\">metody obr\u00f3bki<\/a> czy kraje pochodzenia, po prostu <a href=\"https:\/\/www.coffeedesk.pl\/blog\/kawa-do-ekspresu-przelewowego\/\" target=\"_blank\" rel=\"noopener\">kawa przelewowa<\/a> jest bardzo daleko od <a href=\"https:\/\/www.coffeedesk.pl\/kawa\/metoda-parzenia\/espresso\/\" target=\"_blank\" rel=\"noopener\">espresso<\/a> z dodatkiem blisko p\u00f3\u0142 litra mleka. \u0141atwo jest przypisa\u0107 w\u0142a\u015bciwo\u015bci samej kawy tak\u017ce kawom mlecznym, a jednak warto pami\u0119ta\u0107, \u017ce latte to mleko z odrobin\u0105 kawy, a tym samym jej w\u0142a\u015bciwo\u015bci b\u0119d\u0105 wynika\u0107 przede wszystkim z w\u0142a\u015bciwo\u015bci samego mleka, nie za\u015b z <a href=\"https:\/\/www.coffeedesk.pl\/kawa\/\" target=\"_blank\" rel=\"noopener\">kawy<\/a>. <b>Sprawd\u017amy zatem, czy kawa z mlekiem jest zdrowa, czy raczej powinno si\u0119 unika\u0107 tego dodatku.<\/b><\/strong><\/big><\/p>\n<h2 id=\"kawa-z-mlekiem-czy-bez-zacznijmy-od-wlasciwosci-kaw-bezmlecznych\">Kawa z mlekiem czy bez? Zacznijmy od w\u0142a\u015bciwo\u015bci kaw bezmlecznych<\/h2>\n<p><span style=\"font-weight: 400;\">Czy czarna kawa mo\u017ce wnosi\u0107 wiele dla zdrowia, kiedy w praktyce jest przede wszystkim wod\u0105 z kilkoma lub kilkunastoma procentami cz\u0105steczek kawy? Co ciekawe mo\u017ce, a nasz polski Instytut \u017bywno\u015bci i \u017bywienia w swoich publikacjach cz\u0119sto powtarza, \u017ce <strong>do 3 fili\u017canek dziennie kawa jest produktem prozdrowotnym<\/strong>, czyli takim, kt\u00f3re ma istotne benefity dla naszego zdrowia.<\/span><\/p>\n<p><span style=\"font-weight: 400;\"><strong>Kawa zawiera r\u00f3\u017cne<\/strong> <strong>mikroelementy<\/strong>, jednak wi\u0119kszo\u015b\u0107 z nich nie pokrywa wi\u0119cej ni\u017c 3% dziennego zapotrzebowania. Wyj\u0105tek stanowi ryboflawina (wit. B2) i kwas pantotenowy (wit. B5), kt\u00f3rych jednak porcja kawy dostarcza odpowiednio 11% i 6% dziennego zapotrzebowania, a to ju\u017c ca\u0142kiem sporo jak na nap\u00f3j. <strong>Profil espresso jest nieco inny i mo\u017cemy odnale\u017a\u0107 tam spor\u0105 dawk\u0119 magnezu<\/strong> (6% dziennego zapotrzebowania) <strong>i niacyny<\/strong> (7%). To wszystko brzmi ca\u0142kiem fajnie, jednak wprawny kawosz od razu zauwa\u017cy, \u017ce profil ten b\u0119dzie zale\u017ce\u0107 g\u0142\u00f3wnie od sk\u0142adu mineralnego zastosowanej wody!\u00a0<\/span><\/p>\n<p><img  loading=\"lazy\"  decoding=\"async\"  class=\"alignnone wp-image-18162 size-medium pk-lazyload\"  src=\"data:image\/png;base64,iVBORw0KGgoAAAANSUhEUgAAAyAAAASwAQMAAAA5f7zmAAAAA1BMVEUAAP+KeNJXAAAAAXRSTlMAQObYZgAAAAlwSFlzAAAOxAAADsQBlSsOGwAAAIxJREFUeNrtwQENAAAAwqD3T20PBxQAAAAAAAAAAAAAAAAAAAAAAAAAAAAAAAAAAAAAAAAAAAAAAAAAAAAAAAAAAAAAAAAAAAAAAAAAAAAAAAAAAAAAAAAAAAAAAAAAAAAAAAAAAAAAAAAAAAAAAAAAAAAAAAAAAAAAAAAAAAAAAAAAAAAAAAAAAAAPBtl\/AAGNyqJ5AAAAAElFTkSuQmCC\"  alt=\"Kawa z mlekiem czy bez?\"  width=\"800\"  height=\"1200\"  data-pk-sizes=\"auto\"  data-ls-sizes=\"auto, (max-width: 800px) 100vw, 800px\"  data-pk-src=\"https:\/\/www.coffeedesk.pl\/blog\/wp-content\/uploads\/2022\/04\/51893927792_58ab1af06d_k-1-800x1200.jpg\"  data-pk-srcset=\"https:\/\/www.coffeedesk.pl\/blog\/wp-content\/uploads\/2022\/04\/51893927792_58ab1af06d_k-1-800x1200.jpg 800w, https:\/\/www.coffeedesk.pl\/blog\/wp-content\/uploads\/2022\/04\/51893927792_58ab1af06d_k-1-1160x1740.jpg 1160w, https:\/\/www.coffeedesk.pl\/blog\/wp-content\/uploads\/2022\/04\/51893927792_58ab1af06d_k-1-1024x1536.jpg 1024w, https:\/\/www.coffeedesk.pl\/blog\/wp-content\/uploads\/2022\/04\/51893927792_58ab1af06d_k-1-320x480.jpg 320w, https:\/\/www.coffeedesk.pl\/blog\/wp-content\/uploads\/2022\/04\/51893927792_58ab1af06d_k-1-560x840.jpg 560w, https:\/\/www.coffeedesk.pl\/blog\/wp-content\/uploads\/2022\/04\/51893927792_58ab1af06d_k-1.jpg 1365w\" ><\/p>\n<p><span style=\"font-weight: 400;\">Wiele prozdrowotnych <a href=\"https:\/\/www.coffeedesk.pl\/blog\/wlasciwosci-kawy-i-skutki-jej-picia\/\" target=\"_blank\" rel=\"noopener\">w\u0142a\u015bciwo\u015bci kawy<\/a> wynika jednak nie z zawarto\u015bci mikroelement\u00f3w, a przede wszystkim z licznych sk\u0142adnik\u00f3w antyoksydacyjnych. <strong>Kawa jest pe\u0142na<\/strong> <strong>polifenoli<\/strong>, g\u0142\u00f3wnie w formie kwas\u00f3w chlorogenowych, kt\u00f3re wspieraj\u0105 przeciwdzia\u0142anie chorobom zwi\u0105zanym ze stresem oksydacyjnym, sprzyjaj\u0105c tak\u017ce <strong>zapobieganiu nowotworom, chorobom kr\u0105\u017cenia i neurodegeneracyjnym<\/strong>.<\/span><\/p>\n<p><span style=\"font-weight: 400;\">Co ciekawe, wp\u0142yw na zdrowie ma tak\u017ce kwestia <a href=\"https:\/\/www.coffeedesk.pl\/poradnik\/akcesoria\/filtry-do-kawy\/\">filtracji kawy<\/a>. <strong>Ziarna kawy zawieraj\u0105<\/strong> <strong>kafeol i<\/strong> <strong>kafestol<\/strong>, substancje, kt\u00f3re mog\u0105 istotnie podnosi\u0107 poziom cholesterolu we krwi. Nale\u017c\u0105 do grupy lipid\u00f3w, wi\u0119c \u017ceby nie przedosta\u0142y si\u0119 do naszego naparu, wystarczy zastosowa\u0107 papierowy czy bawe\u0142niany <a href=\"https:\/\/www.coffeedesk.pl\/akcesoria\/akcesoria\/filtry-do-kawy\/\" target=\"_blank\" rel=\"noopener\">filtr<\/a>. Kolejny punkt dla <a href=\"https:\/\/www.coffeedesk.pl\/zaparzacze\/zaparzacze\/drippery\/\" target=\"_blank\" rel=\"noopener\">dripper\u00f3w<\/a>! \ud83d\ude42<\/span><\/p>\n<p><span style=\"font-weight: 400;\">W kategorii czarna kawa niekt\u00f3rzy mogliby wpisa\u0107 tak\u017ce kaw\u0119 rozpuszczaln\u0105, kt\u00f3ra wbrew pozorom nie musi by\u0107 chemiczny wytworem szkodliwym dla zdrowia. Wi\u0119cej pisali\u015bmy o tym w <a href=\"https:\/\/www.coffeedesk.pl\/blog\/kawa-rozpuszczalna-zdrowie-opinie\/\" target=\"_blank\" rel=\"noopener\">artykule o kawie rozpuszczalnej<\/a>.<\/span><\/p>\n<div id='gallery-1' class='gallery galleryid-18154 gallery-columns-2 gallery-size-full'><figure class='gallery-item'>\n\t\t\t<div class='gallery-icon portrait'>\n\t\t\t\t<img loading=\"lazy\" decoding=\"async\" width=\"1282\" height=\"1920\" src=\"data:image\/png;base64,iVBORw0KGgoAAAANSUhEUgAABQIAAAeAAQMAAACv8Lh4AAAAA1BMVEUAAP+KeNJXAAAAAXRSTlMAQObYZgAAAAlwSFlzAAAOxAAADsQBlSsOGwAAAURJREFUeNrtwTEBAAAAwqD1T20ND6AAAAAAAAAAAAAAAAAAAAAAAAAAAAAAAAAAAAAAAAAAAAAAAAAAAAAAAAAAAAAAAAAAAAAAAAAAAAAAAAAAAAAAAAAAAAAAAAAAAAAAAAAAAAAAAAAAAAAAAAAAAAAAAAAAAAAAAAAAAAAAAAAAAAAAAAAAAAAAAAAAAAAAAAAAAAAAAAAAAAAAAAAAAAAAAAAAAAAAAAAAAAAAAAAAAAAAAAAAAAAAAAAAAAAAAAAAAAAAAAAAAAAAAAAAAAAAAAAAAAAAAAAAAAAAAAAAAAAAAAAAAAAAAAAAAAAAAAAAAAAAAAAAAAAAAAAAAAAAAAAAAAAAAAAAAAAAAAAAAAAAAAAAAAAAAAAAAAAAAAAAAAAAAAAAAAAAAAAAAAAAAAAAAAAAAAAAAAAAAAAAeDS\/PAABORKapgAAAABJRU5ErkJggg==\" class=\"attachment-full size-full pk-lazyload\" alt=\"Kawa - czarna czy z mlekiem?\" data-pk-sizes=\"auto\" data-ls-sizes=\"(max-width: 1282px) 100vw, 1282px\" data-pk-src=\"https:\/\/www.coffeedesk.pl\/blog\/wp-content\/uploads\/2022\/04\/51830434780_3473600675_k.jpg\" data-pk-srcset=\"https:\/\/www.coffeedesk.pl\/blog\/wp-content\/uploads\/2022\/04\/51830434780_3473600675_k.jpg 1282w, https:\/\/www.coffeedesk.pl\/blog\/wp-content\/uploads\/2022\/04\/51830434780_3473600675_k-800x1198.jpg 800w, https:\/\/www.coffeedesk.pl\/blog\/wp-content\/uploads\/2022\/04\/51830434780_3473600675_k-1160x1737.jpg 1160w, https:\/\/www.coffeedesk.pl\/blog\/wp-content\/uploads\/2022\/04\/51830434780_3473600675_k-1026x1536.jpg 1026w, https:\/\/www.coffeedesk.pl\/blog\/wp-content\/uploads\/2022\/04\/51830434780_3473600675_k-320x479.jpg 320w, https:\/\/www.coffeedesk.pl\/blog\/wp-content\/uploads\/2022\/04\/51830434780_3473600675_k-560x839.jpg 560w\" \/>\n\t\t\t<\/div><\/figure><figure class='gallery-item'>\n\t\t\t<div class='gallery-icon portrait'>\n\t\t\t\t<img loading=\"lazy\" decoding=\"async\" width=\"1282\" height=\"1920\" src=\"data:image\/png;base64,iVBORw0KGgoAAAANSUhEUgAABQIAAAeAAQMAAACv8Lh4AAAAA1BMVEUAAP+KeNJXAAAAAXRSTlMAQObYZgAAAAlwSFlzAAAOxAAADsQBlSsOGwAAAURJREFUeNrtwTEBAAAAwqD1T20ND6AAAAAAAAAAAAAAAAAAAAAAAAAAAAAAAAAAAAAAAAAAAAAAAAAAAAAAAAAAAAAAAAAAAAAAAAAAAAAAAAAAAAAAAAAAAAAAAAAAAAAAAAAAAAAAAAAAAAAAAAAAAAAAAAAAAAAAAAAAAAAAAAAAAAAAAAAAAAAAAAAAAAAAAAAAAAAAAAAAAAAAAAAAAAAAAAAAAAAAAAAAAAAAAAAAAAAAAAAAAAAAAAAAAAAAAAAAAAAAAAAAAAAAAAAAAAAAAAAAAAAAAAAAAAAAAAAAAAAAAAAAAAAAAAAAAAAAAAAAAAAAAAAAAAAAAAAAAAAAAAAAAAAAAAAAAAAAAAAAAAAAAAAAAAAAAAAAAAAAAAAAAAAAAAAAAAAAAAAAAAAAAAAAAAAAAAAAAAAAAAAAeDS\/PAABORKapgAAAABJRU5ErkJggg==\" class=\"attachment-full size-full pk-lazyload\" alt=\"Kawa z mlekiem\" data-pk-sizes=\"auto\" data-ls-sizes=\"(max-width: 1282px) 100vw, 1282px\" data-pk-src=\"https:\/\/www.coffeedesk.pl\/blog\/wp-content\/uploads\/2022\/04\/51828756747_3f8e6c8f71_k.jpg\" data-pk-srcset=\"https:\/\/www.coffeedesk.pl\/blog\/wp-content\/uploads\/2022\/04\/51828756747_3f8e6c8f71_k.jpg 1282w, https:\/\/www.coffeedesk.pl\/blog\/wp-content\/uploads\/2022\/04\/51828756747_3f8e6c8f71_k-800x1198.jpg 800w, https:\/\/www.coffeedesk.pl\/blog\/wp-content\/uploads\/2022\/04\/51828756747_3f8e6c8f71_k-1160x1737.jpg 1160w, https:\/\/www.coffeedesk.pl\/blog\/wp-content\/uploads\/2022\/04\/51828756747_3f8e6c8f71_k-1026x1536.jpg 1026w, https:\/\/www.coffeedesk.pl\/blog\/wp-content\/uploads\/2022\/04\/51828756747_3f8e6c8f71_k-320x479.jpg 320w, https:\/\/www.coffeedesk.pl\/blog\/wp-content\/uploads\/2022\/04\/51828756747_3f8e6c8f71_k-560x839.jpg 560w\" \/>\n\t\t\t<\/div><\/figure>\n\t\t<\/div>\n\n<h2 id=\"kawa-z-mlekiem-czy-jest-zdrowa\">Kawa z mlekiem \u2013 czy jest zdrowa?<\/h2>\n<p><span style=\"font-weight: 400;\">Czy kawa z mlekiem szkodzi zdrowiu? Pytanie \u201ena zwyk\u0142ym mleku?\u201d cz\u0119sto pada z ust barist\u00f3w i zawsze mnie zaskakuje, \u017ce krowie mleko uznajemy za zwyk\u0142e. W ko\u0144cu fani mleka krowiego uwa\u017caj\u0105 je za <\/span><i><span style=\"font-weight: 400;\">niezwyk\u0142y<\/span><\/i><span style=\"font-weight: 400;\"> sk\u0142adnik, kluczowy dla naszego zdrowia i rekomenduj\u0105 wypijanie do\u015b\u0107 poka\u017anych ilo\u015bci dziennie. Z drugiej strony coraz cz\u0119\u015bciej docieraj\u0105 do nas odwrotne informacje i odnosz\u0119 wra\u017cenie, \u017ce nawet ekspertom od \u017cywienia nie jest \u0142atwo si\u0119 w tym po\u0142apa\u0107. Odpowied\u017a na pytanie <\/span><i><span style=\"font-weight: 400;\">czy kawa z mlekiem szkodzi zdrowiu<\/span><\/i><span style=\"font-weight: 400;\"> nie ma konsensusu naukowego, bo <strong>kwestia wp\u0142ywu mleka na zdrowie jest wci\u0105\u017c kontrowersyjna<\/strong>. W naukowych \u017ar\u00f3d\u0142ach znajdziemy informacje na poparcie i jednej i drugiej strony, a nie u\u0142atwia rozwi\u0105zania sporu fakt, \u017ce wiele z bada\u0144 jest sponsorowanych przez pot\u0119\u017cne lobby.<\/span><\/p>\n<p><span style=\"font-weight: 400;\">Wi\u0119c czy kawa z mlekiem szkodzi zdrowiu? Patrz\u0105c na tabelk\u0119 warto\u015bci od\u017cywczych, mo\u017cna by wyci\u0105gn\u0105\u0107 wniosek, \u017ce mleko, a tym samym <strong>mleko z kaw\u0105, to ca\u0142kiem poka\u017ane \u017ar\u00f3d\u0142o mikroelement\u00f3w<\/strong>. To, czego tabelka nie pokazuje, to r\u00f3\u017cnie oceniany wp\u0142yw kazeiny, laktozy, galaktozy, antybiotyk\u00f3w, hormon\u00f3w i innych mniej widocznych sk\u0142adowych mleka.\u00a0<\/span><\/p>\n<p><span style=\"font-weight: 400;\">W kategorii \u201cbia\u0142a kawa\u201d znajdziemy tak\u017ce kaw\u0119 znan\u0105 nam z rodzinnych imprez z lat 90-tych &#8211; <strong>zabielan\u0105 Cremon\u0105, \u015bmietank\u0105 w ma\u0142ym pojemniczku lub zag\u0119szczonym mleczkiem, albo hit kolejnych pokole\u0144 &#8211; kawa 3w1<\/strong>. Wszystkie powy\u017csze mo\u017cna uzna\u0107 za zbrodni\u0119 na ludzko\u015bci, abstrahuj\u0105c od smaku, to s\u0105 to produkty o podwy\u017cszonej kaloryczno\u015bci, z du\u017c\u0105 zawarto\u015bci\u0105 cukru i t\u0142uszczu (\u017ceby nie by\u0107 go\u0142os\u0142ownym, to taka Cremona ma tyle samo kcal co czekolada). To najciemniejsza alejka metod picia kawy i absolutnie nie warto w ni\u0105 wchodzi\u0107. W tym przypadku kawa czarna b\u0119dzie o wiele lepszym wyborem ni\u017c ta z mlekiem.<\/span><\/p>\n<p><img  loading=\"lazy\"  decoding=\"async\"  class=\"alignnone wp-image-18160 size-medium pk-lazyload\"  src=\"data:image\/png;base64,iVBORw0KGgoAAAANSUhEUgAAAyAAAATwAQMAAAA2J7aKAAAAA1BMVEUAAP+KeNJXAAAAAXRSTlMAQObYZgAAAAlwSFlzAAAOxAAADsQBlSsOGwAAAJJJREFUeNrtwQENAAAAwqD3T20PBxQAAAAAAAAAAAAAAAAAAAAAAAAAAAAAAAAAAAAAAAAAAAAAAAAAAAAAAAAAAAAAAAAAAAAAAAAAAAAAAAAAAAAAAAAAAAAAAAAAAAAAAAAAAAAAAAAAAAAAAAAAAAAAAAAAAAAAAAAAAAAAAAAAAAAAAAAAAAAAAAAAAAD8GfK\/AAFNlzrqAAAAAElFTkSuQmCC\"  alt=\"Czy kawa z mlekiem jest zdrowa?\"  width=\"800\"  height=\"1264\"  data-pk-sizes=\"auto\"  data-ls-sizes=\"auto, (max-width: 800px) 100vw, 800px\"  data-pk-src=\"https:\/\/www.coffeedesk.pl\/blog\/wp-content\/uploads\/2022\/04\/51830054369_58f18b3c3b_k-1-800x1264.jpg\"  data-pk-srcset=\"https:\/\/www.coffeedesk.pl\/blog\/wp-content\/uploads\/2022\/04\/51830054369_58f18b3c3b_k-1-800x1264.jpg 800w, https:\/\/www.coffeedesk.pl\/blog\/wp-content\/uploads\/2022\/04\/51830054369_58f18b3c3b_k-1-1160x1833.jpg 1160w, https:\/\/www.coffeedesk.pl\/blog\/wp-content\/uploads\/2022\/04\/51830054369_58f18b3c3b_k-1-972x1536.jpg 972w, https:\/\/www.coffeedesk.pl\/blog\/wp-content\/uploads\/2022\/04\/51830054369_58f18b3c3b_k-1-320x506.jpg 320w, https:\/\/www.coffeedesk.pl\/blog\/wp-content\/uploads\/2022\/04\/51830054369_58f18b3c3b_k-1-560x885.jpg 560w, https:\/\/www.coffeedesk.pl\/blog\/wp-content\/uploads\/2022\/04\/51830054369_58f18b3c3b_k-1.jpg 1215w\" ><\/p>\n<h2 id=\"kawa-czarna-czy-z-mlekiem-co-powiesz-na-roslinna-alternatywe\">Kawa czarna czy z mlekiem? Co powiesz na ro\u015blinn\u0105 alternatyw\u0119?<\/h2>\n<p><span style=\"font-weight: 400;\"><a href=\"https:\/\/www.coffeedesk.pl\/dodatki\/dodatki\/napoje-roslinne\/\" target=\"_blank\" rel=\"noopener\">Mleko ro\u015blinne<\/a> to zupe\u0142nie inna bajka. Obecnie mamy w Polsce kilkaset rodzaj\u00f3w napoj\u00f3w z kilkunastu r\u00f3\u017cnych surowc\u00f3w. Ich metody produkcji, sk\u0142ad i dodatki r\u00f3\u017cni\u0105 si\u0119 na tyle, \u017ce ka\u017cde z nich oferuje inne warto\u015bci od\u017cywcze. <strong>Mo\u017cemy znale\u017a\u0107 produkty bogate w bia\u0142ko<\/strong> (np. napoje ze str\u0105czk\u00f3w) <strong>lub ubogie w t\u0142uszcz i kilokalorie<\/strong> (nawet kilkana\u015bcie kcal \/ 100 g).<\/span><\/p>\n<p><span style=\"font-weight: 400;\">Czy kawa z mlekiem ro\u015blinnym jest zdrowa? W por\u00f3wnaniu do mleka krowiego nie znajdziemy w nich skutk\u00f3w ubocznych komercyjnej produkcji mleka, takich jak antybiotyki czy hormony. Co istotne, <strong>napoje ro\u015blinne mog\u0105 mie\u0107 w sk\u0142adzie cukier<\/strong> (czyli kcal do g\u00f3ry, w\u0119glowodany do g\u00f3ry, a zdrowie w d\u00f3\u0142), <strong>ale te\u017c mog\u0105 mie\u0107 fortyfikacj\u0119 witaminami i minera\u0142ami<\/strong> (g\u0142\u00f3wnie tymi, kt\u00f3re w standardzie ma mleko krowie, czyli wap\u0144, witamina B12 i D). Osobi\u015bcie zawsze szukam takich produkt\u00f3w, kt\u00f3re nie maj\u0105 cukru, za to maj\u0105 dodatek witamin, a jest ich ca\u0142kiem sporo na rynku (np. seria <\/span><strong>Alpro bez cukru, <a href=\"https:\/\/www.coffeedesk.pl\/nasze-marki\/oatly\/\">Oatly klasyczne<\/a>, ale te\u017c edycja <a href=\"https:\/\/www.coffeedesk.pl\/product\/13140\/Oatly-Napoj-Owsiany-Barista-Edition-1L\" target=\"_blank\" rel=\"noopener\">Barista<\/a><\/strong><span style=\"font-weight: 400;\">).<\/span><\/p>\n<h2 id=\"kawa-czarna-czy-z-mlekiem-ktora-jest-zdrowsza-podsumowanie\"><strong>Kawa czarna czy z mlekiem \u2013 kt\u00f3ra jest zdrowsza? Podsumowanie<\/strong><\/h2>\n<p><span style=\"font-weight: 400;\">Podejrzewam, \u017ce dla wi\u0119kszo\u015bci z nas wyb\u00f3r \u201ekawa z mlekiem czy bez\u201d <strong>to kwestia przede wszystkim smaku i w\u0142asnych preferencji<\/strong>, nie za\u015b wp\u0142ywu na zdrowie. I to te\u017c jest okay, dop\u00f3ki czujemy si\u0119 dobrze, to jedna czy dwie kawy, nie b\u0119d\u0105 mie\u0107 kluczowego wp\u0142ywu na nasze zdrowie. Je\u015bli jednak nie zawsze czujemy si\u0119 dobrze po kawie, to warto zg\u0142\u0119bi\u0107 temat i sprawdzi\u0107, czy winowajc\u0105 nie jest <strong>nietolerancja laktozy<\/strong> (kt\u00f3ra dotyczy nawet 75% spo\u0142ecze\u0144stwa!), <strong>czy \u017co\u0142\u0105dek wra\u017cliwy na czarn\u0105 kaw\u0119<\/strong> przed \u015bniadaniem. Grunt to \u017cycie w zgodzie z w\u0142asnym cia\u0142em i przekonaniami \ud83d\ude42 <\/span><\/p>\n<p><i>*W tek\u015bcie u\u017cywam s\u0142\u00f3w \u201cmleko ro\u015blinne\u201d i przewiduj\u0119, \u017ce znajdzie si\u0119 kto\u015b, kto b\u0119dzie pr\u00f3bowa\u0142 mnie o\u015bwieci\u0107, \u017ce nie jest to legalne sformu\u0142owanie, bo Unia Europejska zabrania. Ot\u00f3\u017c obja\u015bniam zawczasu &#8211; UE zabrania producentom nazywania tak produkt\u00f3w lub u\u017cywania takiego sformu\u0142owania w reklamie.<\/i><i> Ja, konsument, mog\u0119 m\u00f3wi\u0107 tak, jak chc\u0119, Unia konsumentom niczego nie zabrania. Mog\u0119 te\u017c m\u00f3wi\u0107 jajko czekoladowe, mleczko do demakija\u017cu, ba, nawet wega\u0144ski burger mog\u0119 m\u00f3wi\u0107. Serio ka\u017cdy z nas mo\u017ce nazywa\u0107 produkty w dowolny spos\u00f3b, bo na szcz\u0119\u015bcie prawo nie reguluje mowy potocznej \ud83d\ude42\u00a0<\/i><\/p>\n","protected":false},"excerpt":{"rendered":"<div class=\"post-excerpt\">Internet jest pe\u0142en por\u00f3wna\u0144 rodzaj\u00f3w kawy pod k\u0105tem kaloryczno\u015bci, warto\u015bci od\u017cywczych, czy og\u00f3lnego wp\u0142ywu na zdrowie. Oczywi\u015bcie z artyku\u0142\u00f3w o sugestywnych tytu\u0142ach \u201eczy kawa jest zdrowa\u201d lub &#8220;kawa z mlekiem&hellip;<\/div>\n<div class=\"post-more\"><a href=\"https:\/\/www.coffeedesk.pl\/blog\/jaka-kawa-jest-zdrowsza-z-mlekiem-z-roslinnym-czy-czarna-sprawdzamy\/\" class=\"button button-primary button-effect\"><span>Czytaj wpis<\/span><span><i class=\"cs-icon cs-icon-arrow-right\"><\/i><\/span><\/a><\/div>\n","protected":false},"author":11,"featured_media":18168,"comment_status":"open","ping_status":"open","sticky":false,"template":"","format":"standard","meta":{"_acf_changed":false,"footnotes":""},"categories":[34],"tags":[1965,2482,1332,1458,1936],"powerkit_post_featured":[],"class_list":{"0":"post-18154","1":"post","2":"type-post","3":"status-publish","4":"format-standard","5":"has-post-thumbnail","7":"category-kawa","8":"tag-alpro","9":"tag-kawa-czarna","10":"tag-kawa-z-mlekiem","11":"tag-mleko-roslinne","12":"tag-oatly"},"acf":[],"author_display_name":"Karolina Kosno","author_url":"https:\/\/www.coffeedesk.pl\/blog\/author\/karolina\/","featured_image":"https:\/\/www.coffeedesk.pl\/blog\/wp-content\/uploads\/2022\/04\/49468450718_2d50a6eba0_k-1-2-800x533.jpg","post_tags":["Alpro","kawa czarna","kawa z mlekiem","mleko ro\u015blinne","Oatly"],"post_categories":["Kawa"],"yoast_head":"<!-- This site is optimized with the Yoast SEO plugin v27.4 - https:\/\/yoast.com\/product\/yoast-seo-wordpress\/ -->\n<title>Kawa - z mlekiem czy bez? - Blog Coffeedesk.pl<\/title>\n<meta name=\"description\" content=\"Kawa kawie nier\u00f3wna! Czarna americano, a mo\u017ce latte z napojem ro\u015blinnym? Kt\u00f3ra jest zdrowsza - kawa z mlekiem czy bez? Przekonajmy si\u0119!\" \/>\n<meta name=\"robots\" content=\"index, follow, max-snippet:-1, max-image-preview:large, max-video-preview:-1\" \/>\n<link rel=\"canonical\" href=\"https:\/\/www.coffeedesk.pl\/blog\/jaka-kawa-jest-zdrowsza-z-mlekiem-z-roslinnym-czy-czarna-sprawdzamy\/\" \/>\n<meta property=\"og:locale\" content=\"pl_PL\" \/>\n<meta property=\"og:type\" content=\"article\" \/>\n<meta property=\"og:title\" content=\"Kawa - z mlekiem czy bez? - Blog Coffeedesk.pl\" \/>\n<meta property=\"og:description\" content=\"Kawa kawie nier\u00f3wna! Czarna americano, a mo\u017ce latte z napojem ro\u015blinnym? Kt\u00f3ra jest zdrowsza - kawa z mlekiem czy bez? Przekonajmy si\u0119!\" \/>\n<meta property=\"og:url\" content=\"https:\/\/www.coffeedesk.pl\/blog\/jaka-kawa-jest-zdrowsza-z-mlekiem-z-roslinnym-czy-czarna-sprawdzamy\/\" \/>\n<meta property=\"og:site_name\" content=\"Blog Coffeedesk.pl\" \/>\n<meta property=\"article:published_time\" content=\"2022-04-29T14:48:45+00:00\" \/>\n<meta property=\"article:modified_time\" content=\"2025-05-29T08:38:37+00:00\" \/>\n<meta property=\"og:image\" content=\"https:\/\/www.coffeedesk.pl\/blog\/wp-content\/uploads\/2022\/04\/49468450718_2d50a6eba0_k-1-2.jpg\" \/>\n\t<meta property=\"og:image:width\" content=\"1773\" \/>\n\t<meta property=\"og:image:height\" content=\"1182\" \/>\n\t<meta property=\"og:image:type\" content=\"image\/jpeg\" \/>\n<meta name=\"author\" content=\"Karolina Kosno\" \/>\n<meta name=\"twitter:card\" content=\"summary_large_image\" \/>\n<meta name=\"twitter:creator\" content=\"@kosnokarolina\" \/>\n<meta name=\"twitter:label1\" content=\"Napisane przez\" \/>\n\t<meta name=\"twitter:data1\" content=\"Karolina Kosno\" \/>\n\t<meta name=\"twitter:label2\" content=\"Szacowany czas czytania\" \/>\n\t<meta name=\"twitter:data2\" content=\"7 minut\" \/>\n<script type=\"application\/ld+json\" class=\"yoast-schema-graph\">{\"@context\":\"https:\\\/\\\/schema.org\",\"@graph\":[{\"@type\":\"Article\",\"@id\":\"https:\\\/\\\/www.coffeedesk.pl\\\/blog\\\/jaka-kawa-jest-zdrowsza-z-mlekiem-z-roslinnym-czy-czarna-sprawdzamy\\\/#article\",\"isPartOf\":{\"@id\":\"https:\\\/\\\/www.coffeedesk.pl\\\/blog\\\/jaka-kawa-jest-zdrowsza-z-mlekiem-z-roslinnym-czy-czarna-sprawdzamy\\\/\"},\"author\":{\"name\":\"Karolina Kosno\",\"@id\":\"https:\\\/\\\/www.coffeedesk.pl\\\/blog\\\/#\\\/schema\\\/person\\\/b49ee418ba420916ca6d0d0a70bdd9c0\"},\"headline\":\"Jaka kawa jest zdrowsza? Z mlekiem, z ro\u015blinnym, czy czarna? Sprawdzamy!\u00a0\",\"datePublished\":\"2022-04-29T14:48:45+00:00\",\"dateModified\":\"2025-05-29T08:38:37+00:00\",\"mainEntityOfPage\":{\"@id\":\"https:\\\/\\\/www.coffeedesk.pl\\\/blog\\\/jaka-kawa-jest-zdrowsza-z-mlekiem-z-roslinnym-czy-czarna-sprawdzamy\\\/\"},\"wordCount\":1261,\"commentCount\":0,\"publisher\":{\"@id\":\"https:\\\/\\\/www.coffeedesk.pl\\\/blog\\\/#organization\"},\"image\":{\"@id\":\"https:\\\/\\\/www.coffeedesk.pl\\\/blog\\\/jaka-kawa-jest-zdrowsza-z-mlekiem-z-roslinnym-czy-czarna-sprawdzamy\\\/#primaryimage\"},\"thumbnailUrl\":\"https:\\\/\\\/www.coffeedesk.pl\\\/blog\\\/wp-content\\\/uploads\\\/2022\\\/04\\\/49468450718_2d50a6eba0_k-1-2.jpg\",\"keywords\":[\"Alpro\",\"kawa czarna\",\"kawa z mlekiem\",\"mleko ro\u015blinne\",\"Oatly\"],\"articleSection\":[\"Kawa\"],\"inLanguage\":\"pl-PL\",\"potentialAction\":[{\"@type\":\"CommentAction\",\"name\":\"Comment\",\"target\":[\"https:\\\/\\\/www.coffeedesk.pl\\\/blog\\\/jaka-kawa-jest-zdrowsza-z-mlekiem-z-roslinnym-czy-czarna-sprawdzamy\\\/#respond\"]}]},{\"@type\":\"WebPage\",\"@id\":\"https:\\\/\\\/www.coffeedesk.pl\\\/blog\\\/jaka-kawa-jest-zdrowsza-z-mlekiem-z-roslinnym-czy-czarna-sprawdzamy\\\/\",\"url\":\"https:\\\/\\\/www.coffeedesk.pl\\\/blog\\\/jaka-kawa-jest-zdrowsza-z-mlekiem-z-roslinnym-czy-czarna-sprawdzamy\\\/\",\"name\":\"Kawa - z mlekiem czy bez? - Blog Coffeedesk.pl\",\"isPartOf\":{\"@id\":\"https:\\\/\\\/www.coffeedesk.pl\\\/blog\\\/#website\"},\"primaryImageOfPage\":{\"@id\":\"https:\\\/\\\/www.coffeedesk.pl\\\/blog\\\/jaka-kawa-jest-zdrowsza-z-mlekiem-z-roslinnym-czy-czarna-sprawdzamy\\\/#primaryimage\"},\"image\":{\"@id\":\"https:\\\/\\\/www.coffeedesk.pl\\\/blog\\\/jaka-kawa-jest-zdrowsza-z-mlekiem-z-roslinnym-czy-czarna-sprawdzamy\\\/#primaryimage\"},\"thumbnailUrl\":\"https:\\\/\\\/www.coffeedesk.pl\\\/blog\\\/wp-content\\\/uploads\\\/2022\\\/04\\\/49468450718_2d50a6eba0_k-1-2.jpg\",\"datePublished\":\"2022-04-29T14:48:45+00:00\",\"dateModified\":\"2025-05-29T08:38:37+00:00\",\"description\":\"Kawa kawie nier\u00f3wna! Czarna americano, a mo\u017ce latte z napojem ro\u015blinnym? Kt\u00f3ra jest zdrowsza - kawa z mlekiem czy bez? Przekonajmy si\u0119!\",\"breadcrumb\":{\"@id\":\"https:\\\/\\\/www.coffeedesk.pl\\\/blog\\\/jaka-kawa-jest-zdrowsza-z-mlekiem-z-roslinnym-czy-czarna-sprawdzamy\\\/#breadcrumb\"},\"inLanguage\":\"pl-PL\",\"potentialAction\":[{\"@type\":\"ReadAction\",\"target\":[\"https:\\\/\\\/www.coffeedesk.pl\\\/blog\\\/jaka-kawa-jest-zdrowsza-z-mlekiem-z-roslinnym-czy-czarna-sprawdzamy\\\/\"]}]},{\"@type\":\"ImageObject\",\"inLanguage\":\"pl-PL\",\"@id\":\"https:\\\/\\\/www.coffeedesk.pl\\\/blog\\\/jaka-kawa-jest-zdrowsza-z-mlekiem-z-roslinnym-czy-czarna-sprawdzamy\\\/#primaryimage\",\"url\":\"https:\\\/\\\/www.coffeedesk.pl\\\/blog\\\/wp-content\\\/uploads\\\/2022\\\/04\\\/49468450718_2d50a6eba0_k-1-2.jpg\",\"contentUrl\":\"https:\\\/\\\/www.coffeedesk.pl\\\/blog\\\/wp-content\\\/uploads\\\/2022\\\/04\\\/49468450718_2d50a6eba0_k-1-2.jpg\",\"width\":1773,\"height\":1182,\"caption\":\"kawa z mlekiem\"},{\"@type\":\"BreadcrumbList\",\"@id\":\"https:\\\/\\\/www.coffeedesk.pl\\\/blog\\\/jaka-kawa-jest-zdrowsza-z-mlekiem-z-roslinnym-czy-czarna-sprawdzamy\\\/#breadcrumb\",\"itemListElement\":[{\"@type\":\"ListItem\",\"position\":1,\"name\":\"Strona g\u0142\u00f3wna\",\"item\":\"https:\\\/\\\/www.coffeedesk.pl\\\/blog\\\/\"},{\"@type\":\"ListItem\",\"position\":2,\"name\":\"Jaka kawa jest zdrowsza? Z mlekiem, z ro\u015blinnym, czy czarna? Sprawdzamy!\u00a0\"}]},{\"@type\":\"WebSite\",\"@id\":\"https:\\\/\\\/www.coffeedesk.pl\\\/blog\\\/#website\",\"url\":\"https:\\\/\\\/www.coffeedesk.pl\\\/blog\\\/\",\"name\":\"Blog Coffeedesk.pl\",\"description\":\"\",\"publisher\":{\"@id\":\"https:\\\/\\\/www.coffeedesk.pl\\\/blog\\\/#organization\"},\"potentialAction\":[{\"@type\":\"SearchAction\",\"target\":{\"@type\":\"EntryPoint\",\"urlTemplate\":\"https:\\\/\\\/www.coffeedesk.pl\\\/blog\\\/?s={search_term_string}\"},\"query-input\":{\"@type\":\"PropertyValueSpecification\",\"valueRequired\":true,\"valueName\":\"search_term_string\"}}],\"inLanguage\":\"pl-PL\"},{\"@type\":\"Organization\",\"@id\":\"https:\\\/\\\/www.coffeedesk.pl\\\/blog\\\/#organization\",\"name\":\"Coffeedesk.pl\",\"url\":\"https:\\\/\\\/www.coffeedesk.pl\\\/blog\\\/\",\"logo\":{\"@type\":\"ImageObject\",\"inLanguage\":\"pl-PL\",\"@id\":\"https:\\\/\\\/www.coffeedesk.pl\\\/blog\\\/#\\\/schema\\\/logo\\\/image\\\/\",\"url\":\"https:\\\/\\\/www.coffeedesk.pl\\\/blog\\\/wp-content\\\/uploads\\\/2019\\\/10\\\/logo_color.png\",\"contentUrl\":\"https:\\\/\\\/www.coffeedesk.pl\\\/blog\\\/wp-content\\\/uploads\\\/2019\\\/10\\\/logo_color.png\",\"width\":246,\"height\":50,\"caption\":\"Coffeedesk.pl\"},\"image\":{\"@id\":\"https:\\\/\\\/www.coffeedesk.pl\\\/blog\\\/#\\\/schema\\\/logo\\\/image\\\/\"}},{\"@type\":\"Person\",\"@id\":\"https:\\\/\\\/www.coffeedesk.pl\\\/blog\\\/#\\\/schema\\\/person\\\/b49ee418ba420916ca6d0d0a70bdd9c0\",\"name\":\"Karolina Kosno\",\"image\":{\"@type\":\"ImageObject\",\"inLanguage\":\"pl-PL\",\"@id\":\"https:\\\/\\\/www.coffeedesk.pl\\\/blog\\\/wp-content\\\/uploads\\\/2018\\\/09\\\/KK_male-320x319.jpeg\",\"url\":\"https:\\\/\\\/www.coffeedesk.pl\\\/blog\\\/wp-content\\\/uploads\\\/2018\\\/09\\\/KK_male-320x319.jpeg\",\"contentUrl\":\"https:\\\/\\\/www.coffeedesk.pl\\\/blog\\\/wp-content\\\/uploads\\\/2018\\\/09\\\/KK_male-320x319.jpeg\",\"caption\":\"Karolina Kosno\"},\"description\":\"Przez 5 lat dopieszcza\u0142a szalone pomys\u0142y i dba\u0142a o pozytywn\u0105 energi\u0119 Coffeedesk jako PR Manager; koordynowa\u0142a komunikacj\u0119 Speciality Coffee Association Poland; wsp\u00f3\u0142organizowa\u0142a Mistrzostwa Polski i wspiera\u0142a Team Poland w walce o \u015bwiatowe tytu\u0142y. Obecnie co-owner Heresy Coffee i prezeska Fundacji All Good.\",\"sameAs\":[\"https:\\\/\\\/x.com\\\/@kosnokarolina\"],\"url\":\"https:\\\/\\\/www.coffeedesk.pl\\\/blog\\\/author\\\/karolina\\\/\"}]}<\/script>\n<!-- \/ Yoast SEO plugin. -->","yoast_head_json":{"title":"Kawa - z mlekiem czy bez? - Blog Coffeedesk.pl","description":"Kawa kawie nier\u00f3wna! Czarna americano, a mo\u017ce latte z napojem ro\u015blinnym? Kt\u00f3ra jest zdrowsza - kawa z mlekiem czy bez? Przekonajmy si\u0119!","robots":{"index":"index","follow":"follow","max-snippet":"max-snippet:-1","max-image-preview":"max-image-preview:large","max-video-preview":"max-video-preview:-1"},"canonical":"https:\/\/www.coffeedesk.pl\/blog\/jaka-kawa-jest-zdrowsza-z-mlekiem-z-roslinnym-czy-czarna-sprawdzamy\/","og_locale":"pl_PL","og_type":"article","og_title":"Kawa - z mlekiem czy bez? - Blog Coffeedesk.pl","og_description":"Kawa kawie nier\u00f3wna! Czarna americano, a mo\u017ce latte z napojem ro\u015blinnym? Kt\u00f3ra jest zdrowsza - kawa z mlekiem czy bez? Przekonajmy si\u0119!","og_url":"https:\/\/www.coffeedesk.pl\/blog\/jaka-kawa-jest-zdrowsza-z-mlekiem-z-roslinnym-czy-czarna-sprawdzamy\/","og_site_name":"Blog Coffeedesk.pl","article_published_time":"2022-04-29T14:48:45+00:00","article_modified_time":"2025-05-29T08:38:37+00:00","og_image":[{"width":1773,"height":1182,"url":"https:\/\/www.coffeedesk.pl\/blog\/wp-content\/uploads\/2022\/04\/49468450718_2d50a6eba0_k-1-2.jpg","type":"image\/jpeg"}],"author":"Karolina Kosno","twitter_card":"summary_large_image","twitter_creator":"@kosnokarolina","twitter_misc":{"Napisane przez":"Karolina Kosno","Szacowany czas czytania":"7 minut"},"schema":{"@context":"https:\/\/schema.org","@graph":[{"@type":"Article","@id":"https:\/\/www.coffeedesk.pl\/blog\/jaka-kawa-jest-zdrowsza-z-mlekiem-z-roslinnym-czy-czarna-sprawdzamy\/#article","isPartOf":{"@id":"https:\/\/www.coffeedesk.pl\/blog\/jaka-kawa-jest-zdrowsza-z-mlekiem-z-roslinnym-czy-czarna-sprawdzamy\/"},"author":{"name":"Karolina Kosno","@id":"https:\/\/www.coffeedesk.pl\/blog\/#\/schema\/person\/b49ee418ba420916ca6d0d0a70bdd9c0"},"headline":"Jaka kawa jest zdrowsza? Z mlekiem, z ro\u015blinnym, czy czarna? Sprawdzamy!\u00a0","datePublished":"2022-04-29T14:48:45+00:00","dateModified":"2025-05-29T08:38:37+00:00","mainEntityOfPage":{"@id":"https:\/\/www.coffeedesk.pl\/blog\/jaka-kawa-jest-zdrowsza-z-mlekiem-z-roslinnym-czy-czarna-sprawdzamy\/"},"wordCount":1261,"commentCount":0,"publisher":{"@id":"https:\/\/www.coffeedesk.pl\/blog\/#organization"},"image":{"@id":"https:\/\/www.coffeedesk.pl\/blog\/jaka-kawa-jest-zdrowsza-z-mlekiem-z-roslinnym-czy-czarna-sprawdzamy\/#primaryimage"},"thumbnailUrl":"https:\/\/www.coffeedesk.pl\/blog\/wp-content\/uploads\/2022\/04\/49468450718_2d50a6eba0_k-1-2.jpg","keywords":["Alpro","kawa czarna","kawa z mlekiem","mleko ro\u015blinne","Oatly"],"articleSection":["Kawa"],"inLanguage":"pl-PL","potentialAction":[{"@type":"CommentAction","name":"Comment","target":["https:\/\/www.coffeedesk.pl\/blog\/jaka-kawa-jest-zdrowsza-z-mlekiem-z-roslinnym-czy-czarna-sprawdzamy\/#respond"]}]},{"@type":"WebPage","@id":"https:\/\/www.coffeedesk.pl\/blog\/jaka-kawa-jest-zdrowsza-z-mlekiem-z-roslinnym-czy-czarna-sprawdzamy\/","url":"https:\/\/www.coffeedesk.pl\/blog\/jaka-kawa-jest-zdrowsza-z-mlekiem-z-roslinnym-czy-czarna-sprawdzamy\/","name":"Kawa - z mlekiem czy bez? - Blog Coffeedesk.pl","isPartOf":{"@id":"https:\/\/www.coffeedesk.pl\/blog\/#website"},"primaryImageOfPage":{"@id":"https:\/\/www.coffeedesk.pl\/blog\/jaka-kawa-jest-zdrowsza-z-mlekiem-z-roslinnym-czy-czarna-sprawdzamy\/#primaryimage"},"image":{"@id":"https:\/\/www.coffeedesk.pl\/blog\/jaka-kawa-jest-zdrowsza-z-mlekiem-z-roslinnym-czy-czarna-sprawdzamy\/#primaryimage"},"thumbnailUrl":"https:\/\/www.coffeedesk.pl\/blog\/wp-content\/uploads\/2022\/04\/49468450718_2d50a6eba0_k-1-2.jpg","datePublished":"2022-04-29T14:48:45+00:00","dateModified":"2025-05-29T08:38:37+00:00","description":"Kawa kawie nier\u00f3wna! Czarna americano, a mo\u017ce latte z napojem ro\u015blinnym? Kt\u00f3ra jest zdrowsza - kawa z mlekiem czy bez? Przekonajmy si\u0119!","breadcrumb":{"@id":"https:\/\/www.coffeedesk.pl\/blog\/jaka-kawa-jest-zdrowsza-z-mlekiem-z-roslinnym-czy-czarna-sprawdzamy\/#breadcrumb"},"inLanguage":"pl-PL","potentialAction":[{"@type":"ReadAction","target":["https:\/\/www.coffeedesk.pl\/blog\/jaka-kawa-jest-zdrowsza-z-mlekiem-z-roslinnym-czy-czarna-sprawdzamy\/"]}]},{"@type":"ImageObject","inLanguage":"pl-PL","@id":"https:\/\/www.coffeedesk.pl\/blog\/jaka-kawa-jest-zdrowsza-z-mlekiem-z-roslinnym-czy-czarna-sprawdzamy\/#primaryimage","url":"https:\/\/www.coffeedesk.pl\/blog\/wp-content\/uploads\/2022\/04\/49468450718_2d50a6eba0_k-1-2.jpg","contentUrl":"https:\/\/www.coffeedesk.pl\/blog\/wp-content\/uploads\/2022\/04\/49468450718_2d50a6eba0_k-1-2.jpg","width":1773,"height":1182,"caption":"kawa z mlekiem"},{"@type":"BreadcrumbList","@id":"https:\/\/www.coffeedesk.pl\/blog\/jaka-kawa-jest-zdrowsza-z-mlekiem-z-roslinnym-czy-czarna-sprawdzamy\/#breadcrumb","itemListElement":[{"@type":"ListItem","position":1,"name":"Strona g\u0142\u00f3wna","item":"https:\/\/www.coffeedesk.pl\/blog\/"},{"@type":"ListItem","position":2,"name":"Jaka kawa jest zdrowsza? Z mlekiem, z ro\u015blinnym, czy czarna? Sprawdzamy!\u00a0"}]},{"@type":"WebSite","@id":"https:\/\/www.coffeedesk.pl\/blog\/#website","url":"https:\/\/www.coffeedesk.pl\/blog\/","name":"Blog Coffeedesk.pl","description":"","publisher":{"@id":"https:\/\/www.coffeedesk.pl\/blog\/#organization"},"potentialAction":[{"@type":"SearchAction","target":{"@type":"EntryPoint","urlTemplate":"https:\/\/www.coffeedesk.pl\/blog\/?s={search_term_string}"},"query-input":{"@type":"PropertyValueSpecification","valueRequired":true,"valueName":"search_term_string"}}],"inLanguage":"pl-PL"},{"@type":"Organization","@id":"https:\/\/www.coffeedesk.pl\/blog\/#organization","name":"Coffeedesk.pl","url":"https:\/\/www.coffeedesk.pl\/blog\/","logo":{"@type":"ImageObject","inLanguage":"pl-PL","@id":"https:\/\/www.coffeedesk.pl\/blog\/#\/schema\/logo\/image\/","url":"https:\/\/www.coffeedesk.pl\/blog\/wp-content\/uploads\/2019\/10\/logo_color.png","contentUrl":"https:\/\/www.coffeedesk.pl\/blog\/wp-content\/uploads\/2019\/10\/logo_color.png","width":246,"height":50,"caption":"Coffeedesk.pl"},"image":{"@id":"https:\/\/www.coffeedesk.pl\/blog\/#\/schema\/logo\/image\/"}},{"@type":"Person","@id":"https:\/\/www.coffeedesk.pl\/blog\/#\/schema\/person\/b49ee418ba420916ca6d0d0a70bdd9c0","name":"Karolina Kosno","image":{"@type":"ImageObject","inLanguage":"pl-PL","@id":"https:\/\/www.coffeedesk.pl\/blog\/wp-content\/uploads\/2018\/09\/KK_male-320x319.jpeg","url":"https:\/\/www.coffeedesk.pl\/blog\/wp-content\/uploads\/2018\/09\/KK_male-320x319.jpeg","contentUrl":"https:\/\/www.coffeedesk.pl\/blog\/wp-content\/uploads\/2018\/09\/KK_male-320x319.jpeg","caption":"Karolina Kosno"},"description":"Przez 5 lat dopieszcza\u0142a szalone pomys\u0142y i dba\u0142a o pozytywn\u0105 energi\u0119 Coffeedesk jako PR Manager; koordynowa\u0142a komunikacj\u0119 Speciality Coffee Association Poland; wsp\u00f3\u0142organizowa\u0142a Mistrzostwa Polski i wspiera\u0142a Team Poland w walce o \u015bwiatowe tytu\u0142y. Obecnie co-owner Heresy Coffee i prezeska Fundacji All Good.","sameAs":["https:\/\/x.com\/@kosnokarolina"],"url":"https:\/\/www.coffeedesk.pl\/blog\/author\/karolina\/"}]}},"jetpack_featured_media_url":"https:\/\/www.coffeedesk.pl\/blog\/wp-content\/uploads\/2022\/04\/49468450718_2d50a6eba0_k-1-2.jpg","_links":{"self":[{"href":"https:\/\/www.coffeedesk.pl\/blog\/wp-json\/wp\/v2\/posts\/18154","targetHints":{"allow":["GET"]}}],"collection":[{"href":"https:\/\/www.coffeedesk.pl\/blog\/wp-json\/wp\/v2\/posts"}],"about":[{"href":"https:\/\/www.coffeedesk.pl\/blog\/wp-json\/wp\/v2\/types\/post"}],"author":[{"embeddable":true,"href":"https:\/\/www.coffeedesk.pl\/blog\/wp-json\/wp\/v2\/users\/11"}],"replies":[{"embeddable":true,"href":"https:\/\/www.coffeedesk.pl\/blog\/wp-json\/wp\/v2\/comments?post=18154"}],"version-history":[{"count":9,"href":"https:\/\/www.coffeedesk.pl\/blog\/wp-json\/wp\/v2\/posts\/18154\/revisions"}],"predecessor-version":[{"id":27671,"href":"https:\/\/www.coffeedesk.pl\/blog\/wp-json\/wp\/v2\/posts\/18154\/revisions\/27671"}],"wp:featuredmedia":[{"embeddable":true,"href":"https:\/\/www.coffeedesk.pl\/blog\/wp-json\/wp\/v2\/media\/18168"}],"wp:attachment":[{"href":"https:\/\/www.coffeedesk.pl\/blog\/wp-json\/wp\/v2\/media?parent=18154"}],"wp:term":[{"taxonomy":"category","embeddable":true,"href":"https:\/\/www.coffeedesk.pl\/blog\/wp-json\/wp\/v2\/categories?post=18154"},{"taxonomy":"post_tag","embeddable":true,"href":"https:\/\/www.coffeedesk.pl\/blog\/wp-json\/wp\/v2\/tags?post=18154"},{"taxonomy":"powerkit_post_featured","embeddable":true,"href":"https:\/\/www.coffeedesk.pl\/blog\/wp-json\/wp\/v2\/powerkit_post_featured?post=18154"}],"curies":[{"name":"wp","href":"https:\/\/api.w.org\/{rel}","templated":true}]}}