{"id":19519,"date":"2022-09-27T12:21:24","date_gmt":"2022-09-27T10:21:24","guid":{"rendered":"https:\/\/www.coffeedesk.pl\/blog\/?p=19519"},"modified":"2022-09-27T13:19:27","modified_gmt":"2022-09-27T11:19:27","slug":"jesieniarskie-kawy","status":"publish","type":"post","link":"https:\/\/www.coffeedesk.pl\/blog\/jesieniarskie-kawy\/","title":{"rendered":"Jesieniarskie kawy, czyli smaczny spos\u00f3b na ch\u0142ody"},"content":{"rendered":"<p><span style=\"font-weight: 400;\"><strong>Kiedy tylko temperatura za oknem spada poni\u017cej 20 stopni, m\u00f3j organizm zaczyna domaga\u0107 si\u0119 ciep\u0142ej kawy. Ju\u017c nie cold brew, nie ice latte, tylko gor\u0105ca, aromatyczna kawa zaprz\u0105ta m\u00f3j coffeegeekowy umys\u0142. Gdy termometr zaczyna pokazywa\u0107 15 stopni i mniej, budzi si\u0119 we mnie r\u00f3wnie\u017c g\u0142\u00f3d na s\u0142odkie i ogrzewaj\u0105ce smaki.<\/strong> <\/span><\/p>\n<p><span style=\"font-weight: 400;\">Nie powiem, \u017ceby nie n\u0119ci\u0142a mnie ch\u0119\u0107 wypicia Pumpkin Spice Latte ze znanej sieci\u00f3wki, dlatego jesieni\u0105 zawsze kombinuj\u0119 z przepisami, by zaspokoi\u0107 swoje nieokie\u0142znane smakowe \u017c\u0105dze. \u015awietny przepis na zast\u0119pstwo s\u0142ynnej dyniowej kawy znajdziecie <\/span><a href=\"https:\/\/www.coffeedesk.pl\/blog\/przepis-na-pumpkin-spice-latte\/amp\/?gclid=CjwKCAjwvNaYBhA3EiwACgndgtC_jXiCAPGGmyu6USWzfFE6NLiKMhf3IqLf5E0i4agz2FP84kMm7xoCjaEQAvD_BwE\"><span style=\"font-weight: 400;\">tutaj<\/span><\/a><span style=\"font-weight: 400;\">, a ode mnie troch\u0119 nowo\u015bci!<\/span><\/p>\n<div id='gallery-1' class='gallery galleryid-19519 gallery-columns-2 gallery-size-full'><figure class='gallery-item'>\n\t\t\t<div class='gallery-icon portrait'>\n\t\t\t\t<a href='https:\/\/www.coffeedesk.pl\/blog\/jesieniarskie-kawy\/jesienna_kawa-15\/'><img loading=\"lazy\" decoding=\"async\" width=\"800\" height=\"1200\" src=\"data:image\/png;base64,iVBORw0KGgoAAAANSUhEUgAAAyAAAASwAQMAAAA5f7zmAAAAA1BMVEUAAP+KeNJXAAAAAXRSTlMAQObYZgAAAAlwSFlzAAAOxAAADsQBlSsOGwAAAIxJREFUeNrtwQENAAAAwqD3T20PBxQAAAAAAAAAAAAAAAAAAAAAAAAAAAAAAAAAAAAAAAAAAAAAAAAAAAAAAAAAAAAAAAAAAAAAAAAAAAAAAAAAAAAAAAAAAAAAAAAAAAAAAAAAAAAAAAAAAAAAAAAAAAAAAAAAAAAAAAAAAAAAAAAAAAAAAAAAAAAPBtl\/AAGNyqJ5AAAAAElFTkSuQmCC\" class=\"attachment-full size-full pk-lazyload\" alt=\"\" data-pk-sizes=\"auto\" data-ls-sizes=\"(max-width: 800px) 100vw, 800px\" data-pk-src=\"https:\/\/www.coffeedesk.pl\/blog\/wp-content\/uploads\/2022\/09\/jesienna_kawa-15.jpg\" data-pk-srcset=\"https:\/\/www.coffeedesk.pl\/blog\/wp-content\/uploads\/2022\/09\/jesienna_kawa-15.jpg 800w, https:\/\/www.coffeedesk.pl\/blog\/wp-content\/uploads\/2022\/09\/jesienna_kawa-15-320x480.jpg 320w, https:\/\/www.coffeedesk.pl\/blog\/wp-content\/uploads\/2022\/09\/jesienna_kawa-15-560x840.jpg 560w\" \/><\/a>\n\t\t\t<\/div><\/figure><figure class='gallery-item'>\n\t\t\t<div class='gallery-icon portrait'>\n\t\t\t\t<a href='https:\/\/www.coffeedesk.pl\/blog\/jesieniarskie-kawy\/jesienna_kawa-16\/'><img loading=\"lazy\" decoding=\"async\" width=\"800\" height=\"1200\" src=\"data:image\/png;base64,iVBORw0KGgoAAAANSUhEUgAAAyAAAASwAQMAAAA5f7zmAAAAA1BMVEUAAP+KeNJXAAAAAXRSTlMAQObYZgAAAAlwSFlzAAAOxAAADsQBlSsOGwAAAIxJREFUeNrtwQENAAAAwqD3T20PBxQAAAAAAAAAAAAAAAAAAAAAAAAAAAAAAAAAAAAAAAAAAAAAAAAAAAAAAAAAAAAAAAAAAAAAAAAAAAAAAAAAAAAAAAAAAAAAAAAAAAAAAAAAAAAAAAAAAAAAAAAAAAAAAAAAAAAAAAAAAAAAAAAAAAAAAAAAAAAPBtl\/AAGNyqJ5AAAAAElFTkSuQmCC\" class=\"attachment-full size-full pk-lazyload\" alt=\"\" data-pk-sizes=\"auto\" data-ls-sizes=\"(max-width: 800px) 100vw, 800px\" data-pk-src=\"https:\/\/www.coffeedesk.pl\/blog\/wp-content\/uploads\/2022\/09\/jesienna_kawa-16.jpg\" data-pk-srcset=\"https:\/\/www.coffeedesk.pl\/blog\/wp-content\/uploads\/2022\/09\/jesienna_kawa-16.jpg 800w, https:\/\/www.coffeedesk.pl\/blog\/wp-content\/uploads\/2022\/09\/jesienna_kawa-16-320x480.jpg 320w, https:\/\/www.coffeedesk.pl\/blog\/wp-content\/uploads\/2022\/09\/jesienna_kawa-16-560x840.jpg 560w\" \/><\/a>\n\t\t\t<\/div><\/figure>\n\t\t<\/div>\n\n<p><span style=\"font-weight: 400;\">Jesienna kawa to swoiste po\u0142\u0105czenie aromatycznych przypraw, sezonowych owoc\u00f3w lub warzyw, s\u0142odkich syrop\u00f3w i mocnego naparu. Musi by\u0107 rozgrzewaj\u0105ca i dawa\u0107 poczucie komfortu, a jej wygl\u0105d powinien zach\u0119ca\u0107 do konsumpcji i wrzucania na insta \ud83d\ude09\u00a0<\/span><\/p>\n<p><strong>Sk\u0142adniki, kt\u00f3rych u\u017cywam w przepisach na jesienn\u0105 kaw\u0119 daj\u0105 du\u017co wi\u0119cej ni\u017c tylko smak \u2013 rozgrzewaj\u0105 i pomagaj\u0105 przygotowa\u0107 si\u0119 organizmowi na przybycie zimy.\u00a0<\/strong><\/p>\n<ul>\n<li style=\"font-weight: 400;\" aria-level=\"1\"><span style=\"font-weight: 400;\"><strong>Cynamon<\/strong> \u2013 zdrowotny booster, posiada wiele witamin i minera\u0142\u00f3w oraz wspiera organizm w walce z infekcjami, a w dodatku jest niezwykle aromatyczny i rozgrzewaj\u0105cy.<\/span><\/li>\n<li style=\"font-weight: 400;\" aria-level=\"1\"><span style=\"font-weight: 400;\"><strong>Go\u017adziki<\/strong> \u2013 to tak naprawd\u0119 zasuszone p\u0105ki kwiat\u00f3w go\u017adzikowca wonnego, bogate w eugenol \u2013 zwi\u0105zek chemiczny o dzia\u0142aniu odka\u017caj\u0105cym, znieczulaj\u0105cym i przeciwzapalnym.<\/span><\/li>\n<li style=\"font-weight: 400;\" aria-level=\"1\"><span style=\"font-weight: 400;\"><strong>Imbir<\/strong> \u2013 korze\u0144 o wspania\u0142ych w\u0142a\u015bciwo\u015bciach zdrowotnych (przeciwzapalne, przeciwwirusowe, przeciwbakteryjne) o intryguj\u0105cym ostro-s\u0142odkim smaku. Zawiera w sobie p\u00f3\u0142 alfabetu witaminowego (C, B1, B2, A, E, K) oraz mas\u0119 minera\u0142\u00f3w i olejk\u00f3w eterycznych, dzi\u0119ki kt\u00f3rym rozgrzewa i leczy.\u00a0\u00a0\u00a0<\/span><\/li>\n<li style=\"font-weight: 400;\" aria-level=\"1\"><span style=\"font-weight: 400;\"><strong>Kardamon<\/strong> \u2013 kolejny z rodziny przyprawowych super foods. Poza dzia\u0142aniem przeciwzapalnym wykazuje te\u017c spore zdolno\u015bci w walce z problemami \u017co\u0142\u0105dkowymi.<\/span><\/li>\n<\/ul>\n<p><span style=\"font-weight: 400;\">Jesieni\u0105 i zim\u0105 potrzebuj\u0119 du\u017co wi\u0119cej kawy ni\u017c latem. W zasadzie to mog\u0119 j\u0105 pi\u0107 od rana do wieczora, a potem i tak spa\u0107 jak dziecko. Przedstawi\u0119 dzisiaj przepisy na pyszne jesienne kawy, kt\u00f3re uprzyjemni\u0105 ka\u017cdy ch\u0142odniejszy dzie\u0144.\u00a0<\/span><\/p>\n<p><img  loading=\"lazy\"  decoding=\"async\"  class=\"alignnone size-medium wp-image-19522 pk-lazyload\"  src=\"data:image\/png;base64,iVBORw0KGgoAAAANSUhEUgAAAyAAAAIVAQMAAAATfgmBAAAAA1BMVEUAAP+KeNJXAAAAAXRSTlMAQObYZgAAAAlwSFlzAAAOxAAADsQBlSsOGwAAAEtJREFUeNrtwQENAAAAwqD3T20ON6AAAAAAAAAAAAAAAAAAAAAAAAAAAAAAAAAAAAAAAAAAAAAAAAAAAAAAAAAAAAAAAAAAAAAATgzSSQABp\/elWgAAAABJRU5ErkJggg==\"  alt=\"\"  width=\"800\"  height=\"533\"  data-pk-sizes=\"auto\"  data-ls-sizes=\"auto, (max-width: 800px) 100vw, 800px\"  data-pk-src=\"https:\/\/www.coffeedesk.pl\/blog\/wp-content\/uploads\/2022\/09\/jesienna_kawa-3-800x533.jpg\"  data-pk-srcset=\"https:\/\/www.coffeedesk.pl\/blog\/wp-content\/uploads\/2022\/09\/jesienna_kawa-3-800x533.jpg 800w, https:\/\/www.coffeedesk.pl\/blog\/wp-content\/uploads\/2022\/09\/jesienna_kawa-3-1160x773.jpg 1160w, https:\/\/www.coffeedesk.pl\/blog\/wp-content\/uploads\/2022\/09\/jesienna_kawa-3-320x213.jpg 320w, https:\/\/www.coffeedesk.pl\/blog\/wp-content\/uploads\/2022\/09\/jesienna_kawa-3-560x373.jpg 560w, https:\/\/www.coffeedesk.pl\/blog\/wp-content\/uploads\/2022\/09\/jesienna_kawa-3.jpg 1200w\" ><\/p>\n<p><b>Kawospis jesieniary\/jesieniarza<\/b><b><\/b><\/p>\n<p><b>\u015aniadanie na Barbadosie<\/b><b><br \/>\n<\/b><\/p>\n<p><span style=\"font-weight: 400;\">Czarna kawa z cytrusowo korzennym syropem, b\u0119d\u0105cym bezalkoholow\u0105 wariacj\u0105 na temat <\/span><i><span style=\"font-weight: 400;\">falernum<\/span><\/i><span style=\"font-weight: 400;\"> \u2013 likieru na bazie rumu, pochodz\u0105cego z Barbadosu. Jest orze\u017awiaj\u0105cy i rozgrzewaj\u0105cy zarazem oraz \u015bwietnie \u0142\u0105czy si\u0119 z czarn\u0105 kaw\u0105, zar\u00f3wno tak\u0105 zaparzon\u0105 w kawiarce, jak i w dripie czy aeropressie.<\/span><\/p>\n<p><span style=\"font-weight: 400;\">Do tego przepisu u\u017cy\u0142am klasycznej kawy z Moccamastera &#8211; zaparzy\u0142am <\/span><a href=\"https:\/\/www.coffeedesk.pl\/product\/22851\/Heresy-Elixir-Unstable-Espresso-Blend-252G\"><span style=\"font-weight: 400;\">Eliksir<\/span><\/a><span style=\"font-weight: 400;\"> od <\/span><a href=\"https:\/\/www.coffeedesk.pl\/nasze-marki\/heresy\/\"><span style=\"font-weight: 400;\">Heresy<\/span><\/a><span style=\"font-weight: 400;\">.\u00a0<\/span><\/p>\n<p><span style=\"font-weight: 400;\"><strong>Przepis na syrop falernum<\/strong>:<\/span><\/p>\n<p><span style=\"font-weight: 400;\">&#8211; 1 limonka (sk\u00f3rka i sok)<br \/>\n<\/span><span style=\"font-weight: 400;\">&#8211; 10 go\u017adzik\u00f3w<br \/>\n<\/span><span style=\"font-weight: 400;\">&#8211; 10 g \u015bwie\u017cego imbiru<br \/>\n<\/span><span style=\"font-weight: 400;\">&#8211; 100 g syropu z agawy<br \/>\n<\/span><span style=\"font-weight: 400;\">&#8211; 80 g wody<br \/>\n<\/span><span style=\"font-weight: 400;\">&#8211; 15 g p\u0142atk\u00f3w migda\u0142\u00f3w<\/span><\/p>\n<p><span style=\"font-weight: 400;\">Na patelni upra\u017c migda\u0142y i go\u017adziki. Umyty imbir zetrzyj na tarce o \u015brednich oczkach lub posiekaj w drobn\u0105 kostk\u0119. W s\u0142oiku po\u0142\u0105cz wszystkie sk\u0142adniki i odstaw na ok 12 h, a nast\u0119pnie odced\u017a na drobnym sitku.<\/span><\/p>\n<p><span style=\"font-weight: 400;\">Do \u015bwie\u017co zaparzonej czarnej kawy (180ml) dodaj 20ml syropu i wymieszaj. Takie poranki to ja lubi\u0119!<\/span><\/p>\n<div id='gallery-2' class='gallery galleryid-19519 gallery-columns-2 gallery-size-full'><figure class='gallery-item'>\n\t\t\t<div class='gallery-icon portrait'>\n\t\t\t\t<a href='https:\/\/www.coffeedesk.pl\/blog\/jesieniarskie-kawy\/jesienna_kawa-5\/'><img loading=\"lazy\" decoding=\"async\" width=\"800\" height=\"1200\" src=\"data:image\/png;base64,iVBORw0KGgoAAAANSUhEUgAAAyAAAASwAQMAAAA5f7zmAAAAA1BMVEUAAP+KeNJXAAAAAXRSTlMAQObYZgAAAAlwSFlzAAAOxAAADsQBlSsOGwAAAIxJREFUeNrtwQENAAAAwqD3T20PBxQAAAAAAAAAAAAAAAAAAAAAAAAAAAAAAAAAAAAAAAAAAAAAAAAAAAAAAAAAAAAAAAAAAAAAAAAAAAAAAAAAAAAAAAAAAAAAAAAAAAAAAAAAAAAAAAAAAAAAAAAAAAAAAAAAAAAAAAAAAAAAAAAAAAAAAAAAAAAPBtl\/AAGNyqJ5AAAAAElFTkSuQmCC\" class=\"attachment-full size-full pk-lazyload\" alt=\"\" data-pk-sizes=\"auto\" data-ls-sizes=\"(max-width: 800px) 100vw, 800px\" data-pk-src=\"https:\/\/www.coffeedesk.pl\/blog\/wp-content\/uploads\/2022\/09\/jesienna_kawa-5.jpg\" data-pk-srcset=\"https:\/\/www.coffeedesk.pl\/blog\/wp-content\/uploads\/2022\/09\/jesienna_kawa-5.jpg 800w, https:\/\/www.coffeedesk.pl\/blog\/wp-content\/uploads\/2022\/09\/jesienna_kawa-5-320x480.jpg 320w, https:\/\/www.coffeedesk.pl\/blog\/wp-content\/uploads\/2022\/09\/jesienna_kawa-5-560x840.jpg 560w\" \/><\/a>\n\t\t\t<\/div><\/figure><figure class='gallery-item'>\n\t\t\t<div class='gallery-icon portrait'>\n\t\t\t\t<a href='https:\/\/www.coffeedesk.pl\/blog\/jesieniarskie-kawy\/jesienna_kawa-4\/'><img loading=\"lazy\" decoding=\"async\" width=\"800\" height=\"1200\" src=\"data:image\/png;base64,iVBORw0KGgoAAAANSUhEUgAAAyAAAASwAQMAAAA5f7zmAAAAA1BMVEUAAP+KeNJXAAAAAXRSTlMAQObYZgAAAAlwSFlzAAAOxAAADsQBlSsOGwAAAIxJREFUeNrtwQENAAAAwqD3T20PBxQAAAAAAAAAAAAAAAAAAAAAAAAAAAAAAAAAAAAAAAAAAAAAAAAAAAAAAAAAAAAAAAAAAAAAAAAAAAAAAAAAAAAAAAAAAAAAAAAAAAAAAAAAAAAAAAAAAAAAAAAAAAAAAAAAAAAAAAAAAAAAAAAAAAAAAAAAAAAPBtl\/AAGNyqJ5AAAAAElFTkSuQmCC\" class=\"attachment-full size-full pk-lazyload\" alt=\"\" data-pk-sizes=\"auto\" data-ls-sizes=\"(max-width: 800px) 100vw, 800px\" data-pk-src=\"https:\/\/www.coffeedesk.pl\/blog\/wp-content\/uploads\/2022\/09\/jesienna_kawa-4.jpg\" data-pk-srcset=\"https:\/\/www.coffeedesk.pl\/blog\/wp-content\/uploads\/2022\/09\/jesienna_kawa-4.jpg 800w, https:\/\/www.coffeedesk.pl\/blog\/wp-content\/uploads\/2022\/09\/jesienna_kawa-4-320x480.jpg 320w, https:\/\/www.coffeedesk.pl\/blog\/wp-content\/uploads\/2022\/09\/jesienna_kawa-4-560x840.jpg 560w\" \/><\/a>\n\t\t\t<\/div><\/figure>\n\t\t<\/div>\n\n<p><img  loading=\"lazy\"  decoding=\"async\"  class=\"alignnone size-medium wp-image-19528 pk-lazyload\"  src=\"data:image\/png;base64,iVBORw0KGgoAAAANSUhEUgAAAyAAAAIVAQMAAAATfgmBAAAAA1BMVEUAAP+KeNJXAAAAAXRSTlMAQObYZgAAAAlwSFlzAAAOxAAADsQBlSsOGwAAAEtJREFUeNrtwQENAAAAwqD3T20ON6AAAAAAAAAAAAAAAAAAAAAAAAAAAAAAAAAAAAAAAAAAAAAAAAAAAAAAAAAAAAAAAAAAAAAATgzSSQABp\/elWgAAAABJRU5ErkJggg==\"  alt=\"\"  width=\"800\"  height=\"533\"  data-pk-sizes=\"auto\"  data-ls-sizes=\"auto, (max-width: 800px) 100vw, 800px\"  data-pk-src=\"https:\/\/www.coffeedesk.pl\/blog\/wp-content\/uploads\/2022\/09\/jesienna_kawa-6-800x533.jpg\"  data-pk-srcset=\"https:\/\/www.coffeedesk.pl\/blog\/wp-content\/uploads\/2022\/09\/jesienna_kawa-6-800x533.jpg 800w, https:\/\/www.coffeedesk.pl\/blog\/wp-content\/uploads\/2022\/09\/jesienna_kawa-6-1160x773.jpg 1160w, https:\/\/www.coffeedesk.pl\/blog\/wp-content\/uploads\/2022\/09\/jesienna_kawa-6-320x213.jpg 320w, https:\/\/www.coffeedesk.pl\/blog\/wp-content\/uploads\/2022\/09\/jesienna_kawa-6-560x373.jpg 560w, https:\/\/www.coffeedesk.pl\/blog\/wp-content\/uploads\/2022\/09\/jesienna_kawa-6.jpg 1200w\" ><br \/>\n<b><\/b><\/p>\n<p><b>Agawa Chai Latte<\/b><b><br \/>\n<\/b><\/p>\n<p><span style=\"font-weight: 400;\">Jako drugie \u015bniadanie polecam mleczn\u0105, aromatyczn\u0105 bomb\u0119 z bit\u0105 \u015bmietan\u0105! To taka przewrotna wersja popularnego chai latte \u2013 mleka z syropem na bazie herbaty i korzennych przypraw.<\/span><\/p>\n<p><b>Przepis na syrop korzenny:<br \/>\n<\/b><span style=\"font-weight: 400;\">&#8211; 100 g syropu z agawy<br \/>\n<\/span><span style=\"font-weight: 400;\">&#8211; 1 g mielonego cynamonu (p\u00f3\u0142 \u0142y\u017ceczki)<br \/>\n<\/span><span style=\"font-weight: 400;\">&#8211; 0,5 g mielonego imbiru<br \/>\n<\/span><span style=\"font-weight: 400;\">&#8211; 0,5 g mielonej ga\u0142ki muszkato\u0142owej<br \/>\n&#8211; 0,5 g mielonego kardamonu<\/span><\/p>\n<p><span style=\"font-weight: 400;\">Wszystkie sk\u0142adniki dok\u0142adnie wymieszaj w s\u0142oiczku.<\/span><\/p>\n<p><b>Herbaciana \u015bmietana<\/b><\/p>\n<p><span style=\"font-weight: 400;\">Teraz czas na herbaciany twist \u2013 w r\u0119cznym m\u0142ynku zmiel 5 gram\u00f3w herbaty Earl Grey i dodaj j\u0105 do t\u0142ustej \u015bmietanki (200 g), a nast\u0119pnie \u201eubij\u201d ca\u0142o\u015b\u0107, najlepiej w syfonie. Otrzymasz bit\u0105 \u015bmietan\u0119 o aromacie herbaty, kt\u00f3ra zwie\u0144czy nasz\u0105 jesienn\u0105 kaw\u0119.<\/span><\/p>\n<div id='gallery-3' class='gallery galleryid-19519 gallery-columns-3 gallery-size-full'><figure class='gallery-item'>\n\t\t\t<div class='gallery-icon portrait'>\n\t\t\t\t<a href='https:\/\/www.coffeedesk.pl\/blog\/jesieniarskie-kawy\/jesienna_kawa-7\/'><img loading=\"lazy\" decoding=\"async\" width=\"800\" height=\"1200\" src=\"data:image\/png;base64,iVBORw0KGgoAAAANSUhEUgAAAyAAAASwAQMAAAA5f7zmAAAAA1BMVEUAAP+KeNJXAAAAAXRSTlMAQObYZgAAAAlwSFlzAAAOxAAADsQBlSsOGwAAAIxJREFUeNrtwQENAAAAwqD3T20PBxQAAAAAAAAAAAAAAAAAAAAAAAAAAAAAAAAAAAAAAAAAAAAAAAAAAAAAAAAAAAAAAAAAAAAAAAAAAAAAAAAAAAAAAAAAAAAAAAAAAAAAAAAAAAAAAAAAAAAAAAAAAAAAAAAAAAAAAAAAAAAAAAAAAAAAAAAAAAAPBtl\/AAGNyqJ5AAAAAElFTkSuQmCC\" class=\"attachment-full size-full pk-lazyload\" alt=\"\" data-pk-sizes=\"auto\" data-ls-sizes=\"(max-width: 800px) 100vw, 800px\" data-pk-src=\"https:\/\/www.coffeedesk.pl\/blog\/wp-content\/uploads\/2022\/09\/jesienna_kawa-7.jpg\" data-pk-srcset=\"https:\/\/www.coffeedesk.pl\/blog\/wp-content\/uploads\/2022\/09\/jesienna_kawa-7.jpg 800w, https:\/\/www.coffeedesk.pl\/blog\/wp-content\/uploads\/2022\/09\/jesienna_kawa-7-320x480.jpg 320w, https:\/\/www.coffeedesk.pl\/blog\/wp-content\/uploads\/2022\/09\/jesienna_kawa-7-560x840.jpg 560w\" \/><\/a>\n\t\t\t<\/div><\/figure><figure class='gallery-item'>\n\t\t\t<div class='gallery-icon portrait'>\n\t\t\t\t<a href='https:\/\/www.coffeedesk.pl\/blog\/jesieniarskie-kawy\/jesienna_kawa-9\/'><img loading=\"lazy\" decoding=\"async\" width=\"800\" height=\"1200\" src=\"data:image\/png;base64,iVBORw0KGgoAAAANSUhEUgAAAyAAAASwAQMAAAA5f7zmAAAAA1BMVEUAAP+KeNJXAAAAAXRSTlMAQObYZgAAAAlwSFlzAAAOxAAADsQBlSsOGwAAAIxJREFUeNrtwQENAAAAwqD3T20PBxQAAAAAAAAAAAAAAAAAAAAAAAAAAAAAAAAAAAAAAAAAAAAAAAAAAAAAAAAAAAAAAAAAAAAAAAAAAAAAAAAAAAAAAAAAAAAAAAAAAAAAAAAAAAAAAAAAAAAAAAAAAAAAAAAAAAAAAAAAAAAAAAAAAAAAAAAAAAAPBtl\/AAGNyqJ5AAAAAElFTkSuQmCC\" class=\"attachment-full size-full pk-lazyload\" alt=\"\" data-pk-sizes=\"auto\" data-ls-sizes=\"(max-width: 800px) 100vw, 800px\" data-pk-src=\"https:\/\/www.coffeedesk.pl\/blog\/wp-content\/uploads\/2022\/09\/jesienna_kawa-9.jpg\" data-pk-srcset=\"https:\/\/www.coffeedesk.pl\/blog\/wp-content\/uploads\/2022\/09\/jesienna_kawa-9.jpg 800w, https:\/\/www.coffeedesk.pl\/blog\/wp-content\/uploads\/2022\/09\/jesienna_kawa-9-320x480.jpg 320w, https:\/\/www.coffeedesk.pl\/blog\/wp-content\/uploads\/2022\/09\/jesienna_kawa-9-560x840.jpg 560w\" \/><\/a>\n\t\t\t<\/div><\/figure><figure class='gallery-item'>\n\t\t\t<div class='gallery-icon portrait'>\n\t\t\t\t<a href='https:\/\/www.coffeedesk.pl\/blog\/jesieniarskie-kawy\/jesienna_kawa-11\/'><img loading=\"lazy\" decoding=\"async\" width=\"800\" height=\"1200\" src=\"data:image\/png;base64,iVBORw0KGgoAAAANSUhEUgAAAyAAAASwAQMAAAA5f7zmAAAAA1BMVEUAAP+KeNJXAAAAAXRSTlMAQObYZgAAAAlwSFlzAAAOxAAADsQBlSsOGwAAAIxJREFUeNrtwQENAAAAwqD3T20PBxQAAAAAAAAAAAAAAAAAAAAAAAAAAAAAAAAAAAAAAAAAAAAAAAAAAAAAAAAAAAAAAAAAAAAAAAAAAAAAAAAAAAAAAAAAAAAAAAAAAAAAAAAAAAAAAAAAAAAAAAAAAAAAAAAAAAAAAAAAAAAAAAAAAAAAAAAAAAAPBtl\/AAGNyqJ5AAAAAElFTkSuQmCC\" class=\"attachment-full size-full pk-lazyload\" alt=\"\" data-pk-sizes=\"auto\" data-ls-sizes=\"(max-width: 800px) 100vw, 800px\" data-pk-src=\"https:\/\/www.coffeedesk.pl\/blog\/wp-content\/uploads\/2022\/09\/jesienna_kawa-11.jpg\" data-pk-srcset=\"https:\/\/www.coffeedesk.pl\/blog\/wp-content\/uploads\/2022\/09\/jesienna_kawa-11.jpg 800w, https:\/\/www.coffeedesk.pl\/blog\/wp-content\/uploads\/2022\/09\/jesienna_kawa-11-320x480.jpg 320w, https:\/\/www.coffeedesk.pl\/blog\/wp-content\/uploads\/2022\/09\/jesienna_kawa-11-560x840.jpg 560w\" \/><\/a>\n\t\t\t<\/div><\/figure>\n\t\t<\/div>\n\n<p><span style=\"font-weight: 400;\">Do wysokiej odpornej na ciep\u0142o szklanki wlej 15 g syropu, 30 g podw\u00f3jnego espresso (lub kawy z kawiarki) oraz spienione mleko (ro\u015blinne lub krowie). Udekoruj bit\u0105 \u015bmietan\u0105 i delektuj si\u0119 kawowym deserem.<\/span><\/p>\n<p><img  loading=\"lazy\"  decoding=\"async\"  class=\"alignnone size-medium wp-image-19540 pk-lazyload\"  src=\"data:image\/png;base64,iVBORw0KGgoAAAANSUhEUgAAAyAAAAIVAQMAAAATfgmBAAAAA1BMVEUAAP+KeNJXAAAAAXRSTlMAQObYZgAAAAlwSFlzAAAOxAAADsQBlSsOGwAAAEtJREFUeNrtwQENAAAAwqD3T20ON6AAAAAAAAAAAAAAAAAAAAAAAAAAAAAAAAAAAAAAAAAAAAAAAAAAAAAAAAAAAAAAAAAAAAAATgzSSQABp\/elWgAAAABJRU5ErkJggg==\"  alt=\"\"  width=\"800\"  height=\"533\"  data-pk-sizes=\"auto\"  data-ls-sizes=\"auto, (max-width: 800px) 100vw, 800px\"  data-pk-src=\"https:\/\/www.coffeedesk.pl\/blog\/wp-content\/uploads\/2022\/09\/jesienna_kawa-12-800x533.jpg\"  data-pk-srcset=\"https:\/\/www.coffeedesk.pl\/blog\/wp-content\/uploads\/2022\/09\/jesienna_kawa-12-800x533.jpg 800w, https:\/\/www.coffeedesk.pl\/blog\/wp-content\/uploads\/2022\/09\/jesienna_kawa-12-1160x773.jpg 1160w, https:\/\/www.coffeedesk.pl\/blog\/wp-content\/uploads\/2022\/09\/jesienna_kawa-12-320x213.jpg 320w, https:\/\/www.coffeedesk.pl\/blog\/wp-content\/uploads\/2022\/09\/jesienna_kawa-12-560x373.jpg 560w, https:\/\/www.coffeedesk.pl\/blog\/wp-content\/uploads\/2022\/09\/jesienna_kawa-12.jpg 1200w\" ><br \/>\n<b><\/b><\/p>\n<p><b>Apple Spice Flat<\/b><\/p>\n<p><span style=\"font-weight: 400;\">Jaki polski owoc jest symbolem z\u0142otej jesieni? Oczywi\u015bcie jab\u0142ko! Dlatego to z nim w roli g\u0142\u00f3wnej stworzy\u0142am trzeci\u0105 propozycj\u0119, kt\u00f3ra jest poniek\u0105d odpowiedzi\u0105 na s\u0142ynne dyniowe latte.<\/span><\/p>\n<p><span style=\"font-weight: 400;\"><br \/>\n<\/span><b>Przepis na mus jab\u0142kowy:<\/b><\/p>\n<p><span style=\"font-weight: 400;\">&#8211; 600 g obranych i pokrojonych w drobn\u0105 kostk\u0119 jab\u0142ek (najlepsza b\u0119dzie odmiana <\/span><i><span style=\"font-weight: 400;\">szara reneta<\/span><\/i><span style=\"font-weight: 400;\">)<br \/>\n<\/span><span style=\"font-weight: 400;\">&#8211; 100 g cukru trzcinowego<br \/>\n<\/span><span style=\"font-weight: 400;\">&#8211; dwie \u0142y\u017ceczki mielonego kardamonu<\/span><\/p>\n<p><span style=\"font-weight: 400;\">Jab\u0142ka upra\u017c z cukrem i kardamonem na patelni (podlej w trakcie 5 \u0142y\u017ckami wody) do mi\u0119kko\u015bci (ok. 10-15 minut). Odstaw do ostygni\u0119cia i zblenduj na g\u0142adk\u0105 mas\u0119 r\u0119cznym blenderem. Opcjonalnie przetrzyj mus przez sitko, aby uzyska\u0107 idealnie g\u0142adk\u0105 konsystencj\u0119.<\/span><\/p>\n<p><img  loading=\"lazy\"  decoding=\"async\"  class=\"alignnone size-full wp-image-19550 pk-lazyload\"  src=\"data:image\/png;base64,iVBORw0KGgoAAAANSUhEUgAAAyAAAASwAQMAAAA5f7zmAAAAA1BMVEUAAP+KeNJXAAAAAXRSTlMAQObYZgAAAAlwSFlzAAAOxAAADsQBlSsOGwAAAIxJREFUeNrtwQENAAAAwqD3T20PBxQAAAAAAAAAAAAAAAAAAAAAAAAAAAAAAAAAAAAAAAAAAAAAAAAAAAAAAAAAAAAAAAAAAAAAAAAAAAAAAAAAAAAAAAAAAAAAAAAAAAAAAAAAAAAAAAAAAAAAAAAAAAAAAAAAAAAAAAAAAAAAAAAAAAAAAAAAAAAPBtl\/AAGNyqJ5AAAAAElFTkSuQmCC\"  alt=\"\"  width=\"800\"  height=\"1200\"  data-pk-sizes=\"auto\"  data-ls-sizes=\"auto, (max-width: 800px) 100vw, 800px\"  data-pk-src=\"https:\/\/www.coffeedesk.pl\/blog\/wp-content\/uploads\/2022\/09\/jesienna_kawa.jpg\"  data-pk-srcset=\"https:\/\/www.coffeedesk.pl\/blog\/wp-content\/uploads\/2022\/09\/jesienna_kawa.jpg 800w, https:\/\/www.coffeedesk.pl\/blog\/wp-content\/uploads\/2022\/09\/jesienna_kawa-320x480.jpg 320w, https:\/\/www.coffeedesk.pl\/blog\/wp-content\/uploads\/2022\/09\/jesienna_kawa-560x840.jpg 560w\" ><\/p>\n<p><span style=\"font-weight: 400;\">Najpierw na\u0142\u00f3\u017c do niskiej szklanki 30 g musu jab\u0142kowego, nast\u0119pnie wlej spienione, gor\u0105ce mleko a\u017c po rant. Po chwili wlej cienk\u0105 stru\u017ck\u0105 podw\u00f3jne espresso (30 g). Na wierzch sypnij troch\u0119 mielonego cynamonu \u2013 urozmaici aromat. Dla odpornych na kofein\u0119 to propozycja idealna na podwieczorek, dla bardziej wra\u017cliwych polecam u\u017cycie pojedynczego espresso. Ta jesienna propozycja nie jest turbo s\u0142odka, a lekka kwasowo\u015b\u0107 p\u0142yn\u0105ca z jab\u0142ek \u015bwietnie komponuje si\u0119 z kaw\u0105 i mlekiem.<\/span><\/p>\n<p><span style=\"font-weight: 400;\">Niech ta jesie\u0144 up\u0142ynie pod znakiem kawowych przyjemno\u015bci!<\/span><\/p>\n<div id='gallery-4' class='gallery galleryid-19519 gallery-columns-2 gallery-size-full'><figure class='gallery-item'>\n\t\t\t<div class='gallery-icon portrait'>\n\t\t\t\t<a href='https:\/\/www.coffeedesk.pl\/blog\/jesieniarskie-kawy\/jesienna_kawa-17\/'><img loading=\"lazy\" decoding=\"async\" width=\"800\" height=\"1200\" src=\"data:image\/png;base64,iVBORw0KGgoAAAANSUhEUgAAAyAAAASwAQMAAAA5f7zmAAAAA1BMVEUAAP+KeNJXAAAAAXRSTlMAQObYZgAAAAlwSFlzAAAOxAAADsQBlSsOGwAAAIxJREFUeNrtwQENAAAAwqD3T20PBxQAAAAAAAAAAAAAAAAAAAAAAAAAAAAAAAAAAAAAAAAAAAAAAAAAAAAAAAAAAAAAAAAAAAAAAAAAAAAAAAAAAAAAAAAAAAAAAAAAAAAAAAAAAAAAAAAAAAAAAAAAAAAAAAAAAAAAAAAAAAAAAAAAAAAAAAAAAAAPBtl\/AAGNyqJ5AAAAAElFTkSuQmCC\" class=\"attachment-full size-full pk-lazyload\" alt=\"\" aria-describedby=\"gallery-4-19552\" data-pk-sizes=\"auto\" data-ls-sizes=\"(max-width: 800px) 100vw, 800px\" data-pk-src=\"https:\/\/www.coffeedesk.pl\/blog\/wp-content\/uploads\/2022\/09\/jesienna_kawa-17.jpg\" data-pk-srcset=\"https:\/\/www.coffeedesk.pl\/blog\/wp-content\/uploads\/2022\/09\/jesienna_kawa-17.jpg 800w, https:\/\/www.coffeedesk.pl\/blog\/wp-content\/uploads\/2022\/09\/jesienna_kawa-17-320x480.jpg 320w, https:\/\/www.coffeedesk.pl\/blog\/wp-content\/uploads\/2022\/09\/jesienna_kawa-17-560x840.jpg 560w\" \/><\/a>\n\t\t\t<\/div>\n\t\t\t\t<figcaption class='wp-caption-text gallery-caption' id='gallery-4-19552'>\n\t\t\t\tAgawa chai latte\n\t\t\t\t<\/figcaption><\/figure><figure class='gallery-item'>\n\t\t\t<div class='gallery-icon portrait'>\n\t\t\t\t<a href='https:\/\/www.coffeedesk.pl\/blog\/jesieniarskie-kawy\/jesienna_kawa-14\/'><img loading=\"lazy\" decoding=\"async\" width=\"800\" height=\"1200\" src=\"data:image\/png;base64,iVBORw0KGgoAAAANSUhEUgAAAyAAAASwAQMAAAA5f7zmAAAAA1BMVEUAAP+KeNJXAAAAAXRSTlMAQObYZgAAAAlwSFlzAAAOxAAADsQBlSsOGwAAAIxJREFUeNrtwQENAAAAwqD3T20PBxQAAAAAAAAAAAAAAAAAAAAAAAAAAAAAAAAAAAAAAAAAAAAAAAAAAAAAAAAAAAAAAAAAAAAAAAAAAAAAAAAAAAAAAAAAAAAAAAAAAAAAAAAAAAAAAAAAAAAAAAAAAAAAAAAAAAAAAAAAAAAAAAAAAAAAAAAAAAAPBtl\/AAGNyqJ5AAAAAElFTkSuQmCC\" class=\"attachment-full size-full pk-lazyload\" alt=\"\" aria-describedby=\"gallery-4-19544\" data-pk-sizes=\"auto\" data-ls-sizes=\"(max-width: 800px) 100vw, 800px\" data-pk-src=\"https:\/\/www.coffeedesk.pl\/blog\/wp-content\/uploads\/2022\/09\/jesienna_kawa-14.jpg\" data-pk-srcset=\"https:\/\/www.coffeedesk.pl\/blog\/wp-content\/uploads\/2022\/09\/jesienna_kawa-14.jpg 800w, https:\/\/www.coffeedesk.pl\/blog\/wp-content\/uploads\/2022\/09\/jesienna_kawa-14-320x480.jpg 320w, https:\/\/www.coffeedesk.pl\/blog\/wp-content\/uploads\/2022\/09\/jesienna_kawa-14-560x840.jpg 560w\" \/><\/a>\n\t\t\t<\/div>\n\t\t\t\t<figcaption class='wp-caption-text gallery-caption' id='gallery-4-19544'>\n\t\t\t\tMisiu taki zadowolony!\n\t\t\t\t<\/figcaption><\/figure>\n\t\t<\/div>\n\n<p>&nbsp;<\/p>\n","protected":false},"excerpt":{"rendered":"<div class=\"post-excerpt\">Kiedy tylko temperatura za oknem spada poni\u017cej 20 stopni, m\u00f3j organizm zaczyna domaga\u0107 si\u0119 ciep\u0142ej kawy. Ju\u017c nie cold brew, nie ice latte, tylko gor\u0105ca, aromatyczna kawa zaprz\u0105ta m\u00f3j coffeegeekowy&hellip;<\/div>\n<div class=\"post-more\"><a href=\"https:\/\/www.coffeedesk.pl\/blog\/jesieniarskie-kawy\/\" class=\"button button-primary button-effect\"><span>Czytaj wpis<\/span><span><i class=\"cs-icon cs-icon-arrow-right\"><\/i><\/span><\/a><\/div>\n","protected":false},"author":77,"featured_media":19522,"comment_status":"open","ping_status":"open","sticky":false,"template":"","format":"standard","meta":{"_acf_changed":false,"footnotes":""},"categories":[34,38],"tags":[1952,2682,2059,2686],"powerkit_post_featured":[1510],"class_list":{"0":"post-19519","1":"post","2":"type-post","3":"status-publish","4":"format-standard","5":"has-post-thumbnail","7":"category-kawa","8":"category-przepisy","9":"tag-chai-latte","10":"tag-jesienna-kawa","11":"tag-kawa-z-cynamonem","12":"tag-kawa-z-kardamonem"},"acf":[],"author_display_name":"Basia Ciupi\u0144ska","author_url":"https:\/\/www.coffeedesk.pl\/blog\/author\/basia_ciupinska\/","featured_image":"https:\/\/www.coffeedesk.pl\/blog\/wp-content\/uploads\/2022\/09\/jesienna_kawa-3-800x533.jpg","post_tags":["chai latte","jesienna kawa","kawa z cynamonem","kawa z kardamonem"],"post_categories":["Kawa","Przepisy"],"yoast_head":"<!-- This site is optimized with the Yoast SEO plugin v27.4 - https:\/\/yoast.com\/product\/yoast-seo-wordpress\/ -->\n<title>Jesieniarskie kawy, czyli smaczny spos\u00f3b na ch\u0142ody - Blog Coffeedesk.pl<\/title>\n<meta name=\"description\" content=\"Apple Spice Flat, Agawa Chai Latte i inne przepisy na jesienne kawy, kt\u00f3re zaspokoj\u0105 wszystkie nieokie\u0142znane smakowe \u017c\u0105dze!\" \/>\n<meta name=\"robots\" content=\"index, follow, max-snippet:-1, max-image-preview:large, max-video-preview:-1\" \/>\n<link rel=\"canonical\" href=\"https:\/\/www.coffeedesk.pl\/blog\/jesieniarskie-kawy\/\" \/>\n<meta property=\"og:locale\" content=\"pl_PL\" \/>\n<meta property=\"og:type\" content=\"article\" \/>\n<meta property=\"og:title\" content=\"Jesieniarskie kawy, czyli smaczny spos\u00f3b na ch\u0142ody - Blog Coffeedesk.pl\" \/>\n<meta property=\"og:description\" content=\"Apple Spice Flat, Agawa Chai Latte i inne przepisy na jesienne kawy, kt\u00f3re zaspokoj\u0105 wszystkie nieokie\u0142znane smakowe \u017c\u0105dze!\" \/>\n<meta property=\"og:url\" content=\"https:\/\/www.coffeedesk.pl\/blog\/jesieniarskie-kawy\/\" \/>\n<meta property=\"og:site_name\" content=\"Blog Coffeedesk.pl\" \/>\n<meta property=\"article:published_time\" content=\"2022-09-27T10:21:24+00:00\" \/>\n<meta property=\"article:modified_time\" content=\"2022-09-27T11:19:27+00:00\" \/>\n<meta property=\"og:image\" content=\"https:\/\/www.coffeedesk.pl\/blog\/wp-content\/uploads\/2022\/09\/jesienna_kawa-3.jpg\" \/>\n\t<meta property=\"og:image:width\" content=\"1200\" \/>\n\t<meta property=\"og:image:height\" content=\"800\" \/>\n\t<meta property=\"og:image:type\" content=\"image\/jpeg\" \/>\n<meta name=\"author\" content=\"Basia Ciupi\u0144ska\" \/>\n<meta name=\"twitter:card\" content=\"summary_large_image\" \/>\n<meta name=\"twitter:label1\" content=\"Napisane przez\" \/>\n\t<meta name=\"twitter:data1\" content=\"Basia Ciupi\u0144ska\" \/>\n\t<meta name=\"twitter:label2\" content=\"Szacowany czas czytania\" \/>\n\t<meta name=\"twitter:data2\" content=\"6 minut\" \/>\n<script type=\"application\/ld+json\" class=\"yoast-schema-graph\">{\"@context\":\"https:\\\/\\\/schema.org\",\"@graph\":[{\"@type\":\"Article\",\"@id\":\"https:\\\/\\\/www.coffeedesk.pl\\\/blog\\\/jesieniarskie-kawy\\\/#article\",\"isPartOf\":{\"@id\":\"https:\\\/\\\/www.coffeedesk.pl\\\/blog\\\/jesieniarskie-kawy\\\/\"},\"author\":{\"name\":\"Basia Ciupi\u0144ska\",\"@id\":\"https:\\\/\\\/www.coffeedesk.pl\\\/blog\\\/#\\\/schema\\\/person\\\/9460fcdc7f6abd8c3833e2738f19189e\"},\"headline\":\"Jesieniarskie kawy, czyli smaczny spos\u00f3b na ch\u0142ody\",\"datePublished\":\"2022-09-27T10:21:24+00:00\",\"dateModified\":\"2022-09-27T11:19:27+00:00\",\"mainEntityOfPage\":{\"@id\":\"https:\\\/\\\/www.coffeedesk.pl\\\/blog\\\/jesieniarskie-kawy\\\/\"},\"wordCount\":885,\"commentCount\":0,\"publisher\":{\"@id\":\"https:\\\/\\\/www.coffeedesk.pl\\\/blog\\\/#organization\"},\"image\":{\"@id\":\"https:\\\/\\\/www.coffeedesk.pl\\\/blog\\\/jesieniarskie-kawy\\\/#primaryimage\"},\"thumbnailUrl\":\"https:\\\/\\\/www.coffeedesk.pl\\\/blog\\\/wp-content\\\/uploads\\\/2022\\\/09\\\/jesienna_kawa-3.jpg\",\"keywords\":[\"chai latte\",\"jesienna kawa\",\"kawa z cynamonem\",\"kawa z kardamonem\"],\"articleSection\":[\"Kawa\",\"Przepisy\"],\"inLanguage\":\"pl-PL\",\"potentialAction\":[{\"@type\":\"CommentAction\",\"name\":\"Comment\",\"target\":[\"https:\\\/\\\/www.coffeedesk.pl\\\/blog\\\/jesieniarskie-kawy\\\/#respond\"]}]},{\"@type\":\"WebPage\",\"@id\":\"https:\\\/\\\/www.coffeedesk.pl\\\/blog\\\/jesieniarskie-kawy\\\/\",\"url\":\"https:\\\/\\\/www.coffeedesk.pl\\\/blog\\\/jesieniarskie-kawy\\\/\",\"name\":\"Jesieniarskie kawy, czyli smaczny spos\u00f3b na ch\u0142ody - Blog Coffeedesk.pl\",\"isPartOf\":{\"@id\":\"https:\\\/\\\/www.coffeedesk.pl\\\/blog\\\/#website\"},\"primaryImageOfPage\":{\"@id\":\"https:\\\/\\\/www.coffeedesk.pl\\\/blog\\\/jesieniarskie-kawy\\\/#primaryimage\"},\"image\":{\"@id\":\"https:\\\/\\\/www.coffeedesk.pl\\\/blog\\\/jesieniarskie-kawy\\\/#primaryimage\"},\"thumbnailUrl\":\"https:\\\/\\\/www.coffeedesk.pl\\\/blog\\\/wp-content\\\/uploads\\\/2022\\\/09\\\/jesienna_kawa-3.jpg\",\"datePublished\":\"2022-09-27T10:21:24+00:00\",\"dateModified\":\"2022-09-27T11:19:27+00:00\",\"description\":\"Apple Spice Flat, Agawa Chai Latte i inne przepisy na jesienne kawy, kt\u00f3re zaspokoj\u0105 wszystkie nieokie\u0142znane smakowe \u017c\u0105dze!\",\"breadcrumb\":{\"@id\":\"https:\\\/\\\/www.coffeedesk.pl\\\/blog\\\/jesieniarskie-kawy\\\/#breadcrumb\"},\"inLanguage\":\"pl-PL\",\"potentialAction\":[{\"@type\":\"ReadAction\",\"target\":[\"https:\\\/\\\/www.coffeedesk.pl\\\/blog\\\/jesieniarskie-kawy\\\/\"]}]},{\"@type\":\"ImageObject\",\"inLanguage\":\"pl-PL\",\"@id\":\"https:\\\/\\\/www.coffeedesk.pl\\\/blog\\\/jesieniarskie-kawy\\\/#primaryimage\",\"url\":\"https:\\\/\\\/www.coffeedesk.pl\\\/blog\\\/wp-content\\\/uploads\\\/2022\\\/09\\\/jesienna_kawa-3.jpg\",\"contentUrl\":\"https:\\\/\\\/www.coffeedesk.pl\\\/blog\\\/wp-content\\\/uploads\\\/2022\\\/09\\\/jesienna_kawa-3.jpg\",\"width\":1200,\"height\":800},{\"@type\":\"BreadcrumbList\",\"@id\":\"https:\\\/\\\/www.coffeedesk.pl\\\/blog\\\/jesieniarskie-kawy\\\/#breadcrumb\",\"itemListElement\":[{\"@type\":\"ListItem\",\"position\":1,\"name\":\"Strona g\u0142\u00f3wna\",\"item\":\"https:\\\/\\\/www.coffeedesk.pl\\\/blog\\\/\"},{\"@type\":\"ListItem\",\"position\":2,\"name\":\"Jesieniarskie kawy, czyli smaczny spos\u00f3b na ch\u0142ody\"}]},{\"@type\":\"WebSite\",\"@id\":\"https:\\\/\\\/www.coffeedesk.pl\\\/blog\\\/#website\",\"url\":\"https:\\\/\\\/www.coffeedesk.pl\\\/blog\\\/\",\"name\":\"Blog Coffeedesk.pl\",\"description\":\"\",\"publisher\":{\"@id\":\"https:\\\/\\\/www.coffeedesk.pl\\\/blog\\\/#organization\"},\"potentialAction\":[{\"@type\":\"SearchAction\",\"target\":{\"@type\":\"EntryPoint\",\"urlTemplate\":\"https:\\\/\\\/www.coffeedesk.pl\\\/blog\\\/?s={search_term_string}\"},\"query-input\":{\"@type\":\"PropertyValueSpecification\",\"valueRequired\":true,\"valueName\":\"search_term_string\"}}],\"inLanguage\":\"pl-PL\"},{\"@type\":\"Organization\",\"@id\":\"https:\\\/\\\/www.coffeedesk.pl\\\/blog\\\/#organization\",\"name\":\"Coffeedesk.pl\",\"url\":\"https:\\\/\\\/www.coffeedesk.pl\\\/blog\\\/\",\"logo\":{\"@type\":\"ImageObject\",\"inLanguage\":\"pl-PL\",\"@id\":\"https:\\\/\\\/www.coffeedesk.pl\\\/blog\\\/#\\\/schema\\\/logo\\\/image\\\/\",\"url\":\"https:\\\/\\\/www.coffeedesk.pl\\\/blog\\\/wp-content\\\/uploads\\\/2019\\\/10\\\/logo_color.png\",\"contentUrl\":\"https:\\\/\\\/www.coffeedesk.pl\\\/blog\\\/wp-content\\\/uploads\\\/2019\\\/10\\\/logo_color.png\",\"width\":246,\"height\":50,\"caption\":\"Coffeedesk.pl\"},\"image\":{\"@id\":\"https:\\\/\\\/www.coffeedesk.pl\\\/blog\\\/#\\\/schema\\\/logo\\\/image\\\/\"}},{\"@type\":\"Person\",\"@id\":\"https:\\\/\\\/www.coffeedesk.pl\\\/blog\\\/#\\\/schema\\\/person\\\/9460fcdc7f6abd8c3833e2738f19189e\",\"name\":\"Basia Ciupi\u0144ska\",\"image\":{\"@type\":\"ImageObject\",\"inLanguage\":\"pl-PL\",\"@id\":\"https:\\\/\\\/www.coffeedesk.pl\\\/blog\\\/wp-content\\\/uploads\\\/2022\\\/06\\\/basia2-320x320.jpg\",\"url\":\"https:\\\/\\\/www.coffeedesk.pl\\\/blog\\\/wp-content\\\/uploads\\\/2022\\\/06\\\/basia2-320x320.jpg\",\"contentUrl\":\"https:\\\/\\\/www.coffeedesk.pl\\\/blog\\\/wp-content\\\/uploads\\\/2022\\\/06\\\/basia2-320x320.jpg\",\"caption\":\"Basia Ciupi\u0144ska\"},\"description\":\"\u017boliborzanka z wyboru, \u0142odzianka z charakteru. Kawa, muzyka i pieski to trzy filary jej zdrowia psychicznego. Uwielbia porz\u0105dek, wi\u0119c nikogo nie dziwi, \u017ce kawiarni\u0119 nazwa\u0142a B\u0142ysk. Ulubiona kawa - dopieszczona.\",\"url\":\"https:\\\/\\\/www.coffeedesk.pl\\\/blog\\\/author\\\/basia_ciupinska\\\/\"}]}<\/script>\n<!-- \/ Yoast SEO plugin. -->","yoast_head_json":{"title":"Jesieniarskie kawy, czyli smaczny spos\u00f3b na ch\u0142ody - Blog Coffeedesk.pl","description":"Apple Spice Flat, Agawa Chai Latte i inne przepisy na jesienne kawy, kt\u00f3re zaspokoj\u0105 wszystkie nieokie\u0142znane smakowe \u017c\u0105dze!","robots":{"index":"index","follow":"follow","max-snippet":"max-snippet:-1","max-image-preview":"max-image-preview:large","max-video-preview":"max-video-preview:-1"},"canonical":"https:\/\/www.coffeedesk.pl\/blog\/jesieniarskie-kawy\/","og_locale":"pl_PL","og_type":"article","og_title":"Jesieniarskie kawy, czyli smaczny spos\u00f3b na ch\u0142ody - Blog Coffeedesk.pl","og_description":"Apple Spice Flat, Agawa Chai Latte i inne przepisy na jesienne kawy, kt\u00f3re zaspokoj\u0105 wszystkie nieokie\u0142znane smakowe \u017c\u0105dze!","og_url":"https:\/\/www.coffeedesk.pl\/blog\/jesieniarskie-kawy\/","og_site_name":"Blog Coffeedesk.pl","article_published_time":"2022-09-27T10:21:24+00:00","article_modified_time":"2022-09-27T11:19:27+00:00","og_image":[{"width":1200,"height":800,"url":"https:\/\/www.coffeedesk.pl\/blog\/wp-content\/uploads\/2022\/09\/jesienna_kawa-3.jpg","type":"image\/jpeg"}],"author":"Basia Ciupi\u0144ska","twitter_card":"summary_large_image","twitter_misc":{"Napisane przez":"Basia Ciupi\u0144ska","Szacowany czas czytania":"6 minut"},"schema":{"@context":"https:\/\/schema.org","@graph":[{"@type":"Article","@id":"https:\/\/www.coffeedesk.pl\/blog\/jesieniarskie-kawy\/#article","isPartOf":{"@id":"https:\/\/www.coffeedesk.pl\/blog\/jesieniarskie-kawy\/"},"author":{"name":"Basia Ciupi\u0144ska","@id":"https:\/\/www.coffeedesk.pl\/blog\/#\/schema\/person\/9460fcdc7f6abd8c3833e2738f19189e"},"headline":"Jesieniarskie kawy, czyli smaczny spos\u00f3b na ch\u0142ody","datePublished":"2022-09-27T10:21:24+00:00","dateModified":"2022-09-27T11:19:27+00:00","mainEntityOfPage":{"@id":"https:\/\/www.coffeedesk.pl\/blog\/jesieniarskie-kawy\/"},"wordCount":885,"commentCount":0,"publisher":{"@id":"https:\/\/www.coffeedesk.pl\/blog\/#organization"},"image":{"@id":"https:\/\/www.coffeedesk.pl\/blog\/jesieniarskie-kawy\/#primaryimage"},"thumbnailUrl":"https:\/\/www.coffeedesk.pl\/blog\/wp-content\/uploads\/2022\/09\/jesienna_kawa-3.jpg","keywords":["chai latte","jesienna kawa","kawa z cynamonem","kawa z kardamonem"],"articleSection":["Kawa","Przepisy"],"inLanguage":"pl-PL","potentialAction":[{"@type":"CommentAction","name":"Comment","target":["https:\/\/www.coffeedesk.pl\/blog\/jesieniarskie-kawy\/#respond"]}]},{"@type":"WebPage","@id":"https:\/\/www.coffeedesk.pl\/blog\/jesieniarskie-kawy\/","url":"https:\/\/www.coffeedesk.pl\/blog\/jesieniarskie-kawy\/","name":"Jesieniarskie kawy, czyli smaczny spos\u00f3b na ch\u0142ody - Blog Coffeedesk.pl","isPartOf":{"@id":"https:\/\/www.coffeedesk.pl\/blog\/#website"},"primaryImageOfPage":{"@id":"https:\/\/www.coffeedesk.pl\/blog\/jesieniarskie-kawy\/#primaryimage"},"image":{"@id":"https:\/\/www.coffeedesk.pl\/blog\/jesieniarskie-kawy\/#primaryimage"},"thumbnailUrl":"https:\/\/www.coffeedesk.pl\/blog\/wp-content\/uploads\/2022\/09\/jesienna_kawa-3.jpg","datePublished":"2022-09-27T10:21:24+00:00","dateModified":"2022-09-27T11:19:27+00:00","description":"Apple Spice Flat, Agawa Chai Latte i inne przepisy na jesienne kawy, kt\u00f3re zaspokoj\u0105 wszystkie nieokie\u0142znane smakowe \u017c\u0105dze!","breadcrumb":{"@id":"https:\/\/www.coffeedesk.pl\/blog\/jesieniarskie-kawy\/#breadcrumb"},"inLanguage":"pl-PL","potentialAction":[{"@type":"ReadAction","target":["https:\/\/www.coffeedesk.pl\/blog\/jesieniarskie-kawy\/"]}]},{"@type":"ImageObject","inLanguage":"pl-PL","@id":"https:\/\/www.coffeedesk.pl\/blog\/jesieniarskie-kawy\/#primaryimage","url":"https:\/\/www.coffeedesk.pl\/blog\/wp-content\/uploads\/2022\/09\/jesienna_kawa-3.jpg","contentUrl":"https:\/\/www.coffeedesk.pl\/blog\/wp-content\/uploads\/2022\/09\/jesienna_kawa-3.jpg","width":1200,"height":800},{"@type":"BreadcrumbList","@id":"https:\/\/www.coffeedesk.pl\/blog\/jesieniarskie-kawy\/#breadcrumb","itemListElement":[{"@type":"ListItem","position":1,"name":"Strona g\u0142\u00f3wna","item":"https:\/\/www.coffeedesk.pl\/blog\/"},{"@type":"ListItem","position":2,"name":"Jesieniarskie kawy, czyli smaczny spos\u00f3b na ch\u0142ody"}]},{"@type":"WebSite","@id":"https:\/\/www.coffeedesk.pl\/blog\/#website","url":"https:\/\/www.coffeedesk.pl\/blog\/","name":"Blog Coffeedesk.pl","description":"","publisher":{"@id":"https:\/\/www.coffeedesk.pl\/blog\/#organization"},"potentialAction":[{"@type":"SearchAction","target":{"@type":"EntryPoint","urlTemplate":"https:\/\/www.coffeedesk.pl\/blog\/?s={search_term_string}"},"query-input":{"@type":"PropertyValueSpecification","valueRequired":true,"valueName":"search_term_string"}}],"inLanguage":"pl-PL"},{"@type":"Organization","@id":"https:\/\/www.coffeedesk.pl\/blog\/#organization","name":"Coffeedesk.pl","url":"https:\/\/www.coffeedesk.pl\/blog\/","logo":{"@type":"ImageObject","inLanguage":"pl-PL","@id":"https:\/\/www.coffeedesk.pl\/blog\/#\/schema\/logo\/image\/","url":"https:\/\/www.coffeedesk.pl\/blog\/wp-content\/uploads\/2019\/10\/logo_color.png","contentUrl":"https:\/\/www.coffeedesk.pl\/blog\/wp-content\/uploads\/2019\/10\/logo_color.png","width":246,"height":50,"caption":"Coffeedesk.pl"},"image":{"@id":"https:\/\/www.coffeedesk.pl\/blog\/#\/schema\/logo\/image\/"}},{"@type":"Person","@id":"https:\/\/www.coffeedesk.pl\/blog\/#\/schema\/person\/9460fcdc7f6abd8c3833e2738f19189e","name":"Basia Ciupi\u0144ska","image":{"@type":"ImageObject","inLanguage":"pl-PL","@id":"https:\/\/www.coffeedesk.pl\/blog\/wp-content\/uploads\/2022\/06\/basia2-320x320.jpg","url":"https:\/\/www.coffeedesk.pl\/blog\/wp-content\/uploads\/2022\/06\/basia2-320x320.jpg","contentUrl":"https:\/\/www.coffeedesk.pl\/blog\/wp-content\/uploads\/2022\/06\/basia2-320x320.jpg","caption":"Basia Ciupi\u0144ska"},"description":"\u017boliborzanka z wyboru, \u0142odzianka z charakteru. Kawa, muzyka i pieski to trzy filary jej zdrowia psychicznego. Uwielbia porz\u0105dek, wi\u0119c nikogo nie dziwi, \u017ce kawiarni\u0119 nazwa\u0142a B\u0142ysk. Ulubiona kawa - dopieszczona.","url":"https:\/\/www.coffeedesk.pl\/blog\/author\/basia_ciupinska\/"}]}},"jetpack_featured_media_url":"https:\/\/www.coffeedesk.pl\/blog\/wp-content\/uploads\/2022\/09\/jesienna_kawa-3.jpg","_links":{"self":[{"href":"https:\/\/www.coffeedesk.pl\/blog\/wp-json\/wp\/v2\/posts\/19519","targetHints":{"allow":["GET"]}}],"collection":[{"href":"https:\/\/www.coffeedesk.pl\/blog\/wp-json\/wp\/v2\/posts"}],"about":[{"href":"https:\/\/www.coffeedesk.pl\/blog\/wp-json\/wp\/v2\/types\/post"}],"author":[{"embeddable":true,"href":"https:\/\/www.coffeedesk.pl\/blog\/wp-json\/wp\/v2\/users\/77"}],"replies":[{"embeddable":true,"href":"https:\/\/www.coffeedesk.pl\/blog\/wp-json\/wp\/v2\/comments?post=19519"}],"version-history":[{"count":5,"href":"https:\/\/www.coffeedesk.pl\/blog\/wp-json\/wp\/v2\/posts\/19519\/revisions"}],"predecessor-version":[{"id":19558,"href":"https:\/\/www.coffeedesk.pl\/blog\/wp-json\/wp\/v2\/posts\/19519\/revisions\/19558"}],"wp:featuredmedia":[{"embeddable":true,"href":"https:\/\/www.coffeedesk.pl\/blog\/wp-json\/wp\/v2\/media\/19522"}],"wp:attachment":[{"href":"https:\/\/www.coffeedesk.pl\/blog\/wp-json\/wp\/v2\/media?parent=19519"}],"wp:term":[{"taxonomy":"category","embeddable":true,"href":"https:\/\/www.coffeedesk.pl\/blog\/wp-json\/wp\/v2\/categories?post=19519"},{"taxonomy":"post_tag","embeddable":true,"href":"https:\/\/www.coffeedesk.pl\/blog\/wp-json\/wp\/v2\/tags?post=19519"},{"taxonomy":"powerkit_post_featured","embeddable":true,"href":"https:\/\/www.coffeedesk.pl\/blog\/wp-json\/wp\/v2\/powerkit_post_featured?post=19519"}],"curies":[{"name":"wp","href":"https:\/\/api.w.org\/{rel}","templated":true}]}}