{"id":19650,"date":"2022-10-02T17:51:02","date_gmt":"2022-10-02T15:51:02","guid":{"rendered":"https:\/\/www.coffeedesk.pl\/blog\/?p=19650"},"modified":"2023-03-04T01:24:27","modified_gmt":"2023-03-04T00:24:27","slug":"kawa-po-marokansku","status":"publish","type":"post","link":"https:\/\/www.coffeedesk.pl\/blog\/kawa-po-marokansku\/","title":{"rendered":"Przepis na kaw\u0119 po maroka\u0144sku \u2013 jak zrobi\u0107 arabsk\u0105 kaw\u0119?"},"content":{"rendered":"<p><b>Jedni z podr\u00f3\u017cy przywo\u017c\u0105 pami\u0105tki, inni \u2013 kawowe inspiracje. T\u0119skni\u0105c za latem, przenosimy si\u0119 w orientalny \u015bwiat Maroko, wype\u0142niony intensywnymi kolorami i aromatem przypraw. Kawa po maroka\u0144sku to prosty przepis, kt\u00f3ry szczeg\u00f3lnie sprawdzi si\u0119 jesieni\u0105 i zim\u0105 \u2013 w sezonie, w kt\u00f3rym potrzebujemy wzmocnienia dobroczynnymi w\u0142a\u015bciwo\u015bciami korzennych przypraw. Podpowiadamy wi\u0119c, jak zrobi\u0107 kaw\u0119 po arabsku.<\/b><\/p>\n<p><span style=\"font-weight: 400;\">Wydawa\u0142oby si\u0119, \u017ce dominuj\u0105cym specja\u0142em Maroko jest s\u0142odka, <a href=\"https:\/\/www.coffeedesk.pl\/herbata\/typ\/mietowa\/\" target=\"_blank\" rel=\"noopener\">mi\u0119towa herbata<\/a> \u2013 w rzeczywisto\u015bci jednak, <a href=\"https:\/\/www.coffeedesk.pl\/kawa\/\" target=\"_blank\" rel=\"noopener\">kawa<\/a> maroka\u0144ska, znana r\u00f3wnie\u017c jako kawa po arabsku, r\u00f3wnie cz\u0119sto go\u015bci na sto\u0142ach. Tradycyjny napar sk\u0142ada si\u0119 z kawy wzbogaconej o przyprawy korzenne, takie jak kardamon, cynamon, imbir, go\u017adziki, pieprz oraz ga\u0142k\u0119 muszkato\u0142ow\u0105 \u2013 ka\u017cda z nich to \u0142atwo dost\u0119pna w Polsce przyprawa, kt\u00f3r\u0105 znale\u017a\u0107 mo\u017cna w ka\u017cdym sklepie.\u00a0<\/span><\/p>\n<p><img  loading=\"lazy\"  decoding=\"async\"  class=\"alignnone wp-image-19681 size-medium pk-lazyload\"  src=\"data:image\/png;base64,iVBORw0KGgoAAAANSUhEUgAAAyAAAAIVAQMAAAATfgmBAAAAA1BMVEUAAP+KeNJXAAAAAXRSTlMAQObYZgAAAAlwSFlzAAAOxAAADsQBlSsOGwAAAEtJREFUeNrtwQENAAAAwqD3T20ON6AAAAAAAAAAAAAAAAAAAAAAAAAAAAAAAAAAAAAAAAAAAAAAAAAAAAAAAAAAAAAAAAAAAAAATgzSSQABp\/elWgAAAABJRU5ErkJggg==\"  alt=\"Przyprawy do kawy po maroka\u0144sku\"  width=\"800\"  height=\"533\"  data-pk-sizes=\"auto\"  data-ls-sizes=\"auto, (max-width: 800px) 100vw, 800px\"  data-pk-src=\"https:\/\/www.coffeedesk.pl\/blog\/wp-content\/uploads\/2022\/10\/AdobeStock_310212366-800x533.jpg\"  data-pk-srcset=\"https:\/\/www.coffeedesk.pl\/blog\/wp-content\/uploads\/2022\/10\/AdobeStock_310212366-800x533.jpg 800w, https:\/\/www.coffeedesk.pl\/blog\/wp-content\/uploads\/2022\/10\/AdobeStock_310212366-1160x773.jpg 1160w, https:\/\/www.coffeedesk.pl\/blog\/wp-content\/uploads\/2022\/10\/AdobeStock_310212366-320x213.jpg 320w, https:\/\/www.coffeedesk.pl\/blog\/wp-content\/uploads\/2022\/10\/AdobeStock_310212366-560x373.jpg 560w, https:\/\/www.coffeedesk.pl\/blog\/wp-content\/uploads\/2022\/10\/AdobeStock_310212366.jpg 1200w\" ><\/p>\n<h2 id=\"kawa-po-marokansku-jakie-ziarna-wybrac\"><span style=\"font-weight: 400;\">Kawa po maroka\u0144sku \u2013 jakie ziarna wybra\u0107?<\/span><\/h2>\n<p><span style=\"font-weight: 400;\">W kawie maroka\u0144skiej sprawdzi si\u0119 zar\u00f3wno kawa z <a href=\"https:\/\/www.coffeedesk.pl\/ekspresy\/rodzaj\/cisnieniowe\/\" target=\"_blank\" rel=\"noopener\">ekspresu ci\u015bnieniowego<\/a>, <a href=\"https:\/\/www.coffeedesk.pl\/akcesoria\/kawiarki\/\" target=\"_blank\" rel=\"noopener\">kawiarki<\/a> lub <a href=\"https:\/\/www.coffeedesk.pl\/zaparzacze\/zaparzacze\/french-pressy\/\" target=\"_blank\" rel=\"noopener\">french pressa<\/a>, jak i <a href=\"https:\/\/www.coffeedesk.pl\/blog\/kawa-do-ekspresu-przelewowego\/\" target=\"_blank\" rel=\"noopener\">kawa przelewowa<\/a> \u2013 z <a href=\"https:\/\/www.coffeedesk.pl\/ekspresy\/\" target=\"_blank\" rel=\"noopener\">ekspresu<\/a>, <a href=\"https:\/\/www.coffeedesk.pl\/zaparzacze\/zaparzacze\/drippery\/\" target=\"_blank\" rel=\"noopener\">drippera<\/a> albo <a href=\"https:\/\/www.coffeedesk.pl\/nasze-marki\/aeropress\/\" target=\"_blank\" rel=\"noopener\">aeropressa<\/a>. Warto si\u0119gn\u0105\u0107 po <a href=\"https:\/\/www.coffeedesk.pl\/kawa\/rodzaj\/ziarnista\/\" target=\"_blank\" rel=\"noopener\">ziarna<\/a>, kt\u00f3re w profilu smakowym maj\u0105 czekolad\u0119, karmel lub orzechy \u2013 np. <a href=\"https:\/\/www.coffeedesk.pl\/kawa\/pochodzenie\/ameryka-poludniowa\/\" target=\"_blank\" rel=\"noopener\">ziarna z Brazylii<\/a>. Te smaki stworz\u0105 doskona\u0142\u0105 kompozycj\u0119 z przyprawami korzennymi.<\/span><\/p>\n<h2 id=\"kawa-po-marokansku-przepis\"><span style=\"font-weight: 400;\">Kawa po maroka\u0144sku \u2013 przepis<\/span><\/h2>\n<h3 id=\"skladniki-mieszanki-przypraw\"><span style=\"font-weight: 400;\">Sk\u0142adniki mieszanki przypraw:<\/span><\/h3>\n<ul>\n<li style=\"font-weight: 400;\" aria-level=\"1\"><span style=\"font-weight: 400;\">1 \u0142y\u017cka cynamonu<\/span><\/li>\n<li style=\"font-weight: 400;\" aria-level=\"1\"><span style=\"font-weight: 400;\">\u00bc \u0142y\u017ceczki mielonych go\u017adzik\u00f3w<\/span><\/li>\n<li style=\"font-weight: 400;\" aria-level=\"1\"><span style=\"font-weight: 400;\">\u00bc \u0142y\u017ceczki mielonego kardamonu<\/span><\/li>\n<li style=\"font-weight: 400;\" aria-level=\"1\"><span style=\"font-weight: 400;\">\u00bc \u0142y\u017ceczki mielonej ga\u0142ki muszkato\u0142owej<\/span><\/li>\n<li style=\"font-weight: 400;\" aria-level=\"1\"><span style=\"font-weight: 400;\">\u00bc \u0142y\u017ceczki mielonego imbiru<\/span><\/li>\n<li style=\"font-weight: 400;\" aria-level=\"1\"><span style=\"font-weight: 400;\">\u00bc \u0142y\u017ceczki \u015bwie\u017co mielonego pieprzu (opcjonalnie)<\/span><\/li>\n<\/ul>\n<p><img  loading=\"lazy\"  decoding=\"async\"  class=\"alignnone wp-image-19683 size-medium pk-lazyload\"  src=\"data:image\/png;base64,iVBORw0KGgoAAAANSUhEUgAAAyAAAAIVAQMAAAATfgmBAAAAA1BMVEUAAP+KeNJXAAAAAXRSTlMAQObYZgAAAAlwSFlzAAAOxAAADsQBlSsOGwAAAEtJREFUeNrtwQENAAAAwqD3T20ON6AAAAAAAAAAAAAAAAAAAAAAAAAAAAAAAAAAAAAAAAAAAAAAAAAAAAAAAAAAAAAAAAAAAAAATgzSSQABp\/elWgAAAABJRU5ErkJggg==\"  alt=\"Kawa po arabsku - przyprawa\"  width=\"800\"  height=\"533\"  data-pk-sizes=\"auto\"  data-ls-sizes=\"auto, (max-width: 800px) 100vw, 800px\"  data-pk-src=\"https:\/\/www.coffeedesk.pl\/blog\/wp-content\/uploads\/2022\/10\/AdobeStock_334241936-800x533.jpg\"  data-pk-srcset=\"https:\/\/www.coffeedesk.pl\/blog\/wp-content\/uploads\/2022\/10\/AdobeStock_334241936-800x533.jpg 800w, https:\/\/www.coffeedesk.pl\/blog\/wp-content\/uploads\/2022\/10\/AdobeStock_334241936-1160x773.jpg 1160w, https:\/\/www.coffeedesk.pl\/blog\/wp-content\/uploads\/2022\/10\/AdobeStock_334241936-320x213.jpg 320w, https:\/\/www.coffeedesk.pl\/blog\/wp-content\/uploads\/2022\/10\/AdobeStock_334241936-560x373.jpg 560w, https:\/\/www.coffeedesk.pl\/blog\/wp-content\/uploads\/2022\/10\/AdobeStock_334241936.jpg 1200w\" ><\/p>\n<p><span style=\"font-weight: 400;\">Wymieszaj wszystkie przyprawy do kawy po arabsku i prze\u0142\u00f3\u017c do szczelnego pojemniczka \u2013 to Twoja baza, kt\u00f3r\u0105 wykorzystasz do przygotowania kilku kaw. Dok\u0142adna receptura mieszanki w pe\u0142ni zale\u017cy od Twoich preferencji \u2013 dowolnie dostosuj ilo\u015b\u0107 poszczeg\u00f3lnych przypraw wed\u0142ug swoich upodoba\u0144. Je\u015bli wiesz, \u017ce nie lubisz konkretnej przyprawy, zupe\u0142nie z niej zrezygnuj,\u00a0aby kawa po arabsku z naszego przepisu dobrze ci smakowa\u0142a.\u00a0<\/span><\/p>\n<p>&nbsp;<\/p>\n<h3 id=\"jak-zrobic-kawe-po-marokansku\"><b>Jak zrobi\u0107 kaw\u0119 po maroka\u0144sku?<\/b><\/h3>\n<p><b>Kawa maroka\u0144ska z french pressa<\/b><\/p>\n<ul>\n<li style=\"font-weight: 400;\" aria-level=\"1\"><span style=\"font-weight: 400;\">10-12 g \u015bwie\u017co zmielonej kawy<\/span><\/li>\n<li style=\"font-weight: 400;\" aria-level=\"1\"><span style=\"font-weight: 400;\">200 ml wody w temperaturze oko\u0142o 96 stopni<\/span><\/li>\n<li style=\"font-weight: 400;\" aria-level=\"1\"><span style=\"font-weight: 400;\">\u00bc \u0142y\u017ceczki mieszanki przypraw<\/span><\/li>\n<\/ul>\n<p><img  loading=\"lazy\"  decoding=\"async\"  class=\"alignnone wp-image-19651 size-full pk-lazyload\"  src=\"data:image\/png;base64,iVBORw0KGgoAAAANSUhEUgAAAyAAAAIVAQMAAAATfgmBAAAAA1BMVEUAAP+KeNJXAAAAAXRSTlMAQObYZgAAAAlwSFlzAAAOxAAADsQBlSsOGwAAAEtJREFUeNrtwQENAAAAwqD3T20ON6AAAAAAAAAAAAAAAAAAAAAAAAAAAAAAAAAAAAAAAAAAAAAAAAAAAAAAAAAAAAAAAAAAAAAATgzSSQABp\/elWgAAAABJRU5ErkJggg==\"  alt=\"Kawa po maroka\u0144sku z french pressa\"  width=\"800\"  height=\"533\"  data-pk-sizes=\"auto\"  data-ls-sizes=\"auto, (max-width: 800px) 100vw, 800px\"  data-pk-src=\"https:\/\/www.coffeedesk.pl\/blog\/wp-content\/uploads\/2022\/10\/51002024368_e6d9844fe8_c.jpg\"  data-pk-srcset=\"https:\/\/www.coffeedesk.pl\/blog\/wp-content\/uploads\/2022\/10\/51002024368_e6d9844fe8_c.jpg 800w, https:\/\/www.coffeedesk.pl\/blog\/wp-content\/uploads\/2022\/10\/51002024368_e6d9844fe8_c-320x213.jpg 320w, https:\/\/www.coffeedesk.pl\/blog\/wp-content\/uploads\/2022\/10\/51002024368_e6d9844fe8_c-560x373.jpg 560w\" ><\/p>\n<p><span style=\"font-weight: 400;\">Opcjonalnie:<\/span><\/p>\n<ul>\n<li style=\"font-weight: 400;\" aria-level=\"1\"><span style=\"font-weight: 400;\">mleko, nap\u00f3j ro\u015blinny, cukier<\/span><\/li>\n<\/ul>\n<p><span style=\"font-weight: 400;\">French press to prawdopodobnie najlepsza metoda do przygotowania kawy po arabsku, poniewa\u017c umo\u017cliwia <a href=\"https:\/\/www.coffeedesk.pl\/blog\/temperatura-parzenia-kawy\/\" target=\"_blank\" rel=\"noopener\">zaparzenie kawy<\/a> wraz z przyprawami, bez ryzyka, \u017ce <a href=\"https:\/\/www.coffeedesk.pl\/zaparzacze\/\" target=\"_blank\" rel=\"noopener\">zaparzacz<\/a> na d\u0142ugo przejmie aromat przypraw.*\u00a0<\/span><\/p>\n<p><span style=\"font-weight: 400;\">Przy zaparzaniu french pressa rekomenduj\u0119 <\/span><a href=\"https:\/\/www.youtube.com\/watch?v=st571DYYTR8\"><span style=\"font-weight: 400;\">metod\u0119 Jamesa Hoffmanna<\/span><\/a><span style=\"font-weight: 400;\">. Wymieszaj kaw\u0119 z mieszank\u0105 przypraw i wsyp do french pressa, ustaw na wadze i wlej odpowiedni\u0105 ilo\u015b\u0107 wody. Pozostaw naczynie na oko\u0142o 4 minuty \u2013 po tym czasie zamieszaj u g\u00f3ry, a nast\u0119pnie zdejmij przy pomocy dw\u00f3ch \u0142y\u017ceczek ziarna i przyprawy, kt\u00f3re pozosta\u0142y przy powierzchni. Nast\u0119pnie pozostaw naczynie jeszcze na oko\u0142o 5 minut \u2013 to pozwoli kawie, a tak\u017ce resztce przypraw, swobodnie opa\u015b\u0107 na dno. Dopiero wtedy delikatnie za\u0142\u00f3\u017c t\u0142ok, przeciskaj\u0105c tylko 1 cm poni\u017cej powierzchni napoju. Przelej kaw\u0119 do kubka lub czarki, wed\u0142ug preferencji uzupe\u0142nij mlekiem, <a href=\"https:\/\/www.coffeedesk.pl\/dodatki\/dodatki\/napoje-roslinne\/\" target=\"_blank\" rel=\"noopener\">napojem ro\u015blinnym<\/a> albo cukrem.<\/span><\/p>\n<p><img  loading=\"lazy\"  decoding=\"async\"  class=\"alignnone wp-image-19653 size-full pk-lazyload\"  style=\"font-family: -apple-system, BlinkMacSystemFont, &#039;Segoe UI&#039;, Roboto, &#039;Helvetica Neue&#039;, Arial, &#039;Noto Sans&#039;, sans-serif, &#039;Apple Color Emoji&#039;, &#039;Segoe UI Emoji&#039;, &#039;Segoe UI Symbol&#039;, &#039;Noto Color Emoji&#039;;\"  src=\"data:image\/png;base64,iVBORw0KGgoAAAANSUhEUgAAAyAAAAIWAQMAAACV6nsvAAAAA1BMVEUAAP+KeNJXAAAAAXRSTlMAQObYZgAAAAlwSFlzAAAOxAAADsQBlSsOGwAAAEtJREFUeNrtwTEBAAAAwqD1T+1pCaAAAAAAAAAAAAAAAAAAAAAAAAAAAAAAAAAAAAAAAAAAAAAAAAAAAAAAAAAAAAAAAAAAAAAAuAHSrgABEsIc4AAAAABJRU5ErkJggg==\"  alt=\"Kawa po arabsku \u2013 przepis z u\u017cyciem french pressa\"  width=\"800\"  height=\"534\"  data-pk-sizes=\"auto\"  data-ls-sizes=\"auto, (max-width: 800px) 100vw, 800px\"  data-pk-src=\"https:\/\/www.coffeedesk.pl\/blog\/wp-content\/uploads\/2022\/10\/51002844902_b7e16b3c81_c.jpg\"  data-pk-srcset=\"https:\/\/www.coffeedesk.pl\/blog\/wp-content\/uploads\/2022\/10\/51002844902_b7e16b3c81_c.jpg 800w, https:\/\/www.coffeedesk.pl\/blog\/wp-content\/uploads\/2022\/10\/51002844902_b7e16b3c81_c-320x214.jpg 320w, https:\/\/www.coffeedesk.pl\/blog\/wp-content\/uploads\/2022\/10\/51002844902_b7e16b3c81_c-560x374.jpg 560w\" ><span style=\"font-family: -apple-system, BlinkMacSystemFont, 'Segoe UI', Roboto, 'Helvetica Neue', Arial, 'Noto Sans', sans-serif, 'Apple Color Emoji', 'Segoe UI Emoji', 'Segoe UI Symbol', 'Noto Color Emoji';\">\u00a0<\/span><\/p>\n<p><span style=\"font-weight: 400;\">*Przejmowanie zapachu, a czasem r\u00f3wnie\u017c koloru przypraw to indywidualna cecha ka\u017cdego naczynia \u2013 je\u015bli obawiasz si\u0119, \u017ce aromat pozostanie na Twoich akcesoriach, skorzystaj z drugiej opcji przygotowania kawy!<\/span><\/p>\n<p><b>Kawa maroka\u0144ska \u2013 dowolna metoda parzenia<\/b><\/p>\n<ul>\n<li style=\"font-weight: 400;\" aria-level=\"1\"><span style=\"font-weight: 400;\">200 ml kawy (<a href=\"https:\/\/www.coffeedesk.pl\/blog\/americano-drip-kawiarnia\/\" target=\"_blank\" rel=\"noopener\">americano<\/a>, <a href=\"https:\/\/www.coffeedesk.pl\/blog\/kawiarka-przygotowanie-kawy\/\" target=\"_blank\" rel=\"noopener\">kawa z kawiarki<\/a>, drip, aeropress \u2013 y<\/span><i><span style=\"font-weight: 400;\">ou name it!<\/span><\/i><span style=\"font-weight: 400;\">)<\/span><\/li>\n<li style=\"font-weight: 400;\" aria-level=\"1\"><span style=\"font-weight: 400;\">\u00bc \u0142y\u017ceczki mieszanki przypraw<\/span><\/li>\n<\/ul>\n<p><span style=\"font-weight: 400;\">Opcjonalnie:<\/span><\/p>\n<ul>\n<li style=\"font-weight: 400;\" aria-level=\"1\"><span style=\"font-weight: 400;\">mleko, nap\u00f3j ro\u015blinny, cukier<\/span><\/li>\n<\/ul>\n<p><span style=\"font-weight: 400;\">Przygotuj kaw\u0119\u00a0po maroka\u0144sku swoj\u0105 ulubion\u0105 metod\u0105 i wymieszaj z przyprawami. Pozostaw pod przykryciem na 5 minut. Po tym czasie mo\u017cesz przecedzi\u0107 napar przez g\u0119ste sitko lub filtr, ale nie jest to konieczne. Opcjonalnie dodaj mleko, nap\u00f3j ro\u015blinny lub cukier.\u00a0<\/span><\/p>\n<p><b>Zobacz te\u017c:<\/b> <a href=\"https:\/\/www.coffeedesk.pl\/blog\/kawiarka-przygotowanie-kawy\/\"><span style=\"font-weight: 400;\">Ma\u0142a wielka rzecz. Co warto wiedzie\u0107 o parzeniu kawy w kawiarce?<\/span><\/a><\/p>\n<p><span style=\"font-weight: 400;\">Eksperymentuj, pr\u00f3buj i dopasuj <a href=\"https:\/\/www.coffeedesk.pl\/blog\/tania-kawa-metody-alternatywne\/\" target=\"_blank\" rel=\"noopener\">metod\u0119 parzenia kawy<\/a>, mieszank\u0119 przypraw, a tak\u017ce jej ilo\u015b\u0107, tak, by kawa po maroka\u0144sku najbardziej Ci smakowa\u0142a!<\/span><\/p>\n<p><span style=\"font-weight: 400;\">Po wi\u0119cej kawowych podr\u00f3\u017cy zajrzyj do tekst\u00f3w:<\/span><\/p>\n<p><a href=\"https:\/\/www.coffeedesk.pl\/blog\/kawa-barraquito-co-to-jest-przepis-na-kawe-po-kanaryjsku\/\"><span style=\"font-weight: 400;\">Kawa barraquito \u2013 co to jest? Przepis na kaw\u0119 po kanaryjsku<\/span><\/a><\/p>\n<p><a href=\"https:\/\/www.coffeedesk.pl\/blog\/przepis-na-kawe-po-wiedensku\/\"><span style=\"font-weight: 400;\">Kawa po wiede\u0144sku \u2013 jak j\u0105 pi\u0107? Przepis na kaw\u0119 z bit\u0105 \u015bmietan\u0105<\/span><\/a><\/p>\n<p><a href=\"https:\/\/www.coffeedesk.pl\/blog\/kawa-po-brazylijsku\/\"><span style=\"font-weight: 400;\">Kawa po brazylijsku<\/span><\/a><\/p>\n<p><span style=\"font-weight: 400;\">\u00a0<\/span><\/p>\n<p>&nbsp;<\/p>\n","protected":false},"excerpt":{"rendered":"<div class=\"post-excerpt\">Jedni z podr\u00f3\u017cy przywo\u017c\u0105 pami\u0105tki, inni \u2013 kawowe inspiracje. T\u0119skni\u0105c za latem, przenosimy si\u0119 w orientalny \u015bwiat Maroko, wype\u0142niony intensywnymi kolorami i aromatem przypraw. Kawa po maroka\u0144sku to prosty przepis,&hellip;<\/div>\n<div class=\"post-more\"><a href=\"https:\/\/www.coffeedesk.pl\/blog\/kawa-po-marokansku\/\" class=\"button button-primary button-effect\"><span>Czytaj wpis<\/span><span><i class=\"cs-icon cs-icon-arrow-right\"><\/i><\/span><\/a><\/div>\n","protected":false},"author":64,"featured_media":19653,"comment_status":"open","ping_status":"open","sticky":false,"template":"","format":"standard","meta":{"_acf_changed":false,"footnotes":""},"categories":[34,38],"tags":[2059,2686,2058],"powerkit_post_featured":[],"class_list":{"0":"post-19650","1":"post","2":"type-post","3":"status-publish","4":"format-standard","5":"has-post-thumbnail","7":"category-kawa","8":"category-przepisy","9":"tag-kawa-z-cynamonem","10":"tag-kawa-z-kardamonem","11":"tag-kawa-z-przyprawami"},"acf":[],"author_display_name":"Zuza Raubo","author_url":"https:\/\/www.coffeedesk.pl\/blog\/author\/zuza-raubo\/","featured_image":"https:\/\/www.coffeedesk.pl\/blog\/wp-content\/uploads\/2022\/10\/51002844902_b7e16b3c81_c.jpg","post_tags":["kawa z cynamonem","kawa z kardamonem","kawa z przyprawami"],"post_categories":["Kawa","Przepisy"],"yoast_head":"<!-- This site is optimized with the Yoast SEO plugin v27.4 - https:\/\/yoast.com\/product\/yoast-seo-wordpress\/ -->\n<title>Jak zrobi\u0107 arabsk\u0105 kaw\u0119? Przepis - Blog Coffeedesk.pl<\/title>\n<meta name=\"description\" content=\"Kawa po maroka\u0144sku idealnie sprawdzi si\u0119 jesieni\u0105 i zim\u0105, kiedy potrzebujemy wzmocnienia dobroczynnymi w\u0142a\u015bciwo\u015bciami korzennych przypraw.\u00a0\" \/>\n<meta name=\"robots\" content=\"index, follow, max-snippet:-1, max-image-preview:large, max-video-preview:-1\" \/>\n<link rel=\"canonical\" href=\"https:\/\/www.coffeedesk.pl\/blog\/kawa-po-marokansku\/\" \/>\n<meta property=\"og:locale\" content=\"pl_PL\" \/>\n<meta property=\"og:type\" content=\"article\" \/>\n<meta property=\"og:title\" content=\"Jak zrobi\u0107 arabsk\u0105 kaw\u0119? Przepis - Blog Coffeedesk.pl\" \/>\n<meta property=\"og:description\" content=\"Kawa po maroka\u0144sku idealnie sprawdzi si\u0119 jesieni\u0105 i zim\u0105, kiedy potrzebujemy wzmocnienia dobroczynnymi w\u0142a\u015bciwo\u015bciami korzennych przypraw.\u00a0\" \/>\n<meta property=\"og:url\" content=\"https:\/\/www.coffeedesk.pl\/blog\/kawa-po-marokansku\/\" \/>\n<meta property=\"og:site_name\" content=\"Blog Coffeedesk.pl\" \/>\n<meta property=\"article:published_time\" content=\"2022-10-02T15:51:02+00:00\" \/>\n<meta property=\"article:modified_time\" content=\"2023-03-04T00:24:27+00:00\" \/>\n<meta property=\"og:image\" content=\"https:\/\/www.coffeedesk.pl\/blog\/wp-content\/uploads\/2022\/10\/51002844902_b7e16b3c81_c.jpg\" \/>\n\t<meta property=\"og:image:width\" content=\"800\" \/>\n\t<meta property=\"og:image:height\" content=\"534\" \/>\n\t<meta property=\"og:image:type\" content=\"image\/jpeg\" \/>\n<meta name=\"author\" content=\"Zuza Raubo\" \/>\n<meta name=\"twitter:card\" content=\"summary_large_image\" \/>\n<meta name=\"twitter:label1\" content=\"Napisane przez\" \/>\n\t<meta name=\"twitter:data1\" content=\"Zuza Raubo\" \/>\n\t<meta name=\"twitter:label2\" content=\"Szacowany czas czytania\" \/>\n\t<meta name=\"twitter:data2\" content=\"5 minut\" \/>\n<script type=\"application\/ld+json\" class=\"yoast-schema-graph\">{\"@context\":\"https:\\\/\\\/schema.org\",\"@graph\":[{\"@type\":\"Article\",\"@id\":\"https:\\\/\\\/www.coffeedesk.pl\\\/blog\\\/kawa-po-marokansku\\\/#article\",\"isPartOf\":{\"@id\":\"https:\\\/\\\/www.coffeedesk.pl\\\/blog\\\/kawa-po-marokansku\\\/\"},\"author\":{\"name\":\"Zuza Raubo\",\"@id\":\"https:\\\/\\\/www.coffeedesk.pl\\\/blog\\\/#\\\/schema\\\/person\\\/c2d79a9264735066d5b429de11d73800\"},\"headline\":\"Przepis na kaw\u0119 po maroka\u0144sku \u2013 jak zrobi\u0107 arabsk\u0105 kaw\u0119?\",\"datePublished\":\"2022-10-02T15:51:02+00:00\",\"dateModified\":\"2023-03-04T00:24:27+00:00\",\"mainEntityOfPage\":{\"@id\":\"https:\\\/\\\/www.coffeedesk.pl\\\/blog\\\/kawa-po-marokansku\\\/\"},\"wordCount\":681,\"commentCount\":0,\"publisher\":{\"@id\":\"https:\\\/\\\/www.coffeedesk.pl\\\/blog\\\/#organization\"},\"image\":{\"@id\":\"https:\\\/\\\/www.coffeedesk.pl\\\/blog\\\/kawa-po-marokansku\\\/#primaryimage\"},\"thumbnailUrl\":\"https:\\\/\\\/www.coffeedesk.pl\\\/blog\\\/wp-content\\\/uploads\\\/2022\\\/10\\\/51002844902_b7e16b3c81_c.jpg\",\"keywords\":[\"kawa z cynamonem\",\"kawa z kardamonem\",\"kawa z przyprawami\"],\"articleSection\":[\"Kawa\",\"Przepisy\"],\"inLanguage\":\"pl-PL\",\"potentialAction\":[{\"@type\":\"CommentAction\",\"name\":\"Comment\",\"target\":[\"https:\\\/\\\/www.coffeedesk.pl\\\/blog\\\/kawa-po-marokansku\\\/#respond\"]}]},{\"@type\":\"WebPage\",\"@id\":\"https:\\\/\\\/www.coffeedesk.pl\\\/blog\\\/kawa-po-marokansku\\\/\",\"url\":\"https:\\\/\\\/www.coffeedesk.pl\\\/blog\\\/kawa-po-marokansku\\\/\",\"name\":\"Jak zrobi\u0107 arabsk\u0105 kaw\u0119? Przepis - Blog Coffeedesk.pl\",\"isPartOf\":{\"@id\":\"https:\\\/\\\/www.coffeedesk.pl\\\/blog\\\/#website\"},\"primaryImageOfPage\":{\"@id\":\"https:\\\/\\\/www.coffeedesk.pl\\\/blog\\\/kawa-po-marokansku\\\/#primaryimage\"},\"image\":{\"@id\":\"https:\\\/\\\/www.coffeedesk.pl\\\/blog\\\/kawa-po-marokansku\\\/#primaryimage\"},\"thumbnailUrl\":\"https:\\\/\\\/www.coffeedesk.pl\\\/blog\\\/wp-content\\\/uploads\\\/2022\\\/10\\\/51002844902_b7e16b3c81_c.jpg\",\"datePublished\":\"2022-10-02T15:51:02+00:00\",\"dateModified\":\"2023-03-04T00:24:27+00:00\",\"description\":\"Kawa po maroka\u0144sku idealnie sprawdzi si\u0119 jesieni\u0105 i zim\u0105, kiedy potrzebujemy wzmocnienia dobroczynnymi w\u0142a\u015bciwo\u015bciami korzennych przypraw.\u00a0\",\"breadcrumb\":{\"@id\":\"https:\\\/\\\/www.coffeedesk.pl\\\/blog\\\/kawa-po-marokansku\\\/#breadcrumb\"},\"inLanguage\":\"pl-PL\",\"potentialAction\":[{\"@type\":\"ReadAction\",\"target\":[\"https:\\\/\\\/www.coffeedesk.pl\\\/blog\\\/kawa-po-marokansku\\\/\"]}]},{\"@type\":\"ImageObject\",\"inLanguage\":\"pl-PL\",\"@id\":\"https:\\\/\\\/www.coffeedesk.pl\\\/blog\\\/kawa-po-marokansku\\\/#primaryimage\",\"url\":\"https:\\\/\\\/www.coffeedesk.pl\\\/blog\\\/wp-content\\\/uploads\\\/2022\\\/10\\\/51002844902_b7e16b3c81_c.jpg\",\"contentUrl\":\"https:\\\/\\\/www.coffeedesk.pl\\\/blog\\\/wp-content\\\/uploads\\\/2022\\\/10\\\/51002844902_b7e16b3c81_c.jpg\",\"width\":800,\"height\":534},{\"@type\":\"BreadcrumbList\",\"@id\":\"https:\\\/\\\/www.coffeedesk.pl\\\/blog\\\/kawa-po-marokansku\\\/#breadcrumb\",\"itemListElement\":[{\"@type\":\"ListItem\",\"position\":1,\"name\":\"Strona g\u0142\u00f3wna\",\"item\":\"https:\\\/\\\/www.coffeedesk.pl\\\/blog\\\/\"},{\"@type\":\"ListItem\",\"position\":2,\"name\":\"Przepis na kaw\u0119 po maroka\u0144sku \u2013 jak zrobi\u0107 arabsk\u0105 kaw\u0119?\"}]},{\"@type\":\"WebSite\",\"@id\":\"https:\\\/\\\/www.coffeedesk.pl\\\/blog\\\/#website\",\"url\":\"https:\\\/\\\/www.coffeedesk.pl\\\/blog\\\/\",\"name\":\"Blog Coffeedesk.pl\",\"description\":\"\",\"publisher\":{\"@id\":\"https:\\\/\\\/www.coffeedesk.pl\\\/blog\\\/#organization\"},\"potentialAction\":[{\"@type\":\"SearchAction\",\"target\":{\"@type\":\"EntryPoint\",\"urlTemplate\":\"https:\\\/\\\/www.coffeedesk.pl\\\/blog\\\/?s={search_term_string}\"},\"query-input\":{\"@type\":\"PropertyValueSpecification\",\"valueRequired\":true,\"valueName\":\"search_term_string\"}}],\"inLanguage\":\"pl-PL\"},{\"@type\":\"Organization\",\"@id\":\"https:\\\/\\\/www.coffeedesk.pl\\\/blog\\\/#organization\",\"name\":\"Coffeedesk.pl\",\"url\":\"https:\\\/\\\/www.coffeedesk.pl\\\/blog\\\/\",\"logo\":{\"@type\":\"ImageObject\",\"inLanguage\":\"pl-PL\",\"@id\":\"https:\\\/\\\/www.coffeedesk.pl\\\/blog\\\/#\\\/schema\\\/logo\\\/image\\\/\",\"url\":\"https:\\\/\\\/www.coffeedesk.pl\\\/blog\\\/wp-content\\\/uploads\\\/2019\\\/10\\\/logo_color.png\",\"contentUrl\":\"https:\\\/\\\/www.coffeedesk.pl\\\/blog\\\/wp-content\\\/uploads\\\/2019\\\/10\\\/logo_color.png\",\"width\":246,\"height\":50,\"caption\":\"Coffeedesk.pl\"},\"image\":{\"@id\":\"https:\\\/\\\/www.coffeedesk.pl\\\/blog\\\/#\\\/schema\\\/logo\\\/image\\\/\"}},{\"@type\":\"Person\",\"@id\":\"https:\\\/\\\/www.coffeedesk.pl\\\/blog\\\/#\\\/schema\\\/person\\\/c2d79a9264735066d5b429de11d73800\",\"name\":\"Zuza Raubo\",\"image\":{\"@type\":\"ImageObject\",\"inLanguage\":\"pl-PL\",\"@id\":\"https:\\\/\\\/www.coffeedesk.pl\\\/blog\\\/wp-content\\\/uploads\\\/2021\\\/03\\\/unnamed-e1615212370284-320x320.jpg\",\"url\":\"https:\\\/\\\/www.coffeedesk.pl\\\/blog\\\/wp-content\\\/uploads\\\/2021\\\/03\\\/unnamed-e1615212370284-320x320.jpg\",\"contentUrl\":\"https:\\\/\\\/www.coffeedesk.pl\\\/blog\\\/wp-content\\\/uploads\\\/2021\\\/03\\\/unnamed-e1615212370284-320x320.jpg\",\"caption\":\"Zuza Raubo\"},\"description\":\"Lekkie pi\u00f3ro i lekkie uzale\u017cnienie od kawy (najlepiej maj\u0105 si\u0119 w duecie). W wolnym czasie dowodz\u0119, \u017ce istnieje cytat z Friends na ka\u017cd\u0105 okazj\u0119. Ulubiona kawa: na s\u0142o\u0144cu!\",\"url\":\"https:\\\/\\\/www.coffeedesk.pl\\\/blog\\\/author\\\/zuza-raubo\\\/\"}]}<\/script>\n<!-- \/ Yoast SEO plugin. -->","yoast_head_json":{"title":"Jak zrobi\u0107 arabsk\u0105 kaw\u0119? Przepis - Blog Coffeedesk.pl","description":"Kawa po maroka\u0144sku idealnie sprawdzi si\u0119 jesieni\u0105 i zim\u0105, kiedy potrzebujemy wzmocnienia dobroczynnymi w\u0142a\u015bciwo\u015bciami korzennych przypraw.\u00a0","robots":{"index":"index","follow":"follow","max-snippet":"max-snippet:-1","max-image-preview":"max-image-preview:large","max-video-preview":"max-video-preview:-1"},"canonical":"https:\/\/www.coffeedesk.pl\/blog\/kawa-po-marokansku\/","og_locale":"pl_PL","og_type":"article","og_title":"Jak zrobi\u0107 arabsk\u0105 kaw\u0119? Przepis - Blog Coffeedesk.pl","og_description":"Kawa po maroka\u0144sku idealnie sprawdzi si\u0119 jesieni\u0105 i zim\u0105, kiedy potrzebujemy wzmocnienia dobroczynnymi w\u0142a\u015bciwo\u015bciami korzennych przypraw.\u00a0","og_url":"https:\/\/www.coffeedesk.pl\/blog\/kawa-po-marokansku\/","og_site_name":"Blog Coffeedesk.pl","article_published_time":"2022-10-02T15:51:02+00:00","article_modified_time":"2023-03-04T00:24:27+00:00","og_image":[{"width":800,"height":534,"url":"https:\/\/www.coffeedesk.pl\/blog\/wp-content\/uploads\/2022\/10\/51002844902_b7e16b3c81_c.jpg","type":"image\/jpeg"}],"author":"Zuza Raubo","twitter_card":"summary_large_image","twitter_misc":{"Napisane przez":"Zuza Raubo","Szacowany czas czytania":"5 minut"},"schema":{"@context":"https:\/\/schema.org","@graph":[{"@type":"Article","@id":"https:\/\/www.coffeedesk.pl\/blog\/kawa-po-marokansku\/#article","isPartOf":{"@id":"https:\/\/www.coffeedesk.pl\/blog\/kawa-po-marokansku\/"},"author":{"name":"Zuza Raubo","@id":"https:\/\/www.coffeedesk.pl\/blog\/#\/schema\/person\/c2d79a9264735066d5b429de11d73800"},"headline":"Przepis na kaw\u0119 po maroka\u0144sku \u2013 jak zrobi\u0107 arabsk\u0105 kaw\u0119?","datePublished":"2022-10-02T15:51:02+00:00","dateModified":"2023-03-04T00:24:27+00:00","mainEntityOfPage":{"@id":"https:\/\/www.coffeedesk.pl\/blog\/kawa-po-marokansku\/"},"wordCount":681,"commentCount":0,"publisher":{"@id":"https:\/\/www.coffeedesk.pl\/blog\/#organization"},"image":{"@id":"https:\/\/www.coffeedesk.pl\/blog\/kawa-po-marokansku\/#primaryimage"},"thumbnailUrl":"https:\/\/www.coffeedesk.pl\/blog\/wp-content\/uploads\/2022\/10\/51002844902_b7e16b3c81_c.jpg","keywords":["kawa z cynamonem","kawa z kardamonem","kawa z przyprawami"],"articleSection":["Kawa","Przepisy"],"inLanguage":"pl-PL","potentialAction":[{"@type":"CommentAction","name":"Comment","target":["https:\/\/www.coffeedesk.pl\/blog\/kawa-po-marokansku\/#respond"]}]},{"@type":"WebPage","@id":"https:\/\/www.coffeedesk.pl\/blog\/kawa-po-marokansku\/","url":"https:\/\/www.coffeedesk.pl\/blog\/kawa-po-marokansku\/","name":"Jak zrobi\u0107 arabsk\u0105 kaw\u0119? Przepis - Blog Coffeedesk.pl","isPartOf":{"@id":"https:\/\/www.coffeedesk.pl\/blog\/#website"},"primaryImageOfPage":{"@id":"https:\/\/www.coffeedesk.pl\/blog\/kawa-po-marokansku\/#primaryimage"},"image":{"@id":"https:\/\/www.coffeedesk.pl\/blog\/kawa-po-marokansku\/#primaryimage"},"thumbnailUrl":"https:\/\/www.coffeedesk.pl\/blog\/wp-content\/uploads\/2022\/10\/51002844902_b7e16b3c81_c.jpg","datePublished":"2022-10-02T15:51:02+00:00","dateModified":"2023-03-04T00:24:27+00:00","description":"Kawa po maroka\u0144sku idealnie sprawdzi si\u0119 jesieni\u0105 i zim\u0105, kiedy potrzebujemy wzmocnienia dobroczynnymi w\u0142a\u015bciwo\u015bciami korzennych przypraw.\u00a0","breadcrumb":{"@id":"https:\/\/www.coffeedesk.pl\/blog\/kawa-po-marokansku\/#breadcrumb"},"inLanguage":"pl-PL","potentialAction":[{"@type":"ReadAction","target":["https:\/\/www.coffeedesk.pl\/blog\/kawa-po-marokansku\/"]}]},{"@type":"ImageObject","inLanguage":"pl-PL","@id":"https:\/\/www.coffeedesk.pl\/blog\/kawa-po-marokansku\/#primaryimage","url":"https:\/\/www.coffeedesk.pl\/blog\/wp-content\/uploads\/2022\/10\/51002844902_b7e16b3c81_c.jpg","contentUrl":"https:\/\/www.coffeedesk.pl\/blog\/wp-content\/uploads\/2022\/10\/51002844902_b7e16b3c81_c.jpg","width":800,"height":534},{"@type":"BreadcrumbList","@id":"https:\/\/www.coffeedesk.pl\/blog\/kawa-po-marokansku\/#breadcrumb","itemListElement":[{"@type":"ListItem","position":1,"name":"Strona g\u0142\u00f3wna","item":"https:\/\/www.coffeedesk.pl\/blog\/"},{"@type":"ListItem","position":2,"name":"Przepis na kaw\u0119 po maroka\u0144sku \u2013 jak zrobi\u0107 arabsk\u0105 kaw\u0119?"}]},{"@type":"WebSite","@id":"https:\/\/www.coffeedesk.pl\/blog\/#website","url":"https:\/\/www.coffeedesk.pl\/blog\/","name":"Blog Coffeedesk.pl","description":"","publisher":{"@id":"https:\/\/www.coffeedesk.pl\/blog\/#organization"},"potentialAction":[{"@type":"SearchAction","target":{"@type":"EntryPoint","urlTemplate":"https:\/\/www.coffeedesk.pl\/blog\/?s={search_term_string}"},"query-input":{"@type":"PropertyValueSpecification","valueRequired":true,"valueName":"search_term_string"}}],"inLanguage":"pl-PL"},{"@type":"Organization","@id":"https:\/\/www.coffeedesk.pl\/blog\/#organization","name":"Coffeedesk.pl","url":"https:\/\/www.coffeedesk.pl\/blog\/","logo":{"@type":"ImageObject","inLanguage":"pl-PL","@id":"https:\/\/www.coffeedesk.pl\/blog\/#\/schema\/logo\/image\/","url":"https:\/\/www.coffeedesk.pl\/blog\/wp-content\/uploads\/2019\/10\/logo_color.png","contentUrl":"https:\/\/www.coffeedesk.pl\/blog\/wp-content\/uploads\/2019\/10\/logo_color.png","width":246,"height":50,"caption":"Coffeedesk.pl"},"image":{"@id":"https:\/\/www.coffeedesk.pl\/blog\/#\/schema\/logo\/image\/"}},{"@type":"Person","@id":"https:\/\/www.coffeedesk.pl\/blog\/#\/schema\/person\/c2d79a9264735066d5b429de11d73800","name":"Zuza Raubo","image":{"@type":"ImageObject","inLanguage":"pl-PL","@id":"https:\/\/www.coffeedesk.pl\/blog\/wp-content\/uploads\/2021\/03\/unnamed-e1615212370284-320x320.jpg","url":"https:\/\/www.coffeedesk.pl\/blog\/wp-content\/uploads\/2021\/03\/unnamed-e1615212370284-320x320.jpg","contentUrl":"https:\/\/www.coffeedesk.pl\/blog\/wp-content\/uploads\/2021\/03\/unnamed-e1615212370284-320x320.jpg","caption":"Zuza Raubo"},"description":"Lekkie pi\u00f3ro i lekkie uzale\u017cnienie od kawy (najlepiej maj\u0105 si\u0119 w duecie). W wolnym czasie dowodz\u0119, \u017ce istnieje cytat z Friends na ka\u017cd\u0105 okazj\u0119. Ulubiona kawa: na s\u0142o\u0144cu!","url":"https:\/\/www.coffeedesk.pl\/blog\/author\/zuza-raubo\/"}]}},"jetpack_featured_media_url":"https:\/\/www.coffeedesk.pl\/blog\/wp-content\/uploads\/2022\/10\/51002844902_b7e16b3c81_c.jpg","_links":{"self":[{"href":"https:\/\/www.coffeedesk.pl\/blog\/wp-json\/wp\/v2\/posts\/19650","targetHints":{"allow":["GET"]}}],"collection":[{"href":"https:\/\/www.coffeedesk.pl\/blog\/wp-json\/wp\/v2\/posts"}],"about":[{"href":"https:\/\/www.coffeedesk.pl\/blog\/wp-json\/wp\/v2\/types\/post"}],"author":[{"embeddable":true,"href":"https:\/\/www.coffeedesk.pl\/blog\/wp-json\/wp\/v2\/users\/64"}],"replies":[{"embeddable":true,"href":"https:\/\/www.coffeedesk.pl\/blog\/wp-json\/wp\/v2\/comments?post=19650"}],"version-history":[{"count":5,"href":"https:\/\/www.coffeedesk.pl\/blog\/wp-json\/wp\/v2\/posts\/19650\/revisions"}],"predecessor-version":[{"id":21647,"href":"https:\/\/www.coffeedesk.pl\/blog\/wp-json\/wp\/v2\/posts\/19650\/revisions\/21647"}],"wp:featuredmedia":[{"embeddable":true,"href":"https:\/\/www.coffeedesk.pl\/blog\/wp-json\/wp\/v2\/media\/19653"}],"wp:attachment":[{"href":"https:\/\/www.coffeedesk.pl\/blog\/wp-json\/wp\/v2\/media?parent=19650"}],"wp:term":[{"taxonomy":"category","embeddable":true,"href":"https:\/\/www.coffeedesk.pl\/blog\/wp-json\/wp\/v2\/categories?post=19650"},{"taxonomy":"post_tag","embeddable":true,"href":"https:\/\/www.coffeedesk.pl\/blog\/wp-json\/wp\/v2\/tags?post=19650"},{"taxonomy":"powerkit_post_featured","embeddable":true,"href":"https:\/\/www.coffeedesk.pl\/blog\/wp-json\/wp\/v2\/powerkit_post_featured?post=19650"}],"curies":[{"name":"wp","href":"https:\/\/api.w.org\/{rel}","templated":true}]}}