{"id":20901,"date":"2023-02-01T10:14:46","date_gmt":"2023-02-01T09:14:46","guid":{"rendered":"https:\/\/www.coffeedesk.pl\/blog\/?p=20901"},"modified":"2023-02-02T08:53:00","modified_gmt":"2023-02-02T07:53:00","slug":"kawy-i-herbaty-miesiaca-luty-2023","status":"publish","type":"post","link":"https:\/\/www.coffeedesk.pl\/blog\/kawy-i-herbaty-miesiaca-luty-2023\/","title":{"rendered":"Kawy i herbaty miesi\u0105ca &#8211; luty!"},"content":{"rendered":"<p><span style=\"font-weight: 400;\">Czy zdajesz sobie spraw\u0119, \u017ce ruszy\u0142 najkr\u00f3tszy miesi\u0105c w roku? Tak! Mamy luty, a wraz z nim najwa\u017cniejsze \u015bwi\u0119ta w kalendarzu: walentynki oraz t\u0142usty czwartek, co czyni go zdecydowanie wa\u017cnym miesi\u0105cem. Luty zas\u0142uguje wi\u0119c na r\u00f3wnie wyj\u0105tkowe produkty miesi\u0105ca.\u00a0<\/span><\/p>\n<p><b>Filtr\u00f3w debiutant<\/b><\/p>\n<p><span style=\"font-weight: 400;\"><a href=\"https:\/\/www.coffeedesk.pl\/nasze-marki\/lykke\/\" target=\"_blank\" rel=\"noopener\">Lykke<\/a> \u2013 oto nasz debiut w\u015br\u00f3d przelew\u00f3w miesi\u0105ca. Przyp\u0142yn\u0105\u0142 prosto ze Szwecji, gdzie kr\u00f3luje <\/span><i><span style=\"font-weight: 400;\">fika<\/span><\/i><span style=\"font-weight: 400;\"> (szw. przerwa na kaw\u0119). To m\u0142ode \u201epalarniane\u201d dziecko Johana Damgaarda, kt\u00f3rego mo\u017cecie kojarzy\u0107 z innej marki: <a href=\"https:\/\/www.coffeedesk.pl\/nasze-marki\/johan-nystrom\/\" target=\"_blank\" rel=\"noopener\">Johan &amp; Nystrom<\/a>. Mamy tu do czynienia z palarni\u0105, kt\u00f3ra ma kontakt z kaw\u0105 na ka\u017cdym etapie: od upraw (posiadaj\u0105 swoje ziemie) do palenia, pakowania, no i sprzeda\u017cy. Na lutow\u0105 rekomendacj\u0119 przelewow\u0105 trafia <a href=\"https:\/\/www.coffeedesk.pl\/product\/24650\/Przelew-Miesiaca-Lykke-Salwador-Chalatenango-Finca-La-Limonada-200G\" target=\"_blank\" rel=\"noopener\">Salwador, z plantacji Finca La Limonada,<\/a> prowadzonej przez Alfonso Landaverde. Najwa\u017cniejsze info, jakie widnieje na etykietcie, to odmiana \u2013 s\u0142odka Pacamara w obr\u00f3bce mytej.<\/span><\/p>\n<p><img  loading=\"lazy\"  decoding=\"async\"  class=\"alignnone size-full wp-image-20113 pk-lazyload\"  src=\"data:image\/png;base64,iVBORw0KGgoAAAANSUhEUgAAAx8AAAIVAQMAAACKhtA0AAAAA1BMVEUAAP+KeNJXAAAAAXRSTlMAQObYZgAAAAlwSFlzAAAOxAAADsQBlSsOGwAAAEtJREFUeNrtwQENAAAAwqD3T20ON6AAAAAAAAAAAAAAAAAAAAAAAAAAAAAAAAAAAAAAAAAAAAAAAAAAAAAAAAAAAAAAAAAAAAAATgzSSQABp\/elWgAAAABJRU5ErkJggg==\"  alt=\"\"  width=\"799\"  height=\"533\"  data-pk-sizes=\"auto\"  data-ls-sizes=\"auto, (max-width: 799px) 100vw, 799px\"  data-pk-src=\"https:\/\/www.coffeedesk.pl\/blog\/wp-content\/uploads\/2022\/10\/52102627794_d8a52b361b_c.jpg\"  data-pk-srcset=\"https:\/\/www.coffeedesk.pl\/blog\/wp-content\/uploads\/2022\/10\/52102627794_d8a52b361b_c.jpg 799w, https:\/\/www.coffeedesk.pl\/blog\/wp-content\/uploads\/2022\/10\/52102627794_d8a52b361b_c-320x213.jpg 320w, https:\/\/www.coffeedesk.pl\/blog\/wp-content\/uploads\/2022\/10\/52102627794_d8a52b361b_c-560x374.jpg 560w\" ><\/p>\n<p><strong>Hario Switch<\/strong><\/p>\n<p><span style=\"font-weight: 400;\">30 klik Comandante<br \/>\n<\/span><span style=\"font-weight: 400;\">Temp. wody 95 stopni<br \/>\n<\/span><span style=\"font-weight: 400;\">18g kawy \/ 270g wody<\/span><\/p>\n<p><span style=\"font-weight: 400;\">Mog\u0119 wszem i wobec og\u0142osi\u0107 \u015bwiatu, \u017ce zamieni\u0142em Clever dripper na <a href=\"https:\/\/www.coffeedesk.pl\/product\/10432\/Hario-Zestaw-Immersion-Switch-Drip-V60-02--Filtry\" target=\"_blank\" rel=\"noopener\">Hario Switch<\/a> i podziel\u0119 si\u0119 swoim przepisem.<\/span><\/p>\n<p><span style=\"font-weight: 400;\">3 zalania, preinfuzja na immersji 70g wody, po minucie dolewamy 100g, by rozbi\u0107 cz\u0105steczki zmielonej kawy. Po 2 minutach otwieram przep\u0142yw,\u00a0czekam 20 sekund, po czym dolewam 100g wody. Ca\u0142o\u015b\u0107 parzenia to 3:20.<\/span><\/p>\n<p><span style=\"font-weight: 400;\">Efekt? Super s\u0142odki napar, bardzo pomara\u0144czowy w smaku o lekkim body i wysokiej kwasowo\u015bci cytrynowej. W profilu czu\u0107 miodow\u0105 tekstur\u0119 oraz pestkowe owoce typu brzoskwinia czy morela. Kawa ma do\u015b\u0107 kr\u00f3tki finisz, ale cukrowo\u015b\u0107 w posmaku bardzo fajnie to nadrabia.<\/span><\/p>\n<p><strong>Chemex<br \/>\n<\/strong><span style=\"font-family: -apple-system, BlinkMacSystemFont, 'Segoe UI', Roboto, 'Helvetica Neue', Arial, 'Noto Sans', sans-serif, 'Apple Color Emoji', 'Segoe UI Emoji', 'Segoe UI Symbol', 'Noto Color Emoji';\"><br \/>\n32 klik Comandante<br \/>\n<\/span><span style=\"font-weight: 400;\">Temp. wody 96 stopni<br \/>\n<\/span><span style=\"font-weight: 400;\">30g kawy \/ 500g wody<\/span><\/p>\n<p><span style=\"font-weight: 400;\">W przypadku Chemexu r\u00f3wnie\u017c prosta receptura na 4 zalania. Preinfuzja 80g, kt\u00f3r\u0105 zostawiamy na 40 sekund, a nast\u0119pnie zalewamy do 150 g i czekamy do 1:30. Po tym czasie dolewamy do 300g, a po 2 minutach do pe\u0142nych 500. Ca\u0142o\u015b\u0107 parzenia \u2013 4:20<\/span><\/p>\n<p><span style=\"font-weight: 400;\">Chemex skr\u0119ca ku lekko\u015bci w profilu. Mamy\u00a0tu\u00a0lekkie body, czu\u0107 \u201ekompotowo\u015b\u0107\u201d w posmaku, w profilu Earl Grey, sk\u00f3rka z pomara\u0144czy i r\u00f3wnie\u017c pestkowe owoce. Du\u017co balansu mi\u0119dzy kwasowo\u015bci\u0105 a s\u0142odycz\u0105, z czego ta pierwsza przypomina herbat\u0119 z cytryn\u0105. Finisz lekki, te\u017c herbaciany. Bardzo przyjemna kawa na deszczowe poranki lub popo\u0142udnia.<\/span><\/p>\n<div id='gallery-1' class='gallery galleryid-20901 gallery-columns-2 gallery-size-full'><figure class='gallery-item'>\n\t\t\t<div class='gallery-icon portrait'>\n\t\t\t\t<a href='https:\/\/www.coffeedesk.pl\/blog\/52658214719_804114438a_c\/'><img loading=\"lazy\" decoding=\"async\" width=\"533\" height=\"799\" src=\"data:image\/png;base64,iVBORw0KGgoAAAANSUhEUgAAAhUAAAMfAQMAAABbxrfvAAAAA1BMVEUAAP+KeNJXAAAAAXRSTlMAQObYZgAAAAlwSFlzAAAOxAAADsQBlSsOGwAAAExJREFUeNrtwTEBAAAAwqD1T20ND6AAAAAAAAAAAAAAAAAAAAAAAAAAAAAAAAAAAAAAAAAAAAAAAAAAAAAAAAAAAAAAAAAAAAAA4NMA1DwAAZuHrScAAAAASUVORK5CYII=\" class=\"attachment-full size-full pk-lazyload\" alt=\"\" data-pk-sizes=\"auto\" data-ls-sizes=\"(max-width: 533px) 100vw, 533px\" data-pk-src=\"https:\/\/www.coffeedesk.pl\/blog\/wp-content\/uploads\/2023\/02\/52658214719_804114438a_c.jpg\" data-pk-srcset=\"https:\/\/www.coffeedesk.pl\/blog\/wp-content\/uploads\/2023\/02\/52658214719_804114438a_c.jpg 533w, https:\/\/www.coffeedesk.pl\/blog\/wp-content\/uploads\/2023\/02\/52658214719_804114438a_c-320x480.jpg 320w\" \/><\/a>\n\t\t\t<\/div><\/figure><figure class='gallery-item'>\n\t\t\t<div class='gallery-icon portrait'>\n\t\t\t\t<a href='https:\/\/www.coffeedesk.pl\/blog\/52657441707_9710fe33ea_c\/'><img loading=\"lazy\" decoding=\"async\" width=\"533\" height=\"799\" src=\"data:image\/png;base64,iVBORw0KGgoAAAANSUhEUgAAAhUAAAMfAQMAAABbxrfvAAAAA1BMVEUAAP+KeNJXAAAAAXRSTlMAQObYZgAAAAlwSFlzAAAOxAAADsQBlSsOGwAAAExJREFUeNrtwTEBAAAAwqD1T20ND6AAAAAAAAAAAAAAAAAAAAAAAAAAAAAAAAAAAAAAAAAAAAAAAAAAAAAAAAAAAAAAAAAAAAAA4NMA1DwAAZuHrScAAAAASUVORK5CYII=\" class=\"attachment-full size-full pk-lazyload\" alt=\"\" data-pk-sizes=\"auto\" data-ls-sizes=\"(max-width: 533px) 100vw, 533px\" data-pk-src=\"https:\/\/www.coffeedesk.pl\/blog\/wp-content\/uploads\/2023\/02\/52657441707_9710fe33ea_c.jpg\" data-pk-srcset=\"https:\/\/www.coffeedesk.pl\/blog\/wp-content\/uploads\/2023\/02\/52657441707_9710fe33ea_c.jpg 533w, https:\/\/www.coffeedesk.pl\/blog\/wp-content\/uploads\/2023\/02\/52657441707_9710fe33ea_c-320x480.jpg 320w\" \/><\/a>\n\t\t\t<\/div><\/figure>\n\t\t<\/div>\n\n<p><b>Espresso<\/b><\/p>\n<p><span style=\"font-weight: 400;\">Raz na jaki\u015b czas wracaj\u0105 tu ci dwaj gentlemani z Bydgoszczy i pokazuj\u0105, jak myta kawa mo\u017ce by\u0107 fantastyczna. <a href=\"https:\/\/www.coffeedesk.pl\/nasze-marki\/audun-coffee\/\" target=\"_blank\" rel=\"noopener\">Audun Coffee<\/a> to duet: Audun S\u00f8rbotten (mistrz \u015bwiata roastingu z 2015 roku) oraz Mateusz Karczewski (3. miejsce na mistrzostwach \u015bwiata w 2019 roku). Tym razem na espresso miesi\u0105ca trafia <a href=\"https:\/\/www.coffeedesk.pl\/product\/24652\/Espresso-Miesiaca-Audun-Coffee-Honduras-Intibuca-250G\" target=\"_blank\" rel=\"noopener\">myte ziarno z Hondurasu<\/a>. Kolektyw Intibuca to po\u0142\u0105czenie ziaren czterech farmer\u00f3w z tego regionu (Wilmer Grau, Yina Yamileth Reyes Gomez, Andres Rodriguez Hernandez i Guadalupe Rodriguez), kt\u00f3re charakteryzuje si\u0119 niesamowit\u0105 czysto\u015bci\u0105 w profilu, wyra\u017anie wyczuwaln\u0105 w espresso.<\/span><\/p>\n<p><span style=\"font-weight: 400;\">7 klik (70 micron) Comandante \/ 18,5gram kawy<br \/>\n<\/span><span style=\"font-weight: 400;\">Uzysk 34g \/ czas 28 sekund<\/span><\/p>\n<p><span style=\"font-weight: 400;\">Tym, co wyr\u00f3\u017cnia to espresso jest z\u0142o\u017cono\u015b\u0107. Z jednej strony, na pierwszy plan wysuwaj\u0105 si\u0119 migda\u0142y i karmel \u2013 bardzo intensywne. Z drugiej strony natomiast, czujemy delikatna traw\u0119 cytrynow\u0105 i czarn\u0105 herbat\u0119. Kwasowo\u015b\u0107 bardzo lekka (jak na myt\u0105 kaw\u0119), body \u015brednie, bardzo ma\u015blane, lepkie, a do tego d\u0142ugi karmelowy posmak na ko\u0144cu. Zdecydowanie polecam do ka\u017cdej kawy mlecznej. Przy typowym flat white wybije si\u0119 deserowa czekolada, marcepan oraz orzech laskowy.<\/span><\/p>\n<p><img  loading=\"lazy\"  decoding=\"async\"  class=\"alignnone size-full wp-image-20877 pk-lazyload\"  src=\"data:image\/png;base64,iVBORw0KGgoAAAANSUhEUgAAAx8AAAIVAQMAAACKhtA0AAAAA1BMVEUAAP+KeNJXAAAAAXRSTlMAQObYZgAAAAlwSFlzAAAOxAAADsQBlSsOGwAAAEtJREFUeNrtwQENAAAAwqD3T20ON6AAAAAAAAAAAAAAAAAAAAAAAAAAAAAAAAAAAAAAAAAAAAAAAAAAAAAAAAAAAAAAAAAAAAAATgzSSQABp\/elWgAAAABJRU5ErkJggg==\"  alt=\"\"  width=\"799\"  height=\"533\"  data-pk-sizes=\"auto\"  data-ls-sizes=\"auto, (max-width: 799px) 100vw, 799px\"  data-pk-src=\"https:\/\/www.coffeedesk.pl\/blog\/wp-content\/uploads\/2023\/02\/52657932251_9dca97068e_c.jpg\"  data-pk-srcset=\"https:\/\/www.coffeedesk.pl\/blog\/wp-content\/uploads\/2023\/02\/52657932251_9dca97068e_c.jpg 799w, https:\/\/www.coffeedesk.pl\/blog\/wp-content\/uploads\/2023\/02\/52657932251_9dca97068e_c-320x213.jpg 320w, https:\/\/www.coffeedesk.pl\/blog\/wp-content\/uploads\/2023\/02\/52657932251_9dca97068e_c-560x374.jpg 560w\" ><\/p>\n<p><b>Herbaty<\/b><b><br \/>\n<\/b><\/p>\n<p><b>Z greckich g\u00f3r<\/b><\/p>\n<p><span style=\"font-weight: 400;\">Pijesz zim\u0105 zio\u0142owe napary? Ja, a i owszem! <a href=\"https:\/\/www.coffeedesk.pl\/product\/24584\/Herbata-Miesiaca-By.herbs-Z-Greckich-Gor-Herbata-Ziolowa-Z-Ekstraktami-Sypana-50G\" target=\"_blank\" rel=\"noopener\">Z Greckich g\u00f3r<\/a>, wyprodukowana przez brand <a href=\"https:\/\/www.coffeedesk.pl\/nasze-marki\/by.herbs\/\" target=\"_blank\" rel=\"noopener\">By.Herbs<\/a>, to w\u0142a\u015bciwie mieszanka zi\u00f3\u0142, bo herbaty to tam nie znajdziecie. W sk\u0142ad miksu wzmacnianego naturalnymi aromatami wchodz\u0105: gojnik, trawa cytrynowa, mi\u0119ta pieprzowa oraz sk\u00f3rka pomara\u0144czy.<\/span><\/p>\n<p><strong>Spos\u00f3b parzenia:<\/strong><\/p>\n<p><span style=\"font-weight: 400;\">Wskaz\u00f3wka &#8211; polecam u\u017cy\u0107 french press&#8217;a. Oko\u0142o 5g mieszanki (1 \u0142y\u017ceczka\/kubek) zala\u0107 wrz\u0105tkiem i zostawi\u0107 pod przykryciem na oko\u0142o 15 min. Je\u015bli kto\u015b chce intensywniejszy napar, mo\u017ce spokojnie trzyma\u0107 parzenie d\u0142u\u017cej. W smaku bardzo du\u017co \u015bwie\u017co\u015bci, wynikaj\u0105cej z mi\u0119ty oraz cytrus\u00f3w. Jednocze\u015bnie dochodzi wytrawny naturalny smak prosto z gojnika.<\/span><\/p>\n<p><span style=\"font-weight: 400;\">\u015awietne po\u0142\u0105czenie ro\u015blinnych nut dla relaksu na wiecz\u00f3r.<\/span><\/p>\n<p><img  loading=\"lazy\"  decoding=\"async\"  class=\"alignnone size-full wp-image-20883 pk-lazyload\"  src=\"data:image\/png;base64,iVBORw0KGgoAAAANSUhEUgAAAx8AAAIVAQMAAACKhtA0AAAAA1BMVEUAAP+KeNJXAAAAAXRSTlMAQObYZgAAAAlwSFlzAAAOxAAADsQBlSsOGwAAAEtJREFUeNrtwQENAAAAwqD3T20ON6AAAAAAAAAAAAAAAAAAAAAAAAAAAAAAAAAAAAAAAAAAAAAAAAAAAAAAAAAAAAAAAAAAAAAATgzSSQABp\/elWgAAAABJRU5ErkJggg==\"  alt=\"\"  width=\"799\"  height=\"533\"  data-pk-sizes=\"auto\"  data-ls-sizes=\"auto, (max-width: 799px) 100vw, 799px\"  data-pk-src=\"https:\/\/www.coffeedesk.pl\/blog\/wp-content\/uploads\/2023\/02\/52658380880_b8b28ebebe_c.jpg\"  data-pk-srcset=\"https:\/\/www.coffeedesk.pl\/blog\/wp-content\/uploads\/2023\/02\/52658380880_b8b28ebebe_c.jpg 799w, https:\/\/www.coffeedesk.pl\/blog\/wp-content\/uploads\/2023\/02\/52658380880_b8b28ebebe_c-320x213.jpg 320w, https:\/\/www.coffeedesk.pl\/blog\/wp-content\/uploads\/2023\/02\/52658380880_b8b28ebebe_c-560x374.jpg 560w\" ><\/p>\n<p><b>In The Mood For Love<\/b><\/p>\n<p><span style=\"font-weight: 400;\">Kolejny raz do herbat miesi\u0105ca trafia berli\u0144ska herbaciarnia <a href=\"https:\/\/www.coffeedesk.pl\/nasze-marki\/paper-tea\/\" target=\"_blank\" rel=\"noopener\">Paper&amp;Tea<\/a>. <a href=\"https:\/\/www.coffeedesk.pl\/product\/24477\/Herbata-Miesiaca-Paper-And-Tea-In-The-Mood-For-Love-Herbata-Sypana-80G\" target=\"_blank\" rel=\"noopener\">Yin Hao Jasmine<\/a> to pi\u0119kna zielona herbata z regionu Fujian. Organiczna herbata o pi\u0119knym ja\u015bminowym aromacie.<\/span><\/p>\n<p><span style=\"font-weight: 400;\"><strong>Spos\u00f3b parzenia:<\/strong><br \/>\n<\/span><span style=\"font-weight: 400;\">5g \/ 500ml<br \/>\n<\/span><span style=\"font-weight: 400;\">1:40 min \/ 80 stopni\u00a0<\/span><\/p>\n<p><span style=\"font-weight: 400;\">Urodziwy napar w limonkowym kolorze. Nie brakuje w nim oczywi\u015bcie ja\u015bminu, kt\u00f3ry podkre\u015bla bardzo przyjemn\u0105 jedwabn\u0105 tekstur\u0119. W\u0142a\u015bnie ja\u015bminowy aromat wprawi was w przyjemny, niemal walentynkowy nastr\u00f3j.<\/span><\/p>\n<p><img  loading=\"lazy\"  decoding=\"async\"  class=\"alignnone size-full wp-image-20881 pk-lazyload\"  src=\"data:image\/png;base64,iVBORw0KGgoAAAANSUhEUgAAAx8AAAIVAQMAAACKhtA0AAAAA1BMVEUAAP+KeNJXAAAAAXRSTlMAQObYZgAAAAlwSFlzAAAOxAAADsQBlSsOGwAAAEtJREFUeNrtwQENAAAAwqD3T20ON6AAAAAAAAAAAAAAAAAAAAAAAAAAAAAAAAAAAAAAAAAAAAAAAAAAAAAAAAAAAAAAAAAAAAAATgzSSQABp\/elWgAAAABJRU5ErkJggg==\"  alt=\"\"  width=\"799\"  height=\"533\"  data-pk-sizes=\"auto\"  data-ls-sizes=\"auto, (max-width: 799px) 100vw, 799px\"  data-pk-src=\"https:\/\/www.coffeedesk.pl\/blog\/wp-content\/uploads\/2023\/02\/52658380545_16b572e7ae_c.jpg\"  data-pk-srcset=\"https:\/\/www.coffeedesk.pl\/blog\/wp-content\/uploads\/2023\/02\/52658380545_16b572e7ae_c.jpg 799w, https:\/\/www.coffeedesk.pl\/blog\/wp-content\/uploads\/2023\/02\/52658380545_16b572e7ae_c-320x213.jpg 320w, https:\/\/www.coffeedesk.pl\/blog\/wp-content\/uploads\/2023\/02\/52658380545_16b572e7ae_c-560x374.jpg 560w\" ><\/p>\n<p><span style=\"font-weight: 400;\">Idzie luty, podkuj buty \u2013 mawiaj\u0105. Pami\u0119tajcie wi\u0119c, by nadal si\u0119 grubo ubiera\u0107, bo nigdy nie wiecie, kiedy sroga zima zn\u00f3w uderzy. A pr\u00f3cz ciep\u0142ych ciuch\u00f3w, zadbajcie o r\u00f3wnie ciep\u0142e napary.<\/span><\/p>\n<p><span style=\"font-weight: 400;\">Trzymajcie si\u0119 tam!<\/span><span style=\"font-weight: 400;\"><br \/>\n<\/span><span style=\"font-weight: 400;\">Kuba<\/span><\/p>\n<p>&nbsp;<\/p>\n","protected":false},"excerpt":{"rendered":"<div class=\"post-excerpt\">Czy zdajesz sobie spraw\u0119, \u017ce ruszy\u0142 najkr\u00f3tszy miesi\u0105c w roku? Tak! Mamy luty, a wraz z nim najwa\u017cniejsze \u015bwi\u0119ta w kalendarzu: walentynki oraz t\u0142usty czwartek, co czyni go zdecydowanie wa\u017cnym&hellip;<\/div>\n<div class=\"post-more\"><a href=\"https:\/\/www.coffeedesk.pl\/blog\/kawy-i-herbaty-miesiaca-luty-2023\/\" class=\"button button-primary button-effect\"><span>Czytaj wpis<\/span><span><i class=\"cs-icon cs-icon-arrow-right\"><\/i><\/span><\/a><\/div>\n","protected":false},"author":65,"featured_media":20875,"comment_status":"open","ping_status":"open","sticky":false,"template":"","format":"standard","meta":{"_acf_changed":false,"footnotes":""},"categories":[34,41,37],"tags":[1872,218,811],"powerkit_post_featured":[],"class_list":{"0":"post-20901","1":"post","2":"type-post","3":"status-publish","4":"format-standard","5":"has-post-thumbnail","7":"category-kawa","8":"category-speciality","9":"category-ziarna","10":"tag-herbata-miesiaca","11":"tag-kawa-miesiaca","12":"tag-kawa-specialty"},"acf":[],"author_display_name":"Kuba Kalusi\u0144ski","author_url":"https:\/\/www.coffeedesk.pl\/blog\/author\/kuba-kalusinski\/","featured_image":"https:\/\/www.coffeedesk.pl\/blog\/wp-content\/uploads\/2023\/02\/52657930966_eeda6f7d5e_c.jpg","post_tags":["herbata miesi\u0105ca","kawa miesi\u0105ca","kawa specialty"],"post_categories":["Kawa","Speciality","Ziarna"],"yoast_head":"<!-- This site is optimized with the Yoast SEO plugin v27.4 - https:\/\/yoast.com\/product\/yoast-seo-wordpress\/ -->\n<title>Kawy i herbaty miesi\u0105ca - luty! - Blog Coffeedesk.pl<\/title>\n<meta name=\"description\" content=\"Luty to najwa\u017cniejsze \u015bwi\u0119ta w kalendarzu: walentynki oraz t\u0142usty czwartek, zas\u0142uguje wi\u0119c na r\u00f3wnie wyj\u0105tkowe produkty miesi\u0105ca!\" \/>\n<meta name=\"robots\" content=\"index, follow, max-snippet:-1, max-image-preview:large, max-video-preview:-1\" \/>\n<link rel=\"canonical\" href=\"https:\/\/www.coffeedesk.pl\/blog\/kawy-i-herbaty-miesiaca-luty-2023\/\" \/>\n<meta property=\"og:locale\" content=\"pl_PL\" \/>\n<meta property=\"og:type\" content=\"article\" \/>\n<meta property=\"og:title\" content=\"Kawy i herbaty miesi\u0105ca - luty! - Blog Coffeedesk.pl\" \/>\n<meta property=\"og:description\" content=\"Luty to najwa\u017cniejsze \u015bwi\u0119ta w kalendarzu: walentynki oraz t\u0142usty czwartek, zas\u0142uguje wi\u0119c na r\u00f3wnie wyj\u0105tkowe produkty miesi\u0105ca!\" \/>\n<meta property=\"og:url\" content=\"https:\/\/www.coffeedesk.pl\/blog\/kawy-i-herbaty-miesiaca-luty-2023\/\" \/>\n<meta property=\"og:site_name\" content=\"Blog Coffeedesk.pl\" \/>\n<meta property=\"article:published_time\" content=\"2023-02-01T09:14:46+00:00\" \/>\n<meta property=\"article:modified_time\" content=\"2023-02-02T07:53:00+00:00\" \/>\n<meta property=\"og:image\" content=\"https:\/\/www.coffeedesk.pl\/blog\/wp-content\/uploads\/2023\/02\/52657930966_eeda6f7d5e_c.jpg\" \/>\n\t<meta property=\"og:image:width\" content=\"799\" \/>\n\t<meta property=\"og:image:height\" content=\"533\" \/>\n\t<meta property=\"og:image:type\" content=\"image\/jpeg\" \/>\n<meta name=\"author\" content=\"Kuba Kalusi\u0144ski\" \/>\n<meta name=\"twitter:card\" content=\"summary_large_image\" \/>\n<meta name=\"twitter:label1\" content=\"Napisane przez\" \/>\n\t<meta name=\"twitter:data1\" content=\"Kuba Kalusi\u0144ski\" \/>\n\t<meta name=\"twitter:label2\" content=\"Szacowany czas czytania\" \/>\n\t<meta name=\"twitter:data2\" content=\"6 minut\" \/>\n<script type=\"application\/ld+json\" class=\"yoast-schema-graph\">{\"@context\":\"https:\\\/\\\/schema.org\",\"@graph\":[{\"@type\":\"Article\",\"@id\":\"https:\\\/\\\/www.coffeedesk.pl\\\/blog\\\/kawy-i-herbaty-miesiaca-luty-2023\\\/#article\",\"isPartOf\":{\"@id\":\"https:\\\/\\\/www.coffeedesk.pl\\\/blog\\\/kawy-i-herbaty-miesiaca-luty-2023\\\/\"},\"author\":{\"name\":\"Kuba Kalusi\u0144ski\",\"@id\":\"https:\\\/\\\/www.coffeedesk.pl\\\/blog\\\/#\\\/schema\\\/person\\\/6fca09326bf04096f87a2746e371a53f\"},\"headline\":\"Kawy i herbaty miesi\u0105ca &#8211; luty!\",\"datePublished\":\"2023-02-01T09:14:46+00:00\",\"dateModified\":\"2023-02-02T07:53:00+00:00\",\"mainEntityOfPage\":{\"@id\":\"https:\\\/\\\/www.coffeedesk.pl\\\/blog\\\/kawy-i-herbaty-miesiaca-luty-2023\\\/\"},\"wordCount\":817,\"commentCount\":0,\"publisher\":{\"@id\":\"https:\\\/\\\/www.coffeedesk.pl\\\/blog\\\/#organization\"},\"image\":{\"@id\":\"https:\\\/\\\/www.coffeedesk.pl\\\/blog\\\/kawy-i-herbaty-miesiaca-luty-2023\\\/#primaryimage\"},\"thumbnailUrl\":\"https:\\\/\\\/www.coffeedesk.pl\\\/blog\\\/wp-content\\\/uploads\\\/2023\\\/02\\\/52657930966_eeda6f7d5e_c.jpg\",\"keywords\":[\"herbata miesi\u0105ca\",\"kawa miesi\u0105ca\",\"kawa specialty\"],\"articleSection\":[\"Kawa\",\"Speciality\",\"Ziarna\"],\"inLanguage\":\"pl-PL\",\"potentialAction\":[{\"@type\":\"CommentAction\",\"name\":\"Comment\",\"target\":[\"https:\\\/\\\/www.coffeedesk.pl\\\/blog\\\/kawy-i-herbaty-miesiaca-luty-2023\\\/#respond\"]}]},{\"@type\":\"WebPage\",\"@id\":\"https:\\\/\\\/www.coffeedesk.pl\\\/blog\\\/kawy-i-herbaty-miesiaca-luty-2023\\\/\",\"url\":\"https:\\\/\\\/www.coffeedesk.pl\\\/blog\\\/kawy-i-herbaty-miesiaca-luty-2023\\\/\",\"name\":\"Kawy i herbaty miesi\u0105ca - luty! - Blog Coffeedesk.pl\",\"isPartOf\":{\"@id\":\"https:\\\/\\\/www.coffeedesk.pl\\\/blog\\\/#website\"},\"primaryImageOfPage\":{\"@id\":\"https:\\\/\\\/www.coffeedesk.pl\\\/blog\\\/kawy-i-herbaty-miesiaca-luty-2023\\\/#primaryimage\"},\"image\":{\"@id\":\"https:\\\/\\\/www.coffeedesk.pl\\\/blog\\\/kawy-i-herbaty-miesiaca-luty-2023\\\/#primaryimage\"},\"thumbnailUrl\":\"https:\\\/\\\/www.coffeedesk.pl\\\/blog\\\/wp-content\\\/uploads\\\/2023\\\/02\\\/52657930966_eeda6f7d5e_c.jpg\",\"datePublished\":\"2023-02-01T09:14:46+00:00\",\"dateModified\":\"2023-02-02T07:53:00+00:00\",\"description\":\"Luty to najwa\u017cniejsze \u015bwi\u0119ta w kalendarzu: walentynki oraz t\u0142usty czwartek, zas\u0142uguje wi\u0119c na r\u00f3wnie wyj\u0105tkowe produkty miesi\u0105ca!\",\"breadcrumb\":{\"@id\":\"https:\\\/\\\/www.coffeedesk.pl\\\/blog\\\/kawy-i-herbaty-miesiaca-luty-2023\\\/#breadcrumb\"},\"inLanguage\":\"pl-PL\",\"potentialAction\":[{\"@type\":\"ReadAction\",\"target\":[\"https:\\\/\\\/www.coffeedesk.pl\\\/blog\\\/kawy-i-herbaty-miesiaca-luty-2023\\\/\"]}]},{\"@type\":\"ImageObject\",\"inLanguage\":\"pl-PL\",\"@id\":\"https:\\\/\\\/www.coffeedesk.pl\\\/blog\\\/kawy-i-herbaty-miesiaca-luty-2023\\\/#primaryimage\",\"url\":\"https:\\\/\\\/www.coffeedesk.pl\\\/blog\\\/wp-content\\\/uploads\\\/2023\\\/02\\\/52657930966_eeda6f7d5e_c.jpg\",\"contentUrl\":\"https:\\\/\\\/www.coffeedesk.pl\\\/blog\\\/wp-content\\\/uploads\\\/2023\\\/02\\\/52657930966_eeda6f7d5e_c.jpg\",\"width\":799,\"height\":533},{\"@type\":\"BreadcrumbList\",\"@id\":\"https:\\\/\\\/www.coffeedesk.pl\\\/blog\\\/kawy-i-herbaty-miesiaca-luty-2023\\\/#breadcrumb\",\"itemListElement\":[{\"@type\":\"ListItem\",\"position\":1,\"name\":\"Strona g\u0142\u00f3wna\",\"item\":\"https:\\\/\\\/www.coffeedesk.pl\\\/blog\\\/\"},{\"@type\":\"ListItem\",\"position\":2,\"name\":\"Kawy i herbaty miesi\u0105ca &#8211; luty!\"}]},{\"@type\":\"WebSite\",\"@id\":\"https:\\\/\\\/www.coffeedesk.pl\\\/blog\\\/#website\",\"url\":\"https:\\\/\\\/www.coffeedesk.pl\\\/blog\\\/\",\"name\":\"Blog Coffeedesk.pl\",\"description\":\"\",\"publisher\":{\"@id\":\"https:\\\/\\\/www.coffeedesk.pl\\\/blog\\\/#organization\"},\"potentialAction\":[{\"@type\":\"SearchAction\",\"target\":{\"@type\":\"EntryPoint\",\"urlTemplate\":\"https:\\\/\\\/www.coffeedesk.pl\\\/blog\\\/?s={search_term_string}\"},\"query-input\":{\"@type\":\"PropertyValueSpecification\",\"valueRequired\":true,\"valueName\":\"search_term_string\"}}],\"inLanguage\":\"pl-PL\"},{\"@type\":\"Organization\",\"@id\":\"https:\\\/\\\/www.coffeedesk.pl\\\/blog\\\/#organization\",\"name\":\"Coffeedesk.pl\",\"url\":\"https:\\\/\\\/www.coffeedesk.pl\\\/blog\\\/\",\"logo\":{\"@type\":\"ImageObject\",\"inLanguage\":\"pl-PL\",\"@id\":\"https:\\\/\\\/www.coffeedesk.pl\\\/blog\\\/#\\\/schema\\\/logo\\\/image\\\/\",\"url\":\"https:\\\/\\\/www.coffeedesk.pl\\\/blog\\\/wp-content\\\/uploads\\\/2019\\\/10\\\/logo_color.png\",\"contentUrl\":\"https:\\\/\\\/www.coffeedesk.pl\\\/blog\\\/wp-content\\\/uploads\\\/2019\\\/10\\\/logo_color.png\",\"width\":246,\"height\":50,\"caption\":\"Coffeedesk.pl\"},\"image\":{\"@id\":\"https:\\\/\\\/www.coffeedesk.pl\\\/blog\\\/#\\\/schema\\\/logo\\\/image\\\/\"}},{\"@type\":\"Person\",\"@id\":\"https:\\\/\\\/www.coffeedesk.pl\\\/blog\\\/#\\\/schema\\\/person\\\/6fca09326bf04096f87a2746e371a53f\",\"name\":\"Kuba Kalusi\u0144ski\",\"image\":{\"@type\":\"ImageObject\",\"inLanguage\":\"pl-PL\",\"@id\":\"https:\\\/\\\/www.coffeedesk.pl\\\/blog\\\/wp-content\\\/uploads\\\/2021\\\/04\\\/DSC09561small-320x320.jpg\",\"url\":\"https:\\\/\\\/www.coffeedesk.pl\\\/blog\\\/wp-content\\\/uploads\\\/2021\\\/04\\\/DSC09561small-320x320.jpg\",\"contentUrl\":\"https:\\\/\\\/www.coffeedesk.pl\\\/blog\\\/wp-content\\\/uploads\\\/2021\\\/04\\\/DSC09561small-320x320.jpg\",\"caption\":\"Kuba Kalusi\u0144ski\"},\"description\":\"\\\"Bran\u017ca kawowa to taki sport, tyle \u017ce w gastronomii\\\". Ch\u0142opak z W\u0105growca, mieszkaj\u0105cy w Poznaniu. By\u0142y Brisman (chocia\u017c mentalnie zawsze nim b\u0119d\u0119), 1\\\/2 za\u0142ogi DearJudges, oraz 1\\\/1 za\u0142ogi Guest Coffee. Skupiam si\u0119 na tworzeniu kultury kawowej, i ca\u0142kiem dobrze mi to wychodzi.\",\"url\":\"https:\\\/\\\/www.coffeedesk.pl\\\/blog\\\/author\\\/kuba-kalusinski\\\/\"}]}<\/script>\n<!-- \/ Yoast SEO plugin. -->","yoast_head_json":{"title":"Kawy i herbaty miesi\u0105ca - luty! - Blog Coffeedesk.pl","description":"Luty to najwa\u017cniejsze \u015bwi\u0119ta w kalendarzu: walentynki oraz t\u0142usty czwartek, zas\u0142uguje wi\u0119c na r\u00f3wnie wyj\u0105tkowe produkty miesi\u0105ca!","robots":{"index":"index","follow":"follow","max-snippet":"max-snippet:-1","max-image-preview":"max-image-preview:large","max-video-preview":"max-video-preview:-1"},"canonical":"https:\/\/www.coffeedesk.pl\/blog\/kawy-i-herbaty-miesiaca-luty-2023\/","og_locale":"pl_PL","og_type":"article","og_title":"Kawy i herbaty miesi\u0105ca - luty! - Blog Coffeedesk.pl","og_description":"Luty to najwa\u017cniejsze \u015bwi\u0119ta w kalendarzu: walentynki oraz t\u0142usty czwartek, zas\u0142uguje wi\u0119c na r\u00f3wnie wyj\u0105tkowe produkty miesi\u0105ca!","og_url":"https:\/\/www.coffeedesk.pl\/blog\/kawy-i-herbaty-miesiaca-luty-2023\/","og_site_name":"Blog Coffeedesk.pl","article_published_time":"2023-02-01T09:14:46+00:00","article_modified_time":"2023-02-02T07:53:00+00:00","og_image":[{"width":799,"height":533,"url":"https:\/\/www.coffeedesk.pl\/blog\/wp-content\/uploads\/2023\/02\/52657930966_eeda6f7d5e_c.jpg","type":"image\/jpeg"}],"author":"Kuba Kalusi\u0144ski","twitter_card":"summary_large_image","twitter_misc":{"Napisane przez":"Kuba Kalusi\u0144ski","Szacowany czas czytania":"6 minut"},"schema":{"@context":"https:\/\/schema.org","@graph":[{"@type":"Article","@id":"https:\/\/www.coffeedesk.pl\/blog\/kawy-i-herbaty-miesiaca-luty-2023\/#article","isPartOf":{"@id":"https:\/\/www.coffeedesk.pl\/blog\/kawy-i-herbaty-miesiaca-luty-2023\/"},"author":{"name":"Kuba Kalusi\u0144ski","@id":"https:\/\/www.coffeedesk.pl\/blog\/#\/schema\/person\/6fca09326bf04096f87a2746e371a53f"},"headline":"Kawy i herbaty miesi\u0105ca &#8211; luty!","datePublished":"2023-02-01T09:14:46+00:00","dateModified":"2023-02-02T07:53:00+00:00","mainEntityOfPage":{"@id":"https:\/\/www.coffeedesk.pl\/blog\/kawy-i-herbaty-miesiaca-luty-2023\/"},"wordCount":817,"commentCount":0,"publisher":{"@id":"https:\/\/www.coffeedesk.pl\/blog\/#organization"},"image":{"@id":"https:\/\/www.coffeedesk.pl\/blog\/kawy-i-herbaty-miesiaca-luty-2023\/#primaryimage"},"thumbnailUrl":"https:\/\/www.coffeedesk.pl\/blog\/wp-content\/uploads\/2023\/02\/52657930966_eeda6f7d5e_c.jpg","keywords":["herbata miesi\u0105ca","kawa miesi\u0105ca","kawa specialty"],"articleSection":["Kawa","Speciality","Ziarna"],"inLanguage":"pl-PL","potentialAction":[{"@type":"CommentAction","name":"Comment","target":["https:\/\/www.coffeedesk.pl\/blog\/kawy-i-herbaty-miesiaca-luty-2023\/#respond"]}]},{"@type":"WebPage","@id":"https:\/\/www.coffeedesk.pl\/blog\/kawy-i-herbaty-miesiaca-luty-2023\/","url":"https:\/\/www.coffeedesk.pl\/blog\/kawy-i-herbaty-miesiaca-luty-2023\/","name":"Kawy i herbaty miesi\u0105ca - luty! - Blog Coffeedesk.pl","isPartOf":{"@id":"https:\/\/www.coffeedesk.pl\/blog\/#website"},"primaryImageOfPage":{"@id":"https:\/\/www.coffeedesk.pl\/blog\/kawy-i-herbaty-miesiaca-luty-2023\/#primaryimage"},"image":{"@id":"https:\/\/www.coffeedesk.pl\/blog\/kawy-i-herbaty-miesiaca-luty-2023\/#primaryimage"},"thumbnailUrl":"https:\/\/www.coffeedesk.pl\/blog\/wp-content\/uploads\/2023\/02\/52657930966_eeda6f7d5e_c.jpg","datePublished":"2023-02-01T09:14:46+00:00","dateModified":"2023-02-02T07:53:00+00:00","description":"Luty to najwa\u017cniejsze \u015bwi\u0119ta w kalendarzu: walentynki oraz t\u0142usty czwartek, zas\u0142uguje wi\u0119c na r\u00f3wnie wyj\u0105tkowe produkty miesi\u0105ca!","breadcrumb":{"@id":"https:\/\/www.coffeedesk.pl\/blog\/kawy-i-herbaty-miesiaca-luty-2023\/#breadcrumb"},"inLanguage":"pl-PL","potentialAction":[{"@type":"ReadAction","target":["https:\/\/www.coffeedesk.pl\/blog\/kawy-i-herbaty-miesiaca-luty-2023\/"]}]},{"@type":"ImageObject","inLanguage":"pl-PL","@id":"https:\/\/www.coffeedesk.pl\/blog\/kawy-i-herbaty-miesiaca-luty-2023\/#primaryimage","url":"https:\/\/www.coffeedesk.pl\/blog\/wp-content\/uploads\/2023\/02\/52657930966_eeda6f7d5e_c.jpg","contentUrl":"https:\/\/www.coffeedesk.pl\/blog\/wp-content\/uploads\/2023\/02\/52657930966_eeda6f7d5e_c.jpg","width":799,"height":533},{"@type":"BreadcrumbList","@id":"https:\/\/www.coffeedesk.pl\/blog\/kawy-i-herbaty-miesiaca-luty-2023\/#breadcrumb","itemListElement":[{"@type":"ListItem","position":1,"name":"Strona g\u0142\u00f3wna","item":"https:\/\/www.coffeedesk.pl\/blog\/"},{"@type":"ListItem","position":2,"name":"Kawy i herbaty miesi\u0105ca &#8211; luty!"}]},{"@type":"WebSite","@id":"https:\/\/www.coffeedesk.pl\/blog\/#website","url":"https:\/\/www.coffeedesk.pl\/blog\/","name":"Blog Coffeedesk.pl","description":"","publisher":{"@id":"https:\/\/www.coffeedesk.pl\/blog\/#organization"},"potentialAction":[{"@type":"SearchAction","target":{"@type":"EntryPoint","urlTemplate":"https:\/\/www.coffeedesk.pl\/blog\/?s={search_term_string}"},"query-input":{"@type":"PropertyValueSpecification","valueRequired":true,"valueName":"search_term_string"}}],"inLanguage":"pl-PL"},{"@type":"Organization","@id":"https:\/\/www.coffeedesk.pl\/blog\/#organization","name":"Coffeedesk.pl","url":"https:\/\/www.coffeedesk.pl\/blog\/","logo":{"@type":"ImageObject","inLanguage":"pl-PL","@id":"https:\/\/www.coffeedesk.pl\/blog\/#\/schema\/logo\/image\/","url":"https:\/\/www.coffeedesk.pl\/blog\/wp-content\/uploads\/2019\/10\/logo_color.png","contentUrl":"https:\/\/www.coffeedesk.pl\/blog\/wp-content\/uploads\/2019\/10\/logo_color.png","width":246,"height":50,"caption":"Coffeedesk.pl"},"image":{"@id":"https:\/\/www.coffeedesk.pl\/blog\/#\/schema\/logo\/image\/"}},{"@type":"Person","@id":"https:\/\/www.coffeedesk.pl\/blog\/#\/schema\/person\/6fca09326bf04096f87a2746e371a53f","name":"Kuba Kalusi\u0144ski","image":{"@type":"ImageObject","inLanguage":"pl-PL","@id":"https:\/\/www.coffeedesk.pl\/blog\/wp-content\/uploads\/2021\/04\/DSC09561small-320x320.jpg","url":"https:\/\/www.coffeedesk.pl\/blog\/wp-content\/uploads\/2021\/04\/DSC09561small-320x320.jpg","contentUrl":"https:\/\/www.coffeedesk.pl\/blog\/wp-content\/uploads\/2021\/04\/DSC09561small-320x320.jpg","caption":"Kuba Kalusi\u0144ski"},"description":"\"Bran\u017ca kawowa to taki sport, tyle \u017ce w gastronomii\". Ch\u0142opak z W\u0105growca, mieszkaj\u0105cy w Poznaniu. By\u0142y Brisman (chocia\u017c mentalnie zawsze nim b\u0119d\u0119), 1\/2 za\u0142ogi DearJudges, oraz 1\/1 za\u0142ogi Guest Coffee. Skupiam si\u0119 na tworzeniu kultury kawowej, i ca\u0142kiem dobrze mi to wychodzi.","url":"https:\/\/www.coffeedesk.pl\/blog\/author\/kuba-kalusinski\/"}]}},"jetpack_featured_media_url":"https:\/\/www.coffeedesk.pl\/blog\/wp-content\/uploads\/2023\/02\/52657930966_eeda6f7d5e_c.jpg","_links":{"self":[{"href":"https:\/\/www.coffeedesk.pl\/blog\/wp-json\/wp\/v2\/posts\/20901","targetHints":{"allow":["GET"]}}],"collection":[{"href":"https:\/\/www.coffeedesk.pl\/blog\/wp-json\/wp\/v2\/posts"}],"about":[{"href":"https:\/\/www.coffeedesk.pl\/blog\/wp-json\/wp\/v2\/types\/post"}],"author":[{"embeddable":true,"href":"https:\/\/www.coffeedesk.pl\/blog\/wp-json\/wp\/v2\/users\/65"}],"replies":[{"embeddable":true,"href":"https:\/\/www.coffeedesk.pl\/blog\/wp-json\/wp\/v2\/comments?post=20901"}],"version-history":[{"count":6,"href":"https:\/\/www.coffeedesk.pl\/blog\/wp-json\/wp\/v2\/posts\/20901\/revisions"}],"predecessor-version":[{"id":20913,"href":"https:\/\/www.coffeedesk.pl\/blog\/wp-json\/wp\/v2\/posts\/20901\/revisions\/20913"}],"wp:featuredmedia":[{"embeddable":true,"href":"https:\/\/www.coffeedesk.pl\/blog\/wp-json\/wp\/v2\/media\/20875"}],"wp:attachment":[{"href":"https:\/\/www.coffeedesk.pl\/blog\/wp-json\/wp\/v2\/media?parent=20901"}],"wp:term":[{"taxonomy":"category","embeddable":true,"href":"https:\/\/www.coffeedesk.pl\/blog\/wp-json\/wp\/v2\/categories?post=20901"},{"taxonomy":"post_tag","embeddable":true,"href":"https:\/\/www.coffeedesk.pl\/blog\/wp-json\/wp\/v2\/tags?post=20901"},{"taxonomy":"powerkit_post_featured","embeddable":true,"href":"https:\/\/www.coffeedesk.pl\/blog\/wp-json\/wp\/v2\/powerkit_post_featured?post=20901"}],"curies":[{"name":"wp","href":"https:\/\/api.w.org\/{rel}","templated":true}]}}