{"id":2150,"date":"2017-04-03T18:17:36","date_gmt":"2017-04-03T16:17:36","guid":{"rendered":"https:\/\/www.coffeedesk.pl\/blog\/?p=2150\/"},"modified":"2023-02-18T19:50:18","modified_gmt":"2023-02-18T18:50:18","slug":"espresso-miesiaca-kwiecien-nordbeans","status":"publish","type":"post","link":"https:\/\/www.coffeedesk.pl\/blog\/espresso-miesiaca-kwiecien-nordbeans\/","title":{"rendered":"Espresso Miesi\u0105ca: Kwiecie\u0144: Klasycznie czy sowizdrzalsko? To Tw\u00f3j wyb\u00f3r!"},"content":{"rendered":"<p><strong><big>Czeskie miasto Liberec b\u0119dzie kojarzy\u0107 mi si\u0119 od dzi\u015b nie tylko ze skokami narciarskimi! W moje r\u0119ce wpad\u0142a wypalona tam\u017ce pod espresso, przez palarni\u0119 Nordbeans, Kolumbia Ex\u00f3tico \u2013 nasze nowe espresso miesi\u0105ca. Oto, jak wypad\u0142a w te\u015bcie. Bro\u0144 w d\u0142o\u0144!<\/big><\/strong><\/p>\n<p>Do czynienia mamy tu z klasycznymi dla kraju pochodzenia odmianami arabiki jako\u015bci specialty: caturr\u0105 i castillo, w obr\u00f3bce na mokro. Ziarna pochodz\u0105 z kilku ma\u0142ych farm po\u0142o\u017conych w p\u00f3\u0142nocno-zachodnim regionie Antioquia, niedaleko granicy z Panam\u0105. \u201eTo najlepsza kawa jak\u0105 pr\u00f3bowali\u015bmy podczas naszej podr\u00f3\u017cy do Kolumbii. Cieszymy si\u0119, \u017ce uda\u0142o si\u0119 j\u0105 kupi\u0107.\u201d Tak m\u00f3wi\u0105 czescy palacze, w\u015br\u00f3d kt\u00f3rych, mam nadziej\u0119, nie ma Karla Kopfrkingla \ud83d\ude09<\/p>\n<p><img  loading=\"lazy\"  decoding=\"async\"  class=\"aligncenter size-full wp-image-2141 pk-lazyload\"  src=\"data:image\/png;base64,iVBORw0KGgoAAAANSUhEUgAAAAEAAAABAQMAAAAl21bKAAAAA1BMVEUAAP+KeNJXAAAAAXRSTlMAQObYZgAAAAlwSFlzAAAOxAAADsQBlSsOGwAAAApJREFUCNdjYAAAAAIAAeIhvDMAAAAASUVORK5CYII=\"  alt=\"espresso miesi\u0105ca kwiecie\u0144\"  width=\"1920\"  height=\"1280\"  data-pk-sizes=\"auto\"  data-ls-sizes=\"auto, (max-width: 1920px) 100vw, 1920px\"  data-pk-src=\"https:\/\/www.coffeedesk.pl\/blog\/wp-content\/uploads\/2017\/03\/IMG_8597.jpg\"  data-pk-srcset=\"https:\/\/www.coffeedesk.pl\/blog\/wp-content\/uploads\/2017\/03\/IMG_8597.jpg 1920w, https:\/\/www.coffeedesk.pl\/blog\/wp-content\/uploads\/2017\/03\/IMG_8597-800x533.jpg 800w, https:\/\/www.coffeedesk.pl\/blog\/wp-content\/uploads\/2017\/03\/IMG_8597-1160x773.jpg 1160w, https:\/\/www.coffeedesk.pl\/blog\/wp-content\/uploads\/2017\/03\/IMG_8597-320x213.jpg 320w, https:\/\/www.coffeedesk.pl\/blog\/wp-content\/uploads\/2017\/03\/IMG_8597-560x373.jpg 560w\" ><br \/>\nSuchy aromat obfituje zdecydowanie przyjemnymi, intensywnymi zapachami maillardowymi: deserow\u0105 czekolad\u0105, kakao i karmelem. Nie znajduj\u0119 wyra\u017anych aromat\u00f3w owocowych, lecz z nadziej\u0105 czekam na napar. Espresso pachnie orzechami laskowymi, czekolad\u0105, nugatem, wanili\u0105. To wszystko prze\u0142amane subtelnie aromatem czerwonych owoc\u00f3w. Uff!<\/p>\n<p>Okazuje si\u0119, \u017ce Kolumbia Ex\u00f3tica to kawa, kt\u00f3ra oferuje nam szeroki \u201ezakres pyszno\u015bci\u201d. Napary d\u0142u\u017csze, w proporcji 1:2.25, daj\u0105 du\u017co klasycznych smak\u00f3w w postaci wysokiej, rozci\u0105gni\u0119tej s\u0142odyczy deserowej czekolady i karmelu, orzech\u00f3w w\u0142oskich, prze\u0142amanych lekk\u0105 owocowo\u015bci\u0105 cytrus\u00f3w, z r\u00f3\u017cowym grejpfrutem w dominancie. W espresso zaparzonym kr\u00f3cej, w proporcji 1:2, musuj\u0105ce charakterystyki czerwonych owoc\u00f3w oraz grejpfruta, graj\u0105c pierwsze skrzypce, przywodz\u0105 mi na my\u015bl lemoniad\u0119. S\u0142odycz jest nieznacznie ni\u017csza. Klasyka<br \/>\nzdejmuje p\u0142aszcz i obna\u017ca funky styl, a w tle zaczynaj\u0105 lecie\u0107 nagrania z Motown.<\/p>\n<p><img  loading=\"lazy\"  decoding=\"async\"  class=\"aligncenter size-full wp-image-2148 pk-lazyload\"  src=\"data:image\/png;base64,iVBORw0KGgoAAAANSUhEUgAAAAEAAAABAQMAAAAl21bKAAAAA1BMVEUAAP+KeNJXAAAAAXRSTlMAQObYZgAAAAlwSFlzAAAOxAAADsQBlSsOGwAAAApJREFUCNdjYAAAAAIAAeIhvDMAAAAASUVORK5CYII=\"  alt=\"espresso miesi\u0105ca kawa miesi\u0105ca\"  width=\"1920\"  height=\"1280\"  data-pk-sizes=\"auto\"  data-ls-sizes=\"auto, (max-width: 1920px) 100vw, 1920px\"  data-pk-src=\"https:\/\/www.coffeedesk.pl\/blog\/wp-content\/uploads\/2017\/03\/IMG_8627.jpg\"  data-pk-srcset=\"https:\/\/www.coffeedesk.pl\/blog\/wp-content\/uploads\/2017\/03\/IMG_8627.jpg 1920w, https:\/\/www.coffeedesk.pl\/blog\/wp-content\/uploads\/2017\/03\/IMG_8627-800x533.jpg 800w, https:\/\/www.coffeedesk.pl\/blog\/wp-content\/uploads\/2017\/03\/IMG_8627-1160x773.jpg 1160w, https:\/\/www.coffeedesk.pl\/blog\/wp-content\/uploads\/2017\/03\/IMG_8627-320x213.jpg 320w, https:\/\/www.coffeedesk.pl\/blog\/wp-content\/uploads\/2017\/03\/IMG_8627-560x373.jpg 560w\" ><\/p>\n<p>Obydwie wersje espresso cechuj\u0105 si\u0119 g\u0142adkim, kr\u0105g\u0142ym i bardzo przyjemnym body. Posmak \u015brednio intensywny, kakaowo-nugatowy. Po\u0142\u0105czona ze spienionym mlekiem, jako cappuccino lub flat white, kawa uderza smakowym podobie\u0144stwem do lod\u00f3w orzechowych. Mamy tu wi\u0119c espresso uniwersalne!<\/p>\n<p>Wyb\u00f3r pomi\u0119dzy opcj\u0105 bardziej klasyczn\u0105 lub bardziej funkow\u0105, a na dodatek \u015bwietnie pasuj\u0105ce w mleku.<\/p>\n<p>Obydwie receptury oraz parametry sprz\u0119towe:<br \/>\n<strong>m\u0142ynek:<\/strong> Mythos One<br \/>\n<strong>ekspres:<\/strong> La Marzocco Linea PB AV<br \/>\n<strong>ci\u015bnienie:<\/strong> 9 bar\u00f3w<br \/>\n<strong>woda RO:<\/strong> 130 ppm<\/p>\n<p>Kwietniowe espresso miesi\u0105ca to idealny bufor do przej\u015bcia od ci\u0119\u017cszych, klasycznych, cz\u0119sto po\u017c\u0105danych w kawie smak\u00f3w, do \u015bwie\u017cej owocowo\u015bci oraz nut odrobin\u0119 bardziej z\u0142o\u017conych i l\u017cejszych, stanowi\u0105cych kwintesencj\u0119 dobrze zaparzonej kawy jako\u015bci specialty. Zdecyduj sam, kt\u00f3r\u0105 pigu\u0142k\u0119 wybierzesz!<\/p>\n<blockquote><p>doza: 16 g<br \/>\nuzysk: 36 g<br \/>\nczas: 29-31 s.<br \/>\nprofil: s\u0142odycz deserowej czekolady i karmelu, orzechy w\u0142oskie, lekka kwasowo\u015b\u0107 cytrus\u00f3w, posmak kakao, nugatu<\/p>\n<p>doza: 16 g<br \/>\nuzysk: 32 g<br \/>\nczas: 27-29 s.<br \/>\nprofil: musuj\u0105ca owocowo\u015b\u0107 grejpfruta i czerwonych owoc\u00f3w, s\u0142odycz czekolady, posmak kakao i nugatu<\/p><\/blockquote>\n<p style=\"text-align: center;\"><a href=\"https:\/\/www.coffeedesk.pl\/kawa\/odkryj\/kawa-miesiaca\/\" target=\"_blank\" rel=\"noopener noreferrer\"><img  loading=\"lazy\"  decoding=\"async\"  class=\"aligncenter size-full wp-image-1319 pk-lazyload\"  src=\"data:image\/png;base64,iVBORw0KGgoAAAANSUhEUgAAAAEAAAABAQMAAAAl21bKAAAAA1BMVEUAAP+KeNJXAAAAAXRSTlMAQObYZgAAAAlwSFlzAAAOxAAADsQBlSsOGwAAAApJREFUCNdjYAAAAAIAAeIhvDMAAAAASUVORK5CYII=\"  alt=\"Zam\u00f3w Teraz!\"  width=\"200\"  height=\"71\"  data-pk-sizes=\"auto\"  data-pk-src=\"https:\/\/www.coffeedesk.pl\/blog\/wp-content\/uploads\/2016\/10\/zamow_2.png\" ><\/a><\/p>\n","protected":false},"excerpt":{"rendered":"<div class=\"post-excerpt\">Czeskie miasto Liberec b\u0119dzie kojarzy\u0107 mi si\u0119 od dzi\u015b nie tylko ze skokami narciarskimi! W moje r\u0119ce wpad\u0142a wypalona tam\u017ce pod espresso, przez palarni\u0119 Nordbeans, Kolumbia Ex\u00f3tico \u2013 nasze nowe&hellip;<\/div>\n<div class=\"post-more\"><a href=\"https:\/\/www.coffeedesk.pl\/blog\/espresso-miesiaca-kwiecien-nordbeans\/\" class=\"button button-primary button-effect\"><span>Czytaj wpis<\/span><span><i class=\"cs-icon cs-icon-arrow-right\"><\/i><\/span><\/a><\/div>\n","protected":false},"author":25,"featured_media":2140,"comment_status":"open","ping_status":"open","sticky":false,"template":"","format":"standard","meta":{"_acf_changed":false,"footnotes":""},"categories":[34,39,38,41,37],"tags":[213,168,330,218,278,501,377,148],"powerkit_post_featured":[],"class_list":{"0":"post-2150","1":"post","2":"type-post","3":"status-publish","4":"format-standard","5":"has-post-thumbnail","7":"category-kawa","8":"category-palarnie","9":"category-przepisy","10":"category-speciality","11":"category-ziarna","12":"tag-cappuccino","13":"tag-espresso","14":"tag-espresso-miesiaca","15":"tag-kawa-miesiaca","16":"tag-kolumbia","17":"tag-kwiecien","18":"tag-promocja","19":"tag-przepis"},"acf":[],"author_display_name":"Piotr Je\u017cewski","author_url":"https:\/\/www.coffeedesk.pl\/blog\/author\/piotrjezewski\/","featured_image":"https:\/\/www.coffeedesk.pl\/blog\/wp-content\/uploads\/2017\/03\/IMG_8609-800x533.jpg","post_tags":["cappuccino","espresso","espresso miesi\u0105ca","kawa miesi\u0105ca","kolumbia","kwiecie\u0144","promocja","przepis"],"post_categories":["Kawa","Palarnie","Przepisy","Speciality","Ziarna"],"yoast_head":"<!-- This site is optimized with the Yoast SEO plugin v27.4 - https:\/\/yoast.com\/product\/yoast-seo-wordpress\/ -->\n<title>Espresso Miesi\u0105ca: Kwiecie\u0144: Kolumbia Klasyczna - Kolumbia Wsp\u00f3\u0142czesna - Blog CoffeeDesk.pl<\/title>\n<meta name=\"description\" content=\"Espresso Miesi\u0105ca w kwietniu to propozycja dla ka\u017cdego - fan\u00f3w klasycznego espresso, jak i tych poszukuj\u0105cych nowoczesnych trend\u00f3w. Gratka jakich ma\u0142o!\" \/>\n<meta name=\"robots\" content=\"index, follow, max-snippet:-1, max-image-preview:large, max-video-preview:-1\" \/>\n<link rel=\"canonical\" href=\"https:\/\/www.coffeedesk.pl\/blog\/espresso-miesiaca-kwiecien-nordbeans\/\" \/>\n<meta property=\"og:locale\" content=\"pl_PL\" \/>\n<meta property=\"og:type\" content=\"article\" \/>\n<meta property=\"og:title\" content=\"Espresso Miesi\u0105ca: Kwiecie\u0144: Kolumbia Klasyczna - Kolumbia Wsp\u00f3\u0142czesna - Blog CoffeeDesk.pl\" \/>\n<meta property=\"og:description\" content=\"Espresso Miesi\u0105ca w kwietniu to propozycja dla ka\u017cdego - fan\u00f3w klasycznego espresso, jak i tych poszukuj\u0105cych nowoczesnych trend\u00f3w. Gratka jakich ma\u0142o!\" \/>\n<meta property=\"og:url\" content=\"https:\/\/www.coffeedesk.pl\/blog\/espresso-miesiaca-kwiecien-nordbeans\/\" \/>\n<meta property=\"og:site_name\" content=\"Blog Coffeedesk.pl\" \/>\n<meta property=\"article:author\" content=\"https:\/\/www.facebook.com\/heresy.coffee\" \/>\n<meta property=\"article:published_time\" content=\"2017-04-03T16:17:36+00:00\" \/>\n<meta property=\"article:modified_time\" content=\"2023-02-18T18:50:18+00:00\" \/>\n<meta property=\"og:image\" content=\"https:\/\/www.coffeedesk.pl\/blog\/wp-content\/uploads\/2017\/03\/IMG_8609.jpg\" \/>\n\t<meta property=\"og:image:width\" content=\"1920\" \/>\n\t<meta property=\"og:image:height\" content=\"1280\" \/>\n\t<meta property=\"og:image:type\" content=\"image\/jpeg\" \/>\n<meta name=\"author\" content=\"Piotr Je\u017cewski\" \/>\n<meta name=\"twitter:card\" content=\"summary_large_image\" \/>\n<meta name=\"twitter:description\" content=\"Espresso Miesi\u0105ca w kwietniu to propozycja dla ka\u017cdego - fan\u00f3w klasycznego espresso, jak i tych poszukuj\u0105cych nowoczesnych trend\u00f3w. Gratka jakich ma\u0142o!\" \/>\n<meta name=\"twitter:label1\" content=\"Napisane przez\" \/>\n\t<meta name=\"twitter:data1\" content=\"Piotr Je\u017cewski\" \/>\n\t<meta name=\"twitter:label2\" content=\"Szacowany czas czytania\" \/>\n\t<meta name=\"twitter:data2\" content=\"3 minuty\" \/>\n<script type=\"application\/ld+json\" class=\"yoast-schema-graph\">{\"@context\":\"https:\\\/\\\/schema.org\",\"@graph\":[{\"@type\":\"Article\",\"@id\":\"https:\\\/\\\/www.coffeedesk.pl\\\/blog\\\/espresso-miesiaca-kwiecien-nordbeans\\\/#article\",\"isPartOf\":{\"@id\":\"https:\\\/\\\/www.coffeedesk.pl\\\/blog\\\/espresso-miesiaca-kwiecien-nordbeans\\\/\"},\"author\":{\"name\":\"Piotr Je\u017cewski\",\"@id\":\"https:\\\/\\\/www.coffeedesk.pl\\\/blog\\\/#\\\/schema\\\/person\\\/a7fcc4a800bbfe6fcac6a029e7ecef02\"},\"headline\":\"Espresso Miesi\u0105ca: Kwiecie\u0144: Klasycznie czy sowizdrzalsko? To Tw\u00f3j wyb\u00f3r!\",\"datePublished\":\"2017-04-03T16:17:36+00:00\",\"dateModified\":\"2023-02-18T18:50:18+00:00\",\"mainEntityOfPage\":{\"@id\":\"https:\\\/\\\/www.coffeedesk.pl\\\/blog\\\/espresso-miesiaca-kwiecien-nordbeans\\\/\"},\"wordCount\":471,\"commentCount\":0,\"publisher\":{\"@id\":\"https:\\\/\\\/www.coffeedesk.pl\\\/blog\\\/#organization\"},\"image\":{\"@id\":\"https:\\\/\\\/www.coffeedesk.pl\\\/blog\\\/espresso-miesiaca-kwiecien-nordbeans\\\/#primaryimage\"},\"thumbnailUrl\":\"https:\\\/\\\/www.coffeedesk.pl\\\/blog\\\/wp-content\\\/uploads\\\/2017\\\/03\\\/IMG_8609.jpg\",\"keywords\":[\"cappuccino\",\"espresso\",\"espresso miesi\u0105ca\",\"kawa miesi\u0105ca\",\"kolumbia\",\"kwiecie\u0144\",\"promocja\",\"przepis\"],\"articleSection\":[\"Kawa\",\"Palarnie\",\"Przepisy\",\"Speciality\",\"Ziarna\"],\"inLanguage\":\"pl-PL\",\"potentialAction\":[{\"@type\":\"CommentAction\",\"name\":\"Comment\",\"target\":[\"https:\\\/\\\/www.coffeedesk.pl\\\/blog\\\/espresso-miesiaca-kwiecien-nordbeans\\\/#respond\"]}]},{\"@type\":\"WebPage\",\"@id\":\"https:\\\/\\\/www.coffeedesk.pl\\\/blog\\\/espresso-miesiaca-kwiecien-nordbeans\\\/\",\"url\":\"https:\\\/\\\/www.coffeedesk.pl\\\/blog\\\/espresso-miesiaca-kwiecien-nordbeans\\\/\",\"name\":\"Espresso Miesi\u0105ca: Kwiecie\u0144: Kolumbia Klasyczna - Kolumbia Wsp\u00f3\u0142czesna - Blog CoffeeDesk.pl\",\"isPartOf\":{\"@id\":\"https:\\\/\\\/www.coffeedesk.pl\\\/blog\\\/#website\"},\"primaryImageOfPage\":{\"@id\":\"https:\\\/\\\/www.coffeedesk.pl\\\/blog\\\/espresso-miesiaca-kwiecien-nordbeans\\\/#primaryimage\"},\"image\":{\"@id\":\"https:\\\/\\\/www.coffeedesk.pl\\\/blog\\\/espresso-miesiaca-kwiecien-nordbeans\\\/#primaryimage\"},\"thumbnailUrl\":\"https:\\\/\\\/www.coffeedesk.pl\\\/blog\\\/wp-content\\\/uploads\\\/2017\\\/03\\\/IMG_8609.jpg\",\"datePublished\":\"2017-04-03T16:17:36+00:00\",\"dateModified\":\"2023-02-18T18:50:18+00:00\",\"description\":\"Espresso Miesi\u0105ca w kwietniu to propozycja dla ka\u017cdego - fan\u00f3w klasycznego espresso, jak i tych poszukuj\u0105cych nowoczesnych trend\u00f3w. Gratka jakich ma\u0142o!\",\"breadcrumb\":{\"@id\":\"https:\\\/\\\/www.coffeedesk.pl\\\/blog\\\/espresso-miesiaca-kwiecien-nordbeans\\\/#breadcrumb\"},\"inLanguage\":\"pl-PL\",\"potentialAction\":[{\"@type\":\"ReadAction\",\"target\":[\"https:\\\/\\\/www.coffeedesk.pl\\\/blog\\\/espresso-miesiaca-kwiecien-nordbeans\\\/\"]}]},{\"@type\":\"ImageObject\",\"inLanguage\":\"pl-PL\",\"@id\":\"https:\\\/\\\/www.coffeedesk.pl\\\/blog\\\/espresso-miesiaca-kwiecien-nordbeans\\\/#primaryimage\",\"url\":\"https:\\\/\\\/www.coffeedesk.pl\\\/blog\\\/wp-content\\\/uploads\\\/2017\\\/03\\\/IMG_8609.jpg\",\"contentUrl\":\"https:\\\/\\\/www.coffeedesk.pl\\\/blog\\\/wp-content\\\/uploads\\\/2017\\\/03\\\/IMG_8609.jpg\",\"width\":1920,\"height\":1280,\"caption\":\"espresso miesi\u0105ca\"},{\"@type\":\"BreadcrumbList\",\"@id\":\"https:\\\/\\\/www.coffeedesk.pl\\\/blog\\\/espresso-miesiaca-kwiecien-nordbeans\\\/#breadcrumb\",\"itemListElement\":[{\"@type\":\"ListItem\",\"position\":1,\"name\":\"Strona g\u0142\u00f3wna\",\"item\":\"https:\\\/\\\/www.coffeedesk.pl\\\/blog\\\/\"},{\"@type\":\"ListItem\",\"position\":2,\"name\":\"Espresso Miesi\u0105ca: Kwiecie\u0144: Klasycznie czy sowizdrzalsko? To Tw\u00f3j wyb\u00f3r!\"}]},{\"@type\":\"WebSite\",\"@id\":\"https:\\\/\\\/www.coffeedesk.pl\\\/blog\\\/#website\",\"url\":\"https:\\\/\\\/www.coffeedesk.pl\\\/blog\\\/\",\"name\":\"Blog Coffeedesk.pl\",\"description\":\"\",\"publisher\":{\"@id\":\"https:\\\/\\\/www.coffeedesk.pl\\\/blog\\\/#organization\"},\"potentialAction\":[{\"@type\":\"SearchAction\",\"target\":{\"@type\":\"EntryPoint\",\"urlTemplate\":\"https:\\\/\\\/www.coffeedesk.pl\\\/blog\\\/?s={search_term_string}\"},\"query-input\":{\"@type\":\"PropertyValueSpecification\",\"valueRequired\":true,\"valueName\":\"search_term_string\"}}],\"inLanguage\":\"pl-PL\"},{\"@type\":\"Organization\",\"@id\":\"https:\\\/\\\/www.coffeedesk.pl\\\/blog\\\/#organization\",\"name\":\"Coffeedesk.pl\",\"url\":\"https:\\\/\\\/www.coffeedesk.pl\\\/blog\\\/\",\"logo\":{\"@type\":\"ImageObject\",\"inLanguage\":\"pl-PL\",\"@id\":\"https:\\\/\\\/www.coffeedesk.pl\\\/blog\\\/#\\\/schema\\\/logo\\\/image\\\/\",\"url\":\"https:\\\/\\\/www.coffeedesk.pl\\\/blog\\\/wp-content\\\/uploads\\\/2019\\\/10\\\/logo_color.png\",\"contentUrl\":\"https:\\\/\\\/www.coffeedesk.pl\\\/blog\\\/wp-content\\\/uploads\\\/2019\\\/10\\\/logo_color.png\",\"width\":246,\"height\":50,\"caption\":\"Coffeedesk.pl\"},\"image\":{\"@id\":\"https:\\\/\\\/www.coffeedesk.pl\\\/blog\\\/#\\\/schema\\\/logo\\\/image\\\/\"}},{\"@type\":\"Person\",\"@id\":\"https:\\\/\\\/www.coffeedesk.pl\\\/blog\\\/#\\\/schema\\\/person\\\/a7fcc4a800bbfe6fcac6a029e7ecef02\",\"name\":\"Piotr Je\u017cewski\",\"image\":{\"@type\":\"ImageObject\",\"inLanguage\":\"pl-PL\",\"@id\":\"https:\\\/\\\/www.coffeedesk.pl\\\/blog\\\/wp-content\\\/uploads\\\/2016\\\/09\\\/IMG_0743-320x320.jpg\",\"url\":\"https:\\\/\\\/www.coffeedesk.pl\\\/blog\\\/wp-content\\\/uploads\\\/2016\\\/09\\\/IMG_0743-320x320.jpg\",\"contentUrl\":\"https:\\\/\\\/www.coffeedesk.pl\\\/blog\\\/wp-content\\\/uploads\\\/2016\\\/09\\\/IMG_0743-320x320.jpg\",\"caption\":\"Piotr Je\u017cewski\"},\"description\":\"W kawie od 2012. Ni to d\u0142ugo, ni to kr\u00f3tko, tak my\u015bl\u0119! Wsp\u00f3\u0142tw\u00f3rca palarni Heresy Reformed Coffee, green coffee buyer, roaster, konsultant, Q-Grader. Mam szcz\u0119\u015bcie do ludzi. Tak dla logiki, kaw z Hondurasu, g\u00f3r i herbatki. Nie dla miejskich legend, \u015blepej wiary w autorytety i mi\u0119ska. S\u0142onecznego dnia!\",\"sameAs\":[\"http:\\\/\\\/www.heresy.coffee\",\"https:\\\/\\\/www.facebook.com\\\/heresy.coffee\",\"https:\\\/\\\/www.instagram.com\\\/pio_jez\\\/?hl=pl\"],\"url\":\"https:\\\/\\\/www.coffeedesk.pl\\\/blog\\\/author\\\/piotrjezewski\\\/\"}]}<\/script>\n<!-- \/ Yoast SEO plugin. -->","yoast_head_json":{"title":"Espresso Miesi\u0105ca: Kwiecie\u0144: Kolumbia Klasyczna - Kolumbia Wsp\u00f3\u0142czesna - Blog CoffeeDesk.pl","description":"Espresso Miesi\u0105ca w kwietniu to propozycja dla ka\u017cdego - fan\u00f3w klasycznego espresso, jak i tych poszukuj\u0105cych nowoczesnych trend\u00f3w. Gratka jakich ma\u0142o!","robots":{"index":"index","follow":"follow","max-snippet":"max-snippet:-1","max-image-preview":"max-image-preview:large","max-video-preview":"max-video-preview:-1"},"canonical":"https:\/\/www.coffeedesk.pl\/blog\/espresso-miesiaca-kwiecien-nordbeans\/","og_locale":"pl_PL","og_type":"article","og_title":"Espresso Miesi\u0105ca: Kwiecie\u0144: Kolumbia Klasyczna - Kolumbia Wsp\u00f3\u0142czesna - Blog CoffeeDesk.pl","og_description":"Espresso Miesi\u0105ca w kwietniu to propozycja dla ka\u017cdego - fan\u00f3w klasycznego espresso, jak i tych poszukuj\u0105cych nowoczesnych trend\u00f3w. Gratka jakich ma\u0142o!","og_url":"https:\/\/www.coffeedesk.pl\/blog\/espresso-miesiaca-kwiecien-nordbeans\/","og_site_name":"Blog Coffeedesk.pl","article_author":"https:\/\/www.facebook.com\/heresy.coffee","article_published_time":"2017-04-03T16:17:36+00:00","article_modified_time":"2023-02-18T18:50:18+00:00","og_image":[{"width":1920,"height":1280,"url":"https:\/\/www.coffeedesk.pl\/blog\/wp-content\/uploads\/2017\/03\/IMG_8609.jpg","type":"image\/jpeg"}],"author":"Piotr Je\u017cewski","twitter_card":"summary_large_image","twitter_description":"Espresso Miesi\u0105ca w kwietniu to propozycja dla ka\u017cdego - fan\u00f3w klasycznego espresso, jak i tych poszukuj\u0105cych nowoczesnych trend\u00f3w. Gratka jakich ma\u0142o!","twitter_misc":{"Napisane przez":"Piotr Je\u017cewski","Szacowany czas czytania":"3 minuty"},"schema":{"@context":"https:\/\/schema.org","@graph":[{"@type":"Article","@id":"https:\/\/www.coffeedesk.pl\/blog\/espresso-miesiaca-kwiecien-nordbeans\/#article","isPartOf":{"@id":"https:\/\/www.coffeedesk.pl\/blog\/espresso-miesiaca-kwiecien-nordbeans\/"},"author":{"name":"Piotr Je\u017cewski","@id":"https:\/\/www.coffeedesk.pl\/blog\/#\/schema\/person\/a7fcc4a800bbfe6fcac6a029e7ecef02"},"headline":"Espresso Miesi\u0105ca: Kwiecie\u0144: Klasycznie czy sowizdrzalsko? To Tw\u00f3j wyb\u00f3r!","datePublished":"2017-04-03T16:17:36+00:00","dateModified":"2023-02-18T18:50:18+00:00","mainEntityOfPage":{"@id":"https:\/\/www.coffeedesk.pl\/blog\/espresso-miesiaca-kwiecien-nordbeans\/"},"wordCount":471,"commentCount":0,"publisher":{"@id":"https:\/\/www.coffeedesk.pl\/blog\/#organization"},"image":{"@id":"https:\/\/www.coffeedesk.pl\/blog\/espresso-miesiaca-kwiecien-nordbeans\/#primaryimage"},"thumbnailUrl":"https:\/\/www.coffeedesk.pl\/blog\/wp-content\/uploads\/2017\/03\/IMG_8609.jpg","keywords":["cappuccino","espresso","espresso miesi\u0105ca","kawa miesi\u0105ca","kolumbia","kwiecie\u0144","promocja","przepis"],"articleSection":["Kawa","Palarnie","Przepisy","Speciality","Ziarna"],"inLanguage":"pl-PL","potentialAction":[{"@type":"CommentAction","name":"Comment","target":["https:\/\/www.coffeedesk.pl\/blog\/espresso-miesiaca-kwiecien-nordbeans\/#respond"]}]},{"@type":"WebPage","@id":"https:\/\/www.coffeedesk.pl\/blog\/espresso-miesiaca-kwiecien-nordbeans\/","url":"https:\/\/www.coffeedesk.pl\/blog\/espresso-miesiaca-kwiecien-nordbeans\/","name":"Espresso Miesi\u0105ca: Kwiecie\u0144: Kolumbia Klasyczna - Kolumbia Wsp\u00f3\u0142czesna - Blog CoffeeDesk.pl","isPartOf":{"@id":"https:\/\/www.coffeedesk.pl\/blog\/#website"},"primaryImageOfPage":{"@id":"https:\/\/www.coffeedesk.pl\/blog\/espresso-miesiaca-kwiecien-nordbeans\/#primaryimage"},"image":{"@id":"https:\/\/www.coffeedesk.pl\/blog\/espresso-miesiaca-kwiecien-nordbeans\/#primaryimage"},"thumbnailUrl":"https:\/\/www.coffeedesk.pl\/blog\/wp-content\/uploads\/2017\/03\/IMG_8609.jpg","datePublished":"2017-04-03T16:17:36+00:00","dateModified":"2023-02-18T18:50:18+00:00","description":"Espresso Miesi\u0105ca w kwietniu to propozycja dla ka\u017cdego - fan\u00f3w klasycznego espresso, jak i tych poszukuj\u0105cych nowoczesnych trend\u00f3w. Gratka jakich ma\u0142o!","breadcrumb":{"@id":"https:\/\/www.coffeedesk.pl\/blog\/espresso-miesiaca-kwiecien-nordbeans\/#breadcrumb"},"inLanguage":"pl-PL","potentialAction":[{"@type":"ReadAction","target":["https:\/\/www.coffeedesk.pl\/blog\/espresso-miesiaca-kwiecien-nordbeans\/"]}]},{"@type":"ImageObject","inLanguage":"pl-PL","@id":"https:\/\/www.coffeedesk.pl\/blog\/espresso-miesiaca-kwiecien-nordbeans\/#primaryimage","url":"https:\/\/www.coffeedesk.pl\/blog\/wp-content\/uploads\/2017\/03\/IMG_8609.jpg","contentUrl":"https:\/\/www.coffeedesk.pl\/blog\/wp-content\/uploads\/2017\/03\/IMG_8609.jpg","width":1920,"height":1280,"caption":"espresso miesi\u0105ca"},{"@type":"BreadcrumbList","@id":"https:\/\/www.coffeedesk.pl\/blog\/espresso-miesiaca-kwiecien-nordbeans\/#breadcrumb","itemListElement":[{"@type":"ListItem","position":1,"name":"Strona g\u0142\u00f3wna","item":"https:\/\/www.coffeedesk.pl\/blog\/"},{"@type":"ListItem","position":2,"name":"Espresso Miesi\u0105ca: Kwiecie\u0144: Klasycznie czy sowizdrzalsko? To Tw\u00f3j wyb\u00f3r!"}]},{"@type":"WebSite","@id":"https:\/\/www.coffeedesk.pl\/blog\/#website","url":"https:\/\/www.coffeedesk.pl\/blog\/","name":"Blog Coffeedesk.pl","description":"","publisher":{"@id":"https:\/\/www.coffeedesk.pl\/blog\/#organization"},"potentialAction":[{"@type":"SearchAction","target":{"@type":"EntryPoint","urlTemplate":"https:\/\/www.coffeedesk.pl\/blog\/?s={search_term_string}"},"query-input":{"@type":"PropertyValueSpecification","valueRequired":true,"valueName":"search_term_string"}}],"inLanguage":"pl-PL"},{"@type":"Organization","@id":"https:\/\/www.coffeedesk.pl\/blog\/#organization","name":"Coffeedesk.pl","url":"https:\/\/www.coffeedesk.pl\/blog\/","logo":{"@type":"ImageObject","inLanguage":"pl-PL","@id":"https:\/\/www.coffeedesk.pl\/blog\/#\/schema\/logo\/image\/","url":"https:\/\/www.coffeedesk.pl\/blog\/wp-content\/uploads\/2019\/10\/logo_color.png","contentUrl":"https:\/\/www.coffeedesk.pl\/blog\/wp-content\/uploads\/2019\/10\/logo_color.png","width":246,"height":50,"caption":"Coffeedesk.pl"},"image":{"@id":"https:\/\/www.coffeedesk.pl\/blog\/#\/schema\/logo\/image\/"}},{"@type":"Person","@id":"https:\/\/www.coffeedesk.pl\/blog\/#\/schema\/person\/a7fcc4a800bbfe6fcac6a029e7ecef02","name":"Piotr Je\u017cewski","image":{"@type":"ImageObject","inLanguage":"pl-PL","@id":"https:\/\/www.coffeedesk.pl\/blog\/wp-content\/uploads\/2016\/09\/IMG_0743-320x320.jpg","url":"https:\/\/www.coffeedesk.pl\/blog\/wp-content\/uploads\/2016\/09\/IMG_0743-320x320.jpg","contentUrl":"https:\/\/www.coffeedesk.pl\/blog\/wp-content\/uploads\/2016\/09\/IMG_0743-320x320.jpg","caption":"Piotr Je\u017cewski"},"description":"W kawie od 2012. Ni to d\u0142ugo, ni to kr\u00f3tko, tak my\u015bl\u0119! Wsp\u00f3\u0142tw\u00f3rca palarni Heresy Reformed Coffee, green coffee buyer, roaster, konsultant, Q-Grader. Mam szcz\u0119\u015bcie do ludzi. Tak dla logiki, kaw z Hondurasu, g\u00f3r i herbatki. Nie dla miejskich legend, \u015blepej wiary w autorytety i mi\u0119ska. S\u0142onecznego dnia!","sameAs":["http:\/\/www.heresy.coffee","https:\/\/www.facebook.com\/heresy.coffee","https:\/\/www.instagram.com\/pio_jez\/?hl=pl"],"url":"https:\/\/www.coffeedesk.pl\/blog\/author\/piotrjezewski\/"}]}},"jetpack_featured_media_url":"https:\/\/www.coffeedesk.pl\/blog\/wp-content\/uploads\/2017\/03\/IMG_8609.jpg","_links":{"self":[{"href":"https:\/\/www.coffeedesk.pl\/blog\/wp-json\/wp\/v2\/posts\/2150","targetHints":{"allow":["GET"]}}],"collection":[{"href":"https:\/\/www.coffeedesk.pl\/blog\/wp-json\/wp\/v2\/posts"}],"about":[{"href":"https:\/\/www.coffeedesk.pl\/blog\/wp-json\/wp\/v2\/types\/post"}],"author":[{"embeddable":true,"href":"https:\/\/www.coffeedesk.pl\/blog\/wp-json\/wp\/v2\/users\/25"}],"replies":[{"embeddable":true,"href":"https:\/\/www.coffeedesk.pl\/blog\/wp-json\/wp\/v2\/comments?post=2150"}],"version-history":[{"count":10,"href":"https:\/\/www.coffeedesk.pl\/blog\/wp-json\/wp\/v2\/posts\/2150\/revisions"}],"predecessor-version":[{"id":21229,"href":"https:\/\/www.coffeedesk.pl\/blog\/wp-json\/wp\/v2\/posts\/2150\/revisions\/21229"}],"wp:featuredmedia":[{"embeddable":true,"href":"https:\/\/www.coffeedesk.pl\/blog\/wp-json\/wp\/v2\/media\/2140"}],"wp:attachment":[{"href":"https:\/\/www.coffeedesk.pl\/blog\/wp-json\/wp\/v2\/media?parent=2150"}],"wp:term":[{"taxonomy":"category","embeddable":true,"href":"https:\/\/www.coffeedesk.pl\/blog\/wp-json\/wp\/v2\/categories?post=2150"},{"taxonomy":"post_tag","embeddable":true,"href":"https:\/\/www.coffeedesk.pl\/blog\/wp-json\/wp\/v2\/tags?post=2150"},{"taxonomy":"powerkit_post_featured","embeddable":true,"href":"https:\/\/www.coffeedesk.pl\/blog\/wp-json\/wp\/v2\/powerkit_post_featured?post=2150"}],"curies":[{"name":"wp","href":"https:\/\/api.w.org\/{rel}","templated":true}]}}