{"id":2276,"date":"2017-05-18T20:16:51","date_gmt":"2017-05-18T18:16:51","guid":{"rendered":"https:\/\/www.coffeedesk.pl\/blog\/?p=2276\/"},"modified":"2023-02-24T14:04:16","modified_gmt":"2023-02-24T13:04:16","slug":"espresso-miesiaca-maj-audun","status":"publish","type":"post","link":"https:\/\/www.coffeedesk.pl\/blog\/espresso-miesiaca-maj-audun\/","title":{"rendered":"Espresso Miesi\u0105ca: Maj: Czekolada, truskawki, jagody, klasyka!"},"content":{"rendered":"<p><strong><big>Espresso Miesi\u0105ca to jest to! Ma zaskakuj\u0105ce oblicza i niejedno imi\u0119. W zwie si\u0119 Teresa. I kr\u0119ci z Audunem&#8230;<\/big><\/strong><\/p>\n<h2 id=\"slowem-wstepu\">S\u0142owem wst\u0119pu<\/h2>\n<p>Espresso Miesi\u0105ca, nad kt\u00f3rym si\u0119 jaki\u015b czas temu rozwodzi\u0142em na \u0142amach tego bloga sp\u0119dza mi sen z powiek. Po pierwsze dlatego, \u017ce moi kawiarniani go\u015bcie powtarzaj\u0105 mi, \u017ce zam\u00f3wienie ma\u0142ej czarnej przysparza im wiele nerw\u00f3w \u017ceby tylko z przyzwyczajenia nie wcisn\u0105\u0107 w \u015brodek s\u0142owa kilku dodatkowych literek, co daje oczywisty efekt w wymowie.<\/p>\n<p>Po drugie dlatego, \u017ce codziennie rano w kawiarni musz\u0119 spi\u0107 minimalnie dwa albo trzy podw\u00f3jne szoty, czyli nawet po wi\u0119kszym nocnym posiedzeniu mam zagwarantowane oczy jak pi\u0119\u0107 z\u0142otych.<\/p>\n<p>Ale nie o tym \ud83d\ude09 Chocia\u017c, w sumie troch\u0119 o tym.<\/p>\n<p>Kiedy ju\u017c sam nabieram energii po kilku strza\u0142ach do dzia\u0142ania i proponowania moim go\u015bciom kawki na pierwszy raz, zazwyczaj pytam, czy mo\u017ce chc\u0105 spr\u00f3bowa\u0107 espresso jako\u015bci speciality. Mam to szcz\u0119\u015bcie, \u017ce osoba chc\u0105ca si\u0119 napi\u0107 kawy cz\u0119sto przystaje na t\u0119 propozycj\u0119, jednak to dopiero pocz\u0105tek ca\u0142ej przygody z ma\u0142\u0105 dawk\u0105 wielkiego szcz\u0119\u015bcia.<\/p>\n<p><img  loading=\"lazy\"  decoding=\"async\"  class=\"aligncenter size-full wp-image-2281 pk-lazyload\"  src=\"data:image\/png;base64,iVBORw0KGgoAAAANSUhEUgAAAAEAAAABAQMAAAAl21bKAAAAA1BMVEUAAP+KeNJXAAAAAXRSTlMAQObYZgAAAAlwSFlzAAAOxAAADsQBlSsOGwAAAApJREFUCNdjYAAAAAIAAeIhvDMAAAAASUVORK5CYII=\"  alt=\"audun coffee\"  width=\"1920\"  height=\"1272\"  data-pk-sizes=\"auto\"  data-ls-sizes=\"auto, (max-width: 1920px) 100vw, 1920px\"  data-pk-src=\"https:\/\/www.coffeedesk.pl\/blog\/wp-content\/uploads\/2017\/05\/DSC_6946-Edit.jpg\"  data-pk-srcset=\"https:\/\/www.coffeedesk.pl\/blog\/wp-content\/uploads\/2017\/05\/DSC_6946-Edit.jpg 1920w, https:\/\/www.coffeedesk.pl\/blog\/wp-content\/uploads\/2017\/05\/DSC_6946-Edit-800x530.jpg 800w, https:\/\/www.coffeedesk.pl\/blog\/wp-content\/uploads\/2017\/05\/DSC_6946-Edit-1160x769.jpg 1160w, https:\/\/www.coffeedesk.pl\/blog\/wp-content\/uploads\/2017\/05\/DSC_6946-Edit-320x212.jpg 320w, https:\/\/www.coffeedesk.pl\/blog\/wp-content\/uploads\/2017\/05\/DSC_6946-Edit-560x371.jpg 560w\" ><\/p>\n<p>W przypadku <a href=\"https:\/\/www.facebook.com\/kawiarniacoffeedesk\/\" target=\"_blank\" rel=\"noopener noreferrer\">kawiarni Coffeedesk<\/a> proponujemy do wyboru dwa rodzaje espresso: bardzo klasyczne, kt\u00f3re zazwyczaj u\u017cywamy do kaw mlecznych i drugie espresso, kt\u00f3re profilem smakowym odstaj\u0105 od tej pierwszej opcji.<\/p>\n<h2 id=\"czarna-teresa\">Czarna Teresa<\/h2>\n<p>Tak oto pewnego pi\u0119knego dnia na blacie przy ekspresie pojawi\u0142a si\u0119 du\u017ca, czarna, szeleszcz\u0105ca paczuszka ze znajom\u0105 bia\u0142\u0105 etykiet\u0105. Jak \u0142atwo by\u0142o si\u0119 domy\u015bli\u0107 Audun (dla przyjaci\u00f3\u0142 Audu\u015b) zostawi\u0142 nam ma\u0142y prezencik do spijania o poranku, ewentualnie po\u0142udniu i popo\u0142udniu, wieczorem w sumie te\u017c.<\/p>\n<p>Prezent okaza\u0142 si\u0119 nadzwyczaj przyjemnym \u2013 <a href=\"https:\/\/www.coffeedesk.pl\/kawa\/odkryj\/kawa-miesiaca\/\" target=\"_blank\" rel=\"noopener noreferrer\">El Salvador, Santa Teresia<\/a>.\u00a0Ju\u017c po otwarciu paczki ujawni\u0142a sw\u00f3j przyjemny delikatny zapach, kojarz\u0105cy si\u0119 z zapachem popo\u0142udniowej kawusi, z czekoladkami i truskaweczkami u Babci na ganku. Po kilku przemia\u0142ach i zaparzeniach wiedzia\u0142em, \u017ce b\u0119dzie to kawa, kt\u00f3r\u0105 z ch\u0119ci\u0105 polec\u0119 nowicjuszom w piciu espresso oraz wyjadaczom, kt\u00f3rzy wylizuj\u0105 fili\u017canki do ostatniej kropli.<\/p>\n<p>To musia\u0142o sta\u0107 si\u0119 naszym espresso miesi\u0105ca!<\/p>\n<p><img  loading=\"lazy\"  decoding=\"async\"  class=\"aligncenter size-full wp-image-2279 pk-lazyload\"  src=\"data:image\/png;base64,iVBORw0KGgoAAAANSUhEUgAAAAEAAAABAQMAAAAl21bKAAAAA1BMVEUAAP+KeNJXAAAAAXRSTlMAQObYZgAAAAlwSFlzAAAOxAAADsQBlSsOGwAAAApJREFUCNdjYAAAAAIAAeIhvDMAAAAASUVORK5CYII=\"  alt=\"espresso miesi\u0105ca\"  width=\"1920\"  height=\"1272\"  data-pk-sizes=\"auto\"  data-ls-sizes=\"auto, (max-width: 1920px) 100vw, 1920px\"  data-pk-src=\"https:\/\/www.coffeedesk.pl\/blog\/wp-content\/uploads\/2017\/05\/DSC_6964.jpg\"  data-pk-srcset=\"https:\/\/www.coffeedesk.pl\/blog\/wp-content\/uploads\/2017\/05\/DSC_6964.jpg 1920w, https:\/\/www.coffeedesk.pl\/blog\/wp-content\/uploads\/2017\/05\/DSC_6964-800x530.jpg 800w, https:\/\/www.coffeedesk.pl\/blog\/wp-content\/uploads\/2017\/05\/DSC_6964-1160x769.jpg 1160w, https:\/\/www.coffeedesk.pl\/blog\/wp-content\/uploads\/2017\/05\/DSC_6964-320x212.jpg 320w, https:\/\/www.coffeedesk.pl\/blog\/wp-content\/uploads\/2017\/05\/DSC_6964-560x371.jpg 560w\" ><\/p>\n<p>Kilka fili\u017canek tej kawy utwierdzi\u0142o mnie w przekonaniu, \u017ce zostanie mi d\u0142ugo w pami\u0119ci! Mia\u0142a w sobie wszystko czego bym chcia\u0142&#8230; W kawie.<\/p>\n<p><strong>Po pierwsze:<\/strong> wysokie body, bardzo przyjemny pe\u0142ny smak<\/p>\n<p><strong>Po drugie:<\/strong> na pierwszy plan przebija\u0142a si\u0119 (moja ulubiona) gorzka czekolada i kakao, z nutk\u0105 truskawkow\u0105.<\/p>\n<p><strong>Po trzecie:<\/strong> aftertaste przypominaj\u0105cy mi smak le\u015bnych jag\u00f3d, kt\u00f3ry pozostaje na d\u0142u\u017csz\u0105 chwil\u0119.<br \/>\n<strong>Po czwarte:<\/strong> dobry balans smakowy to podstawa, a ta kawa ewidentnie to ma.<\/p>\n<p><img  loading=\"lazy\"  decoding=\"async\"  class=\"aligncenter size-full wp-image-2280 pk-lazyload\"  src=\"data:image\/png;base64,iVBORw0KGgoAAAANSUhEUgAAAAEAAAABAQMAAAAl21bKAAAAA1BMVEUAAP+KeNJXAAAAAXRSTlMAQObYZgAAAAlwSFlzAAAOxAAADsQBlSsOGwAAAApJREFUCNdjYAAAAAIAAeIhvDMAAAAASUVORK5CYII=\"  alt=\"espresso miesi\u0105ca\"  width=\"1920\"  height=\"1327\"  data-pk-sizes=\"auto\"  data-ls-sizes=\"auto, (max-width: 1920px) 100vw, 1920px\"  data-pk-src=\"https:\/\/www.coffeedesk.pl\/blog\/wp-content\/uploads\/2017\/05\/DSC_6934.jpg\"  data-pk-srcset=\"https:\/\/www.coffeedesk.pl\/blog\/wp-content\/uploads\/2017\/05\/DSC_6934.jpg 1920w, https:\/\/www.coffeedesk.pl\/blog\/wp-content\/uploads\/2017\/05\/DSC_6934-800x553.jpg 800w, https:\/\/www.coffeedesk.pl\/blog\/wp-content\/uploads\/2017\/05\/DSC_6934-1160x802.jpg 1160w, https:\/\/www.coffeedesk.pl\/blog\/wp-content\/uploads\/2017\/05\/DSC_6934-320x221.jpg 320w, https:\/\/www.coffeedesk.pl\/blog\/wp-content\/uploads\/2017\/05\/DSC_6934-560x387.jpg 560w\" ><\/p>\n<p>Dlatego te\u017c je\u015bli chcemy zaskoczy\u0107 kogo\u015b ma\u0142o do\u015bwiadczonego w kwestii espresso, kt\u00f3ry p\u00f3ki co boi si\u0119 szoku owocowego to jest to dobre wprowadzenie.<br \/>\nKawa ze wzgl\u0119du na sw\u00f3j profil smakowy \u015bwietnie podbije s\u0142odycz mleka i nada si\u0119 na pewno pod pyszne i puszyste cappuccino czy inne latte.<\/p>\n<p>Czego wi\u0119cej?<\/p>\n<p>Wi\u0119cej kawy ewidentnie!<\/p>\n<p>Poni\u017cej co i jak z t\u0105 kaw\u0105 robi\u0142em:<\/p>\n<blockquote><p><strong> <b>m\u0142ynek:<\/b>\u00a0 \u00a0<\/strong>Mythos One<strong><br \/>\n<strong> <b>ekspres:<\/b>\u00a0 \u00a0<\/strong><\/strong>La Marzocco Linea PB AV<strong><strong><br \/>\n<strong> <b>ci\u015bnienie:<\/b>\u00a0<\/strong><\/strong><\/strong> \u00a09 bar\u00f3w<strong><strong><strong><br \/>\n<strong> <b>woda RO:<\/b>\u00a0<\/strong><\/strong><\/strong><\/strong> \u00a0134 ppm<\/p>\n<p><strong>doza:<\/strong> 22g<\/p>\n<p><strong>czas parzenia:<\/strong> 30 sekund (bez preinfuzji \u2013 norweska kawa w w\u0142oskim stylu, a co si\u0119 b\u0119d\u0119!)<\/p>\n<p><strong>temperatura wody:<\/strong> 94 C<\/p>\n<p><strong>uzysk:<\/strong> 43,5 g<\/p><\/blockquote>\n<p>Pr\u00f3bujcie, pijcie i piszcie Wasze wra\u017cenia, przepisy i w og\u00f3le napiszcie co tam u Was i co robicie w maju.<\/p>\n<p>Pozdro,<\/p>\n<p>Na zawsze Wasz,<\/p>\n<p><strong>\u015awidi.<\/strong><\/p>\n<p>&nbsp;<\/p>\n<p style=\"text-align: center;\"><a href=\"https:\/\/www.coffeedesk.pl\/kawa\/odkryj\/kawa-miesiaca\/\" target=\"_blank\" rel=\"noopener noreferrer\"><img  loading=\"lazy\"  decoding=\"async\"  class=\"aligncenter size-full wp-image-1319 pk-lazyload\"  src=\"data:image\/png;base64,iVBORw0KGgoAAAANSUhEUgAAAAEAAAABAQMAAAAl21bKAAAAA1BMVEUAAP+KeNJXAAAAAXRSTlMAQObYZgAAAAlwSFlzAAAOxAAADsQBlSsOGwAAAApJREFUCNdjYAAAAAIAAeIhvDMAAAAASUVORK5CYII=\"  alt=\"Zam\u00f3w Teraz!\"  width=\"200\"  height=\"71\"  data-pk-sizes=\"auto\"  data-pk-src=\"https:\/\/www.coffeedesk.pl\/blog\/wp-content\/uploads\/2016\/10\/zamow_2.png\" ><\/a><\/p>\n","protected":false},"excerpt":{"rendered":"<div class=\"post-excerpt\">Espresso Miesi\u0105ca to jest to! Ma zaskakuj\u0105ce oblicza i niejedno imi\u0119. W zwie si\u0119 Teresa. I kr\u0119ci z Audunem&#8230; S\u0142owem wst\u0119pu Espresso Miesi\u0105ca, nad kt\u00f3rym si\u0119 jaki\u015b czas temu rozwodzi\u0142em&hellip;<\/div>\n<div class=\"post-more\"><a href=\"https:\/\/www.coffeedesk.pl\/blog\/espresso-miesiaca-maj-audun\/\" class=\"button button-primary button-effect\"><span>Czytaj wpis<\/span><span><i class=\"cs-icon cs-icon-arrow-right\"><\/i><\/span><\/a><\/div>\n","protected":false},"author":14,"featured_media":2278,"comment_status":"open","ping_status":"open","sticky":false,"template":"","format":"standard","meta":{"_acf_changed":false,"footnotes":""},"categories":[34,38,41,37],"tags":[272,168,330,555,335,276],"powerkit_post_featured":[],"class_list":{"0":"post-2276","1":"post","2":"type-post","3":"status-publish","4":"format-standard","5":"has-post-thumbnail","7":"category-kawa","8":"category-przepisy","9":"category-speciality","10":"category-ziarna","11":"tag-audun","12":"tag-espresso","13":"tag-espresso-miesiaca","14":"tag-maj","15":"tag-palarnia","16":"tag-polska"},"acf":[],"author_display_name":"Pawe\u0142 \u015awiderski","author_url":"https:\/\/www.coffeedesk.pl\/blog\/author\/swider\/","featured_image":"https:\/\/www.coffeedesk.pl\/blog\/wp-content\/uploads\/2017\/05\/DSC_6962-800x530.jpg","post_tags":["audun","espresso","espresso miesi\u0105ca","maj","palarnia","polska"],"post_categories":["Kawa","Przepisy","Speciality","Ziarna"],"yoast_head":"<!-- This site is optimized with the Yoast SEO plugin v27.4 - https:\/\/yoast.com\/product\/yoast-seo-wordpress\/ -->\n<title>Espresso Miesi\u0105ca - Maj: Czekolada, truskawki, jagody, Audun! - Blog CoffeeDesk.pl<\/title>\n<meta name=\"description\" content=\"Espresso Miesi\u0105ca w maju to niezwyk\u0142y romans Auduna Sorbottena i Tajemniczej Teresy z Salwadoru. Jest s\u0142odko, truskawkowo, ale i klasycznie. Pysznie!\" \/>\n<meta name=\"robots\" content=\"index, follow, max-snippet:-1, max-image-preview:large, max-video-preview:-1\" \/>\n<link rel=\"canonical\" href=\"https:\/\/www.coffeedesk.pl\/blog\/espresso-miesiaca-maj-audun\/\" \/>\n<meta property=\"og:locale\" content=\"pl_PL\" \/>\n<meta property=\"og:type\" content=\"article\" \/>\n<meta property=\"og:title\" content=\"Espresso Miesi\u0105ca - Maj: Czekolada, truskawki, jagody, Audun! - Blog CoffeeDesk.pl\" \/>\n<meta property=\"og:description\" content=\"Espresso Miesi\u0105ca w maju to niezwyk\u0142y romans Auduna Sorbottena i Tajemniczej Teresy z Salwadoru. Jest s\u0142odko, truskawkowo, ale i klasycznie. Pysznie!\" \/>\n<meta property=\"og:url\" content=\"https:\/\/www.coffeedesk.pl\/blog\/espresso-miesiaca-maj-audun\/\" \/>\n<meta property=\"og:site_name\" content=\"Blog Coffeedesk.pl\" \/>\n<meta property=\"article:published_time\" content=\"2017-05-18T18:16:51+00:00\" \/>\n<meta property=\"article:modified_time\" content=\"2023-02-24T13:04:16+00:00\" \/>\n<meta property=\"og:image\" content=\"https:\/\/www.coffeedesk.pl\/blog\/wp-content\/uploads\/2017\/05\/DSC_6962.jpg\" \/>\n\t<meta property=\"og:image:width\" content=\"1920\" \/>\n\t<meta property=\"og:image:height\" content=\"1272\" \/>\n\t<meta property=\"og:image:type\" content=\"image\/jpeg\" \/>\n<meta name=\"author\" content=\"Pawe\u0142 \u015awiderski\" \/>\n<meta name=\"twitter:card\" content=\"summary_large_image\" \/>\n<meta name=\"twitter:description\" content=\"Espresso Miesi\u0105ca w maju to niezwyk\u0142y romans Auduna Sorbottena i Tajemniczej Teresy z Salwadoru. Jest s\u0142odko, truskawkowo, ale i klasycznie. Pysznie!\" \/>\n<meta name=\"twitter:label1\" content=\"Napisane przez\" \/>\n\t<meta name=\"twitter:data1\" content=\"Pawe\u0142 \u015awiderski\" \/>\n\t<meta name=\"twitter:label2\" content=\"Szacowany czas czytania\" \/>\n\t<meta name=\"twitter:data2\" content=\"4 minuty\" \/>\n<script type=\"application\/ld+json\" class=\"yoast-schema-graph\">{\"@context\":\"https:\\\/\\\/schema.org\",\"@graph\":[{\"@type\":\"Article\",\"@id\":\"https:\\\/\\\/www.coffeedesk.pl\\\/blog\\\/espresso-miesiaca-maj-audun\\\/#article\",\"isPartOf\":{\"@id\":\"https:\\\/\\\/www.coffeedesk.pl\\\/blog\\\/espresso-miesiaca-maj-audun\\\/\"},\"author\":{\"name\":\"Pawe\u0142 \u015awiderski\",\"@id\":\"https:\\\/\\\/www.coffeedesk.pl\\\/blog\\\/#\\\/schema\\\/person\\\/71ff62cbb02f259e35d73eaa130049d1\"},\"headline\":\"Espresso Miesi\u0105ca: Maj: Czekolada, truskawki, jagody, klasyka!\",\"datePublished\":\"2017-05-18T18:16:51+00:00\",\"dateModified\":\"2023-02-24T13:04:16+00:00\",\"mainEntityOfPage\":{\"@id\":\"https:\\\/\\\/www.coffeedesk.pl\\\/blog\\\/espresso-miesiaca-maj-audun\\\/\"},\"wordCount\":593,\"commentCount\":0,\"publisher\":{\"@id\":\"https:\\\/\\\/www.coffeedesk.pl\\\/blog\\\/#organization\"},\"image\":{\"@id\":\"https:\\\/\\\/www.coffeedesk.pl\\\/blog\\\/espresso-miesiaca-maj-audun\\\/#primaryimage\"},\"thumbnailUrl\":\"https:\\\/\\\/www.coffeedesk.pl\\\/blog\\\/wp-content\\\/uploads\\\/2017\\\/05\\\/DSC_6962.jpg\",\"keywords\":[\"audun\",\"espresso\",\"espresso miesi\u0105ca\",\"maj\",\"palarnia\",\"polska\"],\"articleSection\":[\"Kawa\",\"Przepisy\",\"Speciality\",\"Ziarna\"],\"inLanguage\":\"pl-PL\",\"potentialAction\":[{\"@type\":\"CommentAction\",\"name\":\"Comment\",\"target\":[\"https:\\\/\\\/www.coffeedesk.pl\\\/blog\\\/espresso-miesiaca-maj-audun\\\/#respond\"]}]},{\"@type\":\"WebPage\",\"@id\":\"https:\\\/\\\/www.coffeedesk.pl\\\/blog\\\/espresso-miesiaca-maj-audun\\\/\",\"url\":\"https:\\\/\\\/www.coffeedesk.pl\\\/blog\\\/espresso-miesiaca-maj-audun\\\/\",\"name\":\"Espresso Miesi\u0105ca - Maj: Czekolada, truskawki, jagody, Audun! - Blog CoffeeDesk.pl\",\"isPartOf\":{\"@id\":\"https:\\\/\\\/www.coffeedesk.pl\\\/blog\\\/#website\"},\"primaryImageOfPage\":{\"@id\":\"https:\\\/\\\/www.coffeedesk.pl\\\/blog\\\/espresso-miesiaca-maj-audun\\\/#primaryimage\"},\"image\":{\"@id\":\"https:\\\/\\\/www.coffeedesk.pl\\\/blog\\\/espresso-miesiaca-maj-audun\\\/#primaryimage\"},\"thumbnailUrl\":\"https:\\\/\\\/www.coffeedesk.pl\\\/blog\\\/wp-content\\\/uploads\\\/2017\\\/05\\\/DSC_6962.jpg\",\"datePublished\":\"2017-05-18T18:16:51+00:00\",\"dateModified\":\"2023-02-24T13:04:16+00:00\",\"description\":\"Espresso Miesi\u0105ca w maju to niezwyk\u0142y romans Auduna Sorbottena i Tajemniczej Teresy z Salwadoru. Jest s\u0142odko, truskawkowo, ale i klasycznie. Pysznie!\",\"breadcrumb\":{\"@id\":\"https:\\\/\\\/www.coffeedesk.pl\\\/blog\\\/espresso-miesiaca-maj-audun\\\/#breadcrumb\"},\"inLanguage\":\"pl-PL\",\"potentialAction\":[{\"@type\":\"ReadAction\",\"target\":[\"https:\\\/\\\/www.coffeedesk.pl\\\/blog\\\/espresso-miesiaca-maj-audun\\\/\"]}]},{\"@type\":\"ImageObject\",\"inLanguage\":\"pl-PL\",\"@id\":\"https:\\\/\\\/www.coffeedesk.pl\\\/blog\\\/espresso-miesiaca-maj-audun\\\/#primaryimage\",\"url\":\"https:\\\/\\\/www.coffeedesk.pl\\\/blog\\\/wp-content\\\/uploads\\\/2017\\\/05\\\/DSC_6962.jpg\",\"contentUrl\":\"https:\\\/\\\/www.coffeedesk.pl\\\/blog\\\/wp-content\\\/uploads\\\/2017\\\/05\\\/DSC_6962.jpg\",\"width\":1920,\"height\":1272,\"caption\":\"espresso miesi\u0105ca\"},{\"@type\":\"BreadcrumbList\",\"@id\":\"https:\\\/\\\/www.coffeedesk.pl\\\/blog\\\/espresso-miesiaca-maj-audun\\\/#breadcrumb\",\"itemListElement\":[{\"@type\":\"ListItem\",\"position\":1,\"name\":\"Strona g\u0142\u00f3wna\",\"item\":\"https:\\\/\\\/www.coffeedesk.pl\\\/blog\\\/\"},{\"@type\":\"ListItem\",\"position\":2,\"name\":\"Espresso Miesi\u0105ca: Maj: Czekolada, truskawki, jagody, klasyka!\"}]},{\"@type\":\"WebSite\",\"@id\":\"https:\\\/\\\/www.coffeedesk.pl\\\/blog\\\/#website\",\"url\":\"https:\\\/\\\/www.coffeedesk.pl\\\/blog\\\/\",\"name\":\"Blog Coffeedesk.pl\",\"description\":\"\",\"publisher\":{\"@id\":\"https:\\\/\\\/www.coffeedesk.pl\\\/blog\\\/#organization\"},\"potentialAction\":[{\"@type\":\"SearchAction\",\"target\":{\"@type\":\"EntryPoint\",\"urlTemplate\":\"https:\\\/\\\/www.coffeedesk.pl\\\/blog\\\/?s={search_term_string}\"},\"query-input\":{\"@type\":\"PropertyValueSpecification\",\"valueRequired\":true,\"valueName\":\"search_term_string\"}}],\"inLanguage\":\"pl-PL\"},{\"@type\":\"Organization\",\"@id\":\"https:\\\/\\\/www.coffeedesk.pl\\\/blog\\\/#organization\",\"name\":\"Coffeedesk.pl\",\"url\":\"https:\\\/\\\/www.coffeedesk.pl\\\/blog\\\/\",\"logo\":{\"@type\":\"ImageObject\",\"inLanguage\":\"pl-PL\",\"@id\":\"https:\\\/\\\/www.coffeedesk.pl\\\/blog\\\/#\\\/schema\\\/logo\\\/image\\\/\",\"url\":\"https:\\\/\\\/www.coffeedesk.pl\\\/blog\\\/wp-content\\\/uploads\\\/2019\\\/10\\\/logo_color.png\",\"contentUrl\":\"https:\\\/\\\/www.coffeedesk.pl\\\/blog\\\/wp-content\\\/uploads\\\/2019\\\/10\\\/logo_color.png\",\"width\":246,\"height\":50,\"caption\":\"Coffeedesk.pl\"},\"image\":{\"@id\":\"https:\\\/\\\/www.coffeedesk.pl\\\/blog\\\/#\\\/schema\\\/logo\\\/image\\\/\"}},{\"@type\":\"Person\",\"@id\":\"https:\\\/\\\/www.coffeedesk.pl\\\/blog\\\/#\\\/schema\\\/person\\\/71ff62cbb02f259e35d73eaa130049d1\",\"name\":\"Pawe\u0142 \u015awiderski\",\"image\":{\"@type\":\"ImageObject\",\"inLanguage\":\"pl-PL\",\"@id\":\"https:\\\/\\\/www.coffeedesk.pl\\\/blog\\\/wp-content\\\/uploads\\\/2019\\\/07\\\/kawiarnia-uro-4-2535-320x320.jpg\",\"url\":\"https:\\\/\\\/www.coffeedesk.pl\\\/blog\\\/wp-content\\\/uploads\\\/2019\\\/07\\\/kawiarnia-uro-4-2535-320x320.jpg\",\"contentUrl\":\"https:\\\/\\\/www.coffeedesk.pl\\\/blog\\\/wp-content\\\/uploads\\\/2019\\\/07\\\/kawiarnia-uro-4-2535-320x320.jpg\",\"caption\":\"Pawe\u0142 \u015awiderski\"},\"description\":\"By\u0142y smutny barista w kawiarni Coffeedesk, r\u00f3wnie\u017c by\u0142y kierownik kawiarni Coffeedesk - jednakowo\u017c o ogromnym poczuciu sarkastycznego humoru. Aktualnie smutny specjalista do spraw produkcji cold brew i piec\u00f3w do palenia kawy. Zwany potocznie \u015awidrem. II-vce mistrz Polski Brewers Cup 2018.\",\"url\":\"https:\\\/\\\/www.coffeedesk.pl\\\/blog\\\/author\\\/swider\\\/\"}]}<\/script>\n<!-- \/ Yoast SEO plugin. -->","yoast_head_json":{"title":"Espresso Miesi\u0105ca - Maj: Czekolada, truskawki, jagody, Audun! - Blog CoffeeDesk.pl","description":"Espresso Miesi\u0105ca w maju to niezwyk\u0142y romans Auduna Sorbottena i Tajemniczej Teresy z Salwadoru. Jest s\u0142odko, truskawkowo, ale i klasycznie. Pysznie!","robots":{"index":"index","follow":"follow","max-snippet":"max-snippet:-1","max-image-preview":"max-image-preview:large","max-video-preview":"max-video-preview:-1"},"canonical":"https:\/\/www.coffeedesk.pl\/blog\/espresso-miesiaca-maj-audun\/","og_locale":"pl_PL","og_type":"article","og_title":"Espresso Miesi\u0105ca - Maj: Czekolada, truskawki, jagody, Audun! - Blog CoffeeDesk.pl","og_description":"Espresso Miesi\u0105ca w maju to niezwyk\u0142y romans Auduna Sorbottena i Tajemniczej Teresy z Salwadoru. Jest s\u0142odko, truskawkowo, ale i klasycznie. Pysznie!","og_url":"https:\/\/www.coffeedesk.pl\/blog\/espresso-miesiaca-maj-audun\/","og_site_name":"Blog Coffeedesk.pl","article_published_time":"2017-05-18T18:16:51+00:00","article_modified_time":"2023-02-24T13:04:16+00:00","og_image":[{"width":1920,"height":1272,"url":"https:\/\/www.coffeedesk.pl\/blog\/wp-content\/uploads\/2017\/05\/DSC_6962.jpg","type":"image\/jpeg"}],"author":"Pawe\u0142 \u015awiderski","twitter_card":"summary_large_image","twitter_description":"Espresso Miesi\u0105ca w maju to niezwyk\u0142y romans Auduna Sorbottena i Tajemniczej Teresy z Salwadoru. Jest s\u0142odko, truskawkowo, ale i klasycznie. Pysznie!","twitter_misc":{"Napisane przez":"Pawe\u0142 \u015awiderski","Szacowany czas czytania":"4 minuty"},"schema":{"@context":"https:\/\/schema.org","@graph":[{"@type":"Article","@id":"https:\/\/www.coffeedesk.pl\/blog\/espresso-miesiaca-maj-audun\/#article","isPartOf":{"@id":"https:\/\/www.coffeedesk.pl\/blog\/espresso-miesiaca-maj-audun\/"},"author":{"name":"Pawe\u0142 \u015awiderski","@id":"https:\/\/www.coffeedesk.pl\/blog\/#\/schema\/person\/71ff62cbb02f259e35d73eaa130049d1"},"headline":"Espresso Miesi\u0105ca: Maj: Czekolada, truskawki, jagody, klasyka!","datePublished":"2017-05-18T18:16:51+00:00","dateModified":"2023-02-24T13:04:16+00:00","mainEntityOfPage":{"@id":"https:\/\/www.coffeedesk.pl\/blog\/espresso-miesiaca-maj-audun\/"},"wordCount":593,"commentCount":0,"publisher":{"@id":"https:\/\/www.coffeedesk.pl\/blog\/#organization"},"image":{"@id":"https:\/\/www.coffeedesk.pl\/blog\/espresso-miesiaca-maj-audun\/#primaryimage"},"thumbnailUrl":"https:\/\/www.coffeedesk.pl\/blog\/wp-content\/uploads\/2017\/05\/DSC_6962.jpg","keywords":["audun","espresso","espresso miesi\u0105ca","maj","palarnia","polska"],"articleSection":["Kawa","Przepisy","Speciality","Ziarna"],"inLanguage":"pl-PL","potentialAction":[{"@type":"CommentAction","name":"Comment","target":["https:\/\/www.coffeedesk.pl\/blog\/espresso-miesiaca-maj-audun\/#respond"]}]},{"@type":"WebPage","@id":"https:\/\/www.coffeedesk.pl\/blog\/espresso-miesiaca-maj-audun\/","url":"https:\/\/www.coffeedesk.pl\/blog\/espresso-miesiaca-maj-audun\/","name":"Espresso Miesi\u0105ca - Maj: Czekolada, truskawki, jagody, Audun! - Blog CoffeeDesk.pl","isPartOf":{"@id":"https:\/\/www.coffeedesk.pl\/blog\/#website"},"primaryImageOfPage":{"@id":"https:\/\/www.coffeedesk.pl\/blog\/espresso-miesiaca-maj-audun\/#primaryimage"},"image":{"@id":"https:\/\/www.coffeedesk.pl\/blog\/espresso-miesiaca-maj-audun\/#primaryimage"},"thumbnailUrl":"https:\/\/www.coffeedesk.pl\/blog\/wp-content\/uploads\/2017\/05\/DSC_6962.jpg","datePublished":"2017-05-18T18:16:51+00:00","dateModified":"2023-02-24T13:04:16+00:00","description":"Espresso Miesi\u0105ca w maju to niezwyk\u0142y romans Auduna Sorbottena i Tajemniczej Teresy z Salwadoru. Jest s\u0142odko, truskawkowo, ale i klasycznie. Pysznie!","breadcrumb":{"@id":"https:\/\/www.coffeedesk.pl\/blog\/espresso-miesiaca-maj-audun\/#breadcrumb"},"inLanguage":"pl-PL","potentialAction":[{"@type":"ReadAction","target":["https:\/\/www.coffeedesk.pl\/blog\/espresso-miesiaca-maj-audun\/"]}]},{"@type":"ImageObject","inLanguage":"pl-PL","@id":"https:\/\/www.coffeedesk.pl\/blog\/espresso-miesiaca-maj-audun\/#primaryimage","url":"https:\/\/www.coffeedesk.pl\/blog\/wp-content\/uploads\/2017\/05\/DSC_6962.jpg","contentUrl":"https:\/\/www.coffeedesk.pl\/blog\/wp-content\/uploads\/2017\/05\/DSC_6962.jpg","width":1920,"height":1272,"caption":"espresso miesi\u0105ca"},{"@type":"BreadcrumbList","@id":"https:\/\/www.coffeedesk.pl\/blog\/espresso-miesiaca-maj-audun\/#breadcrumb","itemListElement":[{"@type":"ListItem","position":1,"name":"Strona g\u0142\u00f3wna","item":"https:\/\/www.coffeedesk.pl\/blog\/"},{"@type":"ListItem","position":2,"name":"Espresso Miesi\u0105ca: Maj: Czekolada, truskawki, jagody, klasyka!"}]},{"@type":"WebSite","@id":"https:\/\/www.coffeedesk.pl\/blog\/#website","url":"https:\/\/www.coffeedesk.pl\/blog\/","name":"Blog Coffeedesk.pl","description":"","publisher":{"@id":"https:\/\/www.coffeedesk.pl\/blog\/#organization"},"potentialAction":[{"@type":"SearchAction","target":{"@type":"EntryPoint","urlTemplate":"https:\/\/www.coffeedesk.pl\/blog\/?s={search_term_string}"},"query-input":{"@type":"PropertyValueSpecification","valueRequired":true,"valueName":"search_term_string"}}],"inLanguage":"pl-PL"},{"@type":"Organization","@id":"https:\/\/www.coffeedesk.pl\/blog\/#organization","name":"Coffeedesk.pl","url":"https:\/\/www.coffeedesk.pl\/blog\/","logo":{"@type":"ImageObject","inLanguage":"pl-PL","@id":"https:\/\/www.coffeedesk.pl\/blog\/#\/schema\/logo\/image\/","url":"https:\/\/www.coffeedesk.pl\/blog\/wp-content\/uploads\/2019\/10\/logo_color.png","contentUrl":"https:\/\/www.coffeedesk.pl\/blog\/wp-content\/uploads\/2019\/10\/logo_color.png","width":246,"height":50,"caption":"Coffeedesk.pl"},"image":{"@id":"https:\/\/www.coffeedesk.pl\/blog\/#\/schema\/logo\/image\/"}},{"@type":"Person","@id":"https:\/\/www.coffeedesk.pl\/blog\/#\/schema\/person\/71ff62cbb02f259e35d73eaa130049d1","name":"Pawe\u0142 \u015awiderski","image":{"@type":"ImageObject","inLanguage":"pl-PL","@id":"https:\/\/www.coffeedesk.pl\/blog\/wp-content\/uploads\/2019\/07\/kawiarnia-uro-4-2535-320x320.jpg","url":"https:\/\/www.coffeedesk.pl\/blog\/wp-content\/uploads\/2019\/07\/kawiarnia-uro-4-2535-320x320.jpg","contentUrl":"https:\/\/www.coffeedesk.pl\/blog\/wp-content\/uploads\/2019\/07\/kawiarnia-uro-4-2535-320x320.jpg","caption":"Pawe\u0142 \u015awiderski"},"description":"By\u0142y smutny barista w kawiarni Coffeedesk, r\u00f3wnie\u017c by\u0142y kierownik kawiarni Coffeedesk - jednakowo\u017c o ogromnym poczuciu sarkastycznego humoru. Aktualnie smutny specjalista do spraw produkcji cold brew i piec\u00f3w do palenia kawy. Zwany potocznie \u015awidrem. II-vce mistrz Polski Brewers Cup 2018.","url":"https:\/\/www.coffeedesk.pl\/blog\/author\/swider\/"}]}},"jetpack_featured_media_url":"https:\/\/www.coffeedesk.pl\/blog\/wp-content\/uploads\/2017\/05\/DSC_6962.jpg","_links":{"self":[{"href":"https:\/\/www.coffeedesk.pl\/blog\/wp-json\/wp\/v2\/posts\/2276","targetHints":{"allow":["GET"]}}],"collection":[{"href":"https:\/\/www.coffeedesk.pl\/blog\/wp-json\/wp\/v2\/posts"}],"about":[{"href":"https:\/\/www.coffeedesk.pl\/blog\/wp-json\/wp\/v2\/types\/post"}],"author":[{"embeddable":true,"href":"https:\/\/www.coffeedesk.pl\/blog\/wp-json\/wp\/v2\/users\/14"}],"replies":[{"embeddable":true,"href":"https:\/\/www.coffeedesk.pl\/blog\/wp-json\/wp\/v2\/comments?post=2276"}],"version-history":[{"count":10,"href":"https:\/\/www.coffeedesk.pl\/blog\/wp-json\/wp\/v2\/posts\/2276\/revisions"}],"predecessor-version":[{"id":21421,"href":"https:\/\/www.coffeedesk.pl\/blog\/wp-json\/wp\/v2\/posts\/2276\/revisions\/21421"}],"wp:featuredmedia":[{"embeddable":true,"href":"https:\/\/www.coffeedesk.pl\/blog\/wp-json\/wp\/v2\/media\/2278"}],"wp:attachment":[{"href":"https:\/\/www.coffeedesk.pl\/blog\/wp-json\/wp\/v2\/media?parent=2276"}],"wp:term":[{"taxonomy":"category","embeddable":true,"href":"https:\/\/www.coffeedesk.pl\/blog\/wp-json\/wp\/v2\/categories?post=2276"},{"taxonomy":"post_tag","embeddable":true,"href":"https:\/\/www.coffeedesk.pl\/blog\/wp-json\/wp\/v2\/tags?post=2276"},{"taxonomy":"powerkit_post_featured","embeddable":true,"href":"https:\/\/www.coffeedesk.pl\/blog\/wp-json\/wp\/v2\/powerkit_post_featured?post=2276"}],"curies":[{"name":"wp","href":"https:\/\/api.w.org\/{rel}","templated":true}]}}