{"id":24108,"date":"2023-11-27T14:53:02","date_gmt":"2023-11-27T13:53:02","guid":{"rendered":"https:\/\/www.coffeedesk.pl\/blog\/?p=24108"},"modified":"2023-12-21T15:24:44","modified_gmt":"2023-12-21T14:24:44","slug":"herbata-na-bol-gardla-jaka-bedzie-najlepsza","status":"publish","type":"post","link":"https:\/\/www.coffeedesk.pl\/blog\/herbata-na-bol-gardla-jaka-bedzie-najlepsza\/","title":{"rendered":"Herbata na b\u00f3l gard\u0142a \u2013 jaka b\u0119dzie najlepsza?"},"content":{"rendered":"<p>Kiedy dopadaj\u0105 nas pierwsze objawy przezi\u0119bienia, to pierwsze do g\u0142owy przychodz\u0105 nam domowe sposoby na poradzenie sobie z objawami takimi jak b\u00f3l gard\u0142a, os\u0142abienie i katar. Jednym z takich sposob\u00f3w jest picie ciep\u0142ych napar\u00f3w, jednak czy herbata pomaga na b\u00f3l gard\u0142a? Sprawdzamy!<\/p>\n<h2 id=\"herbata-jako-pomoc-w-leczeniu-czy-moze-pomoc\">Herbata jako pomoc w leczeniu \u2013 czy mo\u017ce pom\u00f3c?<\/h2>\n<p>Dzi\u0119ki zawartym w herbacie polifenolom, kt\u00f3reposiadaj\u0105 dzia\u0142anie przeciwbakteryjne i przeciwzapalne, ciep\u0142a herbata na b\u00f3l gard\u0142a b\u0119dzie jak znalaz\u0142. Je\u015bli szukacie inspiracji w przygotowaniu herbaty na przezi\u0119bienie koniecznie zajrzyjcie do <a href=\"https:\/\/www.coffeedesk.pl\/blog\/herbata-na-przeziebienie-jaka-wybrac-przepisy-na-napary\/\">tego artyku\u0142u<\/a>.<\/p>\n<h2 id=\"herbata-na-bol-gardla-jak-dziala\">Herbata na b\u00f3l gard\u0142a \u2013 jak dzia\u0142a?<\/h2>\n<p>Rozgrzewaj\u0105cy nap\u00f3j mo\u017ce pom\u00f3c nam z\u0142agodzi\u0107 b\u00f3l, rozrzedzi\u0107 zalegaj\u0105c\u0105 w drogach oddechowych wydzielin\u0119 i dzia\u0142a\u0107 \u0142agodz\u0105co na podra\u017cnion\u0105 b\u0142on\u0119 \u015bluzow\u0105 gard\u0142a. W zale\u017cno\u015bci o typu herbaty, r\u00f3\u017cne napary b\u0119d\u0105 mia\u0142y r\u00f3\u017cne pozytywne dzia\u0142anie na nasze obola\u0142e gard\u0142o.<\/p>\n<p><img  loading=\"lazy\"  decoding=\"async\"  class=\"alignnone size-full wp-image-17306 pk-lazyload\"  src=\"data:image\/png;base64,iVBORw0KGgoAAAANSUhEUgAABAAAAAKrAQMAAABV2G3XAAAAA1BMVEUAAP+KeNJXAAAAAXRSTlMAQObYZgAAAAlwSFlzAAAOxAAADsQBlSsOGwAAAGxJREFUeNrtwTEBAAAAwqD1T20MH6AAAAAAAAAAAAAAAAAAAAAAAAAAAAAAAAAAAAAAAAAAAAAAAAAAAAAAAAAAAAAAAAAAAAAAAAAAAAAAAAAAAAAAAAAAAAAAAAAAAAAAAAAAAAAAAAAAOBtYOgAB23VbnQAAAABJRU5ErkJggg==\"  alt=\"herbata z imbirem i cytryn\u0105\"  width=\"1024\"  height=\"683\"  data-pk-sizes=\"auto\"  data-ls-sizes=\"auto, (max-width: 1024px) 100vw, 1024px\"  data-pk-src=\"https:\/\/www.coffeedesk.pl\/blog\/wp-content\/uploads\/2022\/01\/herbata_imbir_poziom_2.jpg\"  data-pk-srcset=\"https:\/\/www.coffeedesk.pl\/blog\/wp-content\/uploads\/2022\/01\/herbata_imbir_poziom_2.jpg 1024w, https:\/\/www.coffeedesk.pl\/blog\/wp-content\/uploads\/2022\/01\/herbata_imbir_poziom_2-800x534.jpg 800w, https:\/\/www.coffeedesk.pl\/blog\/wp-content\/uploads\/2022\/01\/herbata_imbir_poziom_2-320x213.jpg 320w, https:\/\/www.coffeedesk.pl\/blog\/wp-content\/uploads\/2022\/01\/herbata_imbir_poziom_2-560x374.jpg 560w\" ><\/p>\n<h2 id=\"jaka-herbata-na-bol-gardla-bedzie-najlepsza\">Jaka herbata na b\u00f3l gard\u0142a b\u0119dzie najlepsza?<\/h2>\n<p>Jaka herbata na b\u00f3l gard\u0142a mo\u017ce sprawdzi\u0107 si\u0119 najlepiej? Z pewno\u015bci\u0105 powinni\u015bmy zwr\u00f3ci\u0107 uwag\u0119 na <a href=\"https:\/\/www.coffeedesk.pl\/herbata\/typ\/mietowa\/\">herbat\u0119 mi\u0119tow\u0105<\/a>, kt\u00f3ra zawiera w sobie dzia\u0142aj\u0105cy przeciwb\u00f3lowo mentol.<\/p>\n<p><a href=\"https:\/\/www.coffeedesk.pl\/herbata\/typ\/rooibos\/\">Herbata Rooibos<\/a> r\u00f3wnie\u017c mo\u017ce by\u0107 bardzo dobrym ratunkiem na drapanie w gardle. Dzia\u0142a przeciwzapalnie i nawil\u017caj\u0105co na b\u0142on\u0119 \u015bluzow\u0105. Nie zawiera kofeiny, zatem mog\u0105 j\u0105 pi\u0107 tak\u017ce dzieci.<\/p>\n<p><a href=\"https:\/\/www.coffeedesk.pl\/herbata\/typ\/matcha\/\">Matcha<\/a> to mo\u017ce nie pierwsza herbata na gard\u0142o, kt\u00f3ra przychodzi nam do g\u0142owy kiedy jeste\u015bmy chorzy. Zawiera jednak najwi\u0119cej antyoksydant\u00f3w ze wszystkich herbat, a przeciwutleniacze pomagaj\u0105 utrzyma\u0107 odporno\u015b\u0107 i zwalczy\u0107 stany zapalne.<\/p>\n<p><a href=\"https:\/\/www.coffeedesk.pl\/herbata\/typ\/czarna\/\">Czarna herbata<\/a> z miodem, cytryn\u0105 i imbirem to klasyczne rozwi\u0105zanie na pierwsze objawy przezi\u0119bienia i b\u00f3l gard\u0142a. Dodatek miodu, cytryny i imbiru sprawia, \u017ce dostarczamy sobie sporo substancji przeciwbakteryjnych, kt\u00f3re pomagaj\u0105 nam zwalczy\u0107 infekcj\u0119.<\/p>\n<p>Najlepsza herbata na b\u00f3l gard\u0142a b\u0119dzie taka, kt\u00f3r\u0105 wypijemy z przyjemno\u015bci\u0105. Wi\u0119kszo\u015b\u0107 herbat i zio\u0142owych napar\u00f3w wykazuje dzia\u0142anie przeciwzapalne i przeciwbakteryjne, dlatego najwa\u017cniejsze jest, aby\u015bmy po prostu mieli ochot\u0119 wypi\u0107 tak\u0105 mikstur\u0119.<\/p>\n<h2 id=\"czy-herbata-moze-wysuszyc-gardlo\">Czy herbata mo\u017ce wysuszy\u0107 gard\u0142o?<\/h2>\n<p>Pierwszym odruchem kiedy zaczyna nas pobolewa\u0107 gard\u0142o jest zrobienie sobie kubka herbaty. Jednak czy herbata wysusza gard\u0142o? Z ca\u0142\u0105 pewno\u015bci\u0105 gor\u0105ca herbata na b\u00f3l gard\u0142a nie jest najlepszym pomys\u0142em i nie powinni\u015bmy pi\u0107 bardzo ciep\u0142ego naparu, kt\u00f3ry m\u00f3g\u0142by nas dodatkowo podra\u017cni\u0107. Jednak ciep\u0142a herbata, w odpowiedniej temperaturze b\u0119dzie mia\u0142a pozytywny wp\u0142yw na nasz samopoczucie, nawil\u017caj\u0105c gard\u0142o i poprawiaj\u0105c humor.<\/p>\n<p>Warto pami\u0119ta\u0107, \u017ce je\u015bli objawy nie ust\u0119puj\u0105 lub nasilaj\u0105 si\u0119, nale\u017cy skontaktowa\u0107 si\u0119 z lekarzem.<\/p>\n","protected":false},"excerpt":{"rendered":"<div class=\"post-excerpt\">Kiedy dopadaj\u0105 nas pierwsze objawy przezi\u0119bienia, to pierwsze do g\u0142owy przychodz\u0105 nam domowe sposoby na poradzenie sobie z objawami takimi jak b\u00f3l gard\u0142a, os\u0142abienie i katar. Jednym z takich sposob\u00f3w&hellip;<\/div>\n<div class=\"post-more\"><a href=\"https:\/\/www.coffeedesk.pl\/blog\/herbata-na-bol-gardla-jaka-bedzie-najlepsza\/\" class=\"button button-primary button-effect\"><span>Czytaj wpis<\/span><span><i class=\"cs-icon cs-icon-arrow-right\"><\/i><\/span><\/a><\/div>\n","protected":false},"author":36,"featured_media":17306,"comment_status":"open","ping_status":"open","sticky":false,"template":"","format":"standard","meta":{"_acf_changed":false,"footnotes":""},"categories":[42,44],"tags":[],"powerkit_post_featured":[],"class_list":{"0":"post-24108","1":"post","2":"type-post","3":"status-publish","4":"format-standard","5":"has-post-thumbnail","7":"category-herbata","8":"category-zdrowie-herbata"},"acf":[],"author_display_name":"Dorota Brzozowska","author_url":"https:\/\/www.coffeedesk.pl\/blog\/author\/dbrzozowska\/","featured_image":"https:\/\/www.coffeedesk.pl\/blog\/wp-content\/uploads\/2022\/01\/herbata_imbir_poziom_2-800x534.jpg","post_tags":[],"post_categories":["Herbata","Zdrowie"],"yoast_head":"<!-- This site is optimized with the Yoast SEO plugin v27.4 - https:\/\/yoast.com\/product\/yoast-seo-wordpress\/ -->\n<title>Herbata na b\u00f3l gard\u0142a \u2013 jaka b\u0119dzie najlepsza? - Blog Coffeedesk.pl<\/title>\n<meta name=\"description\" content=\"B\u00f3l gard\u0142a to uporczywa dolegliwo\u015b\u0107, kt\u00f3rej - gdy si\u0119 pojawi - chcemy si\u0119 szybko pozby\u0107. Czy herbata mo\u017ce pom\u00f3c na b\u00f3l gard\u0142a? Sprawd\u017a!\" \/>\n<meta name=\"robots\" content=\"index, follow, max-snippet:-1, max-image-preview:large, max-video-preview:-1\" \/>\n<link rel=\"canonical\" href=\"https:\/\/www.coffeedesk.pl\/blog\/herbata-na-bol-gardla-jaka-bedzie-najlepsza\/\" \/>\n<meta property=\"og:locale\" content=\"pl_PL\" \/>\n<meta property=\"og:type\" content=\"article\" \/>\n<meta property=\"og:title\" content=\"Herbata na b\u00f3l gard\u0142a \u2013 jaka b\u0119dzie najlepsza? - Blog Coffeedesk.pl\" \/>\n<meta property=\"og:description\" content=\"B\u00f3l gard\u0142a to uporczywa dolegliwo\u015b\u0107, kt\u00f3rej - gdy si\u0119 pojawi - chcemy si\u0119 szybko pozby\u0107. Czy herbata mo\u017ce pom\u00f3c na b\u00f3l gard\u0142a? Sprawd\u017a!\" \/>\n<meta property=\"og:url\" content=\"https:\/\/www.coffeedesk.pl\/blog\/herbata-na-bol-gardla-jaka-bedzie-najlepsza\/\" \/>\n<meta property=\"og:site_name\" content=\"Blog Coffeedesk.pl\" \/>\n<meta property=\"article:published_time\" content=\"2023-11-27T13:53:02+00:00\" \/>\n<meta property=\"article:modified_time\" content=\"2023-12-21T14:24:44+00:00\" \/>\n<meta property=\"og:image\" content=\"https:\/\/www.coffeedesk.pl\/blog\/wp-content\/uploads\/2022\/01\/herbata_imbir_poziom_2.jpg\" \/>\n\t<meta property=\"og:image:width\" content=\"1024\" \/>\n\t<meta property=\"og:image:height\" content=\"683\" \/>\n\t<meta property=\"og:image:type\" content=\"image\/jpeg\" \/>\n<meta name=\"author\" content=\"Dorota Brzozowska\" \/>\n<meta name=\"twitter:card\" content=\"summary_large_image\" \/>\n<meta name=\"twitter:label1\" content=\"Napisane przez\" \/>\n\t<meta name=\"twitter:data1\" content=\"Dorota Brzozowska\" \/>\n\t<meta name=\"twitter:label2\" content=\"Szacowany czas czytania\" \/>\n\t<meta name=\"twitter:data2\" content=\"3 minuty\" \/>\n<script type=\"application\/ld+json\" class=\"yoast-schema-graph\">{\"@context\":\"https:\\\/\\\/schema.org\",\"@graph\":[{\"@type\":\"Article\",\"@id\":\"https:\\\/\\\/www.coffeedesk.pl\\\/blog\\\/herbata-na-bol-gardla-jaka-bedzie-najlepsza\\\/#article\",\"isPartOf\":{\"@id\":\"https:\\\/\\\/www.coffeedesk.pl\\\/blog\\\/herbata-na-bol-gardla-jaka-bedzie-najlepsza\\\/\"},\"author\":{\"name\":\"Dorota Brzozowska\",\"@id\":\"https:\\\/\\\/www.coffeedesk.pl\\\/blog\\\/#\\\/schema\\\/person\\\/bf406b5d45d29fa966196cec20d4753f\"},\"headline\":\"Herbata na b\u00f3l gard\u0142a \u2013 jaka b\u0119dzie najlepsza?\",\"datePublished\":\"2023-11-27T13:53:02+00:00\",\"dateModified\":\"2023-12-21T14:24:44+00:00\",\"mainEntityOfPage\":{\"@id\":\"https:\\\/\\\/www.coffeedesk.pl\\\/blog\\\/herbata-na-bol-gardla-jaka-bedzie-najlepsza\\\/\"},\"wordCount\":487,\"commentCount\":0,\"publisher\":{\"@id\":\"https:\\\/\\\/www.coffeedesk.pl\\\/blog\\\/#organization\"},\"image\":{\"@id\":\"https:\\\/\\\/www.coffeedesk.pl\\\/blog\\\/herbata-na-bol-gardla-jaka-bedzie-najlepsza\\\/#primaryimage\"},\"thumbnailUrl\":\"https:\\\/\\\/www.coffeedesk.pl\\\/blog\\\/wp-content\\\/uploads\\\/2022\\\/01\\\/herbata_imbir_poziom_2.jpg\",\"articleSection\":[\"Herbata\",\"Zdrowie\"],\"inLanguage\":\"pl-PL\",\"potentialAction\":[{\"@type\":\"CommentAction\",\"name\":\"Comment\",\"target\":[\"https:\\\/\\\/www.coffeedesk.pl\\\/blog\\\/herbata-na-bol-gardla-jaka-bedzie-najlepsza\\\/#respond\"]}]},{\"@type\":\"WebPage\",\"@id\":\"https:\\\/\\\/www.coffeedesk.pl\\\/blog\\\/herbata-na-bol-gardla-jaka-bedzie-najlepsza\\\/\",\"url\":\"https:\\\/\\\/www.coffeedesk.pl\\\/blog\\\/herbata-na-bol-gardla-jaka-bedzie-najlepsza\\\/\",\"name\":\"Herbata na b\u00f3l gard\u0142a \u2013 jaka b\u0119dzie najlepsza? - Blog Coffeedesk.pl\",\"isPartOf\":{\"@id\":\"https:\\\/\\\/www.coffeedesk.pl\\\/blog\\\/#website\"},\"primaryImageOfPage\":{\"@id\":\"https:\\\/\\\/www.coffeedesk.pl\\\/blog\\\/herbata-na-bol-gardla-jaka-bedzie-najlepsza\\\/#primaryimage\"},\"image\":{\"@id\":\"https:\\\/\\\/www.coffeedesk.pl\\\/blog\\\/herbata-na-bol-gardla-jaka-bedzie-najlepsza\\\/#primaryimage\"},\"thumbnailUrl\":\"https:\\\/\\\/www.coffeedesk.pl\\\/blog\\\/wp-content\\\/uploads\\\/2022\\\/01\\\/herbata_imbir_poziom_2.jpg\",\"datePublished\":\"2023-11-27T13:53:02+00:00\",\"dateModified\":\"2023-12-21T14:24:44+00:00\",\"description\":\"B\u00f3l gard\u0142a to uporczywa dolegliwo\u015b\u0107, kt\u00f3rej - gdy si\u0119 pojawi - chcemy si\u0119 szybko pozby\u0107. Czy herbata mo\u017ce pom\u00f3c na b\u00f3l gard\u0142a? Sprawd\u017a!\",\"breadcrumb\":{\"@id\":\"https:\\\/\\\/www.coffeedesk.pl\\\/blog\\\/herbata-na-bol-gardla-jaka-bedzie-najlepsza\\\/#breadcrumb\"},\"inLanguage\":\"pl-PL\",\"potentialAction\":[{\"@type\":\"ReadAction\",\"target\":[\"https:\\\/\\\/www.coffeedesk.pl\\\/blog\\\/herbata-na-bol-gardla-jaka-bedzie-najlepsza\\\/\"]}]},{\"@type\":\"ImageObject\",\"inLanguage\":\"pl-PL\",\"@id\":\"https:\\\/\\\/www.coffeedesk.pl\\\/blog\\\/herbata-na-bol-gardla-jaka-bedzie-najlepsza\\\/#primaryimage\",\"url\":\"https:\\\/\\\/www.coffeedesk.pl\\\/blog\\\/wp-content\\\/uploads\\\/2022\\\/01\\\/herbata_imbir_poziom_2.jpg\",\"contentUrl\":\"https:\\\/\\\/www.coffeedesk.pl\\\/blog\\\/wp-content\\\/uploads\\\/2022\\\/01\\\/herbata_imbir_poziom_2.jpg\",\"width\":1024,\"height\":683,\"caption\":\"herbata z imbirem i cytryn\u0105\"},{\"@type\":\"BreadcrumbList\",\"@id\":\"https:\\\/\\\/www.coffeedesk.pl\\\/blog\\\/herbata-na-bol-gardla-jaka-bedzie-najlepsza\\\/#breadcrumb\",\"itemListElement\":[{\"@type\":\"ListItem\",\"position\":1,\"name\":\"Strona g\u0142\u00f3wna\",\"item\":\"https:\\\/\\\/www.coffeedesk.pl\\\/blog\\\/\"},{\"@type\":\"ListItem\",\"position\":2,\"name\":\"Herbata na b\u00f3l gard\u0142a \u2013 jaka b\u0119dzie najlepsza?\"}]},{\"@type\":\"WebSite\",\"@id\":\"https:\\\/\\\/www.coffeedesk.pl\\\/blog\\\/#website\",\"url\":\"https:\\\/\\\/www.coffeedesk.pl\\\/blog\\\/\",\"name\":\"Blog Coffeedesk.pl\",\"description\":\"\",\"publisher\":{\"@id\":\"https:\\\/\\\/www.coffeedesk.pl\\\/blog\\\/#organization\"},\"potentialAction\":[{\"@type\":\"SearchAction\",\"target\":{\"@type\":\"EntryPoint\",\"urlTemplate\":\"https:\\\/\\\/www.coffeedesk.pl\\\/blog\\\/?s={search_term_string}\"},\"query-input\":{\"@type\":\"PropertyValueSpecification\",\"valueRequired\":true,\"valueName\":\"search_term_string\"}}],\"inLanguage\":\"pl-PL\"},{\"@type\":\"Organization\",\"@id\":\"https:\\\/\\\/www.coffeedesk.pl\\\/blog\\\/#organization\",\"name\":\"Coffeedesk.pl\",\"url\":\"https:\\\/\\\/www.coffeedesk.pl\\\/blog\\\/\",\"logo\":{\"@type\":\"ImageObject\",\"inLanguage\":\"pl-PL\",\"@id\":\"https:\\\/\\\/www.coffeedesk.pl\\\/blog\\\/#\\\/schema\\\/logo\\\/image\\\/\",\"url\":\"https:\\\/\\\/www.coffeedesk.pl\\\/blog\\\/wp-content\\\/uploads\\\/2019\\\/10\\\/logo_color.png\",\"contentUrl\":\"https:\\\/\\\/www.coffeedesk.pl\\\/blog\\\/wp-content\\\/uploads\\\/2019\\\/10\\\/logo_color.png\",\"width\":246,\"height\":50,\"caption\":\"Coffeedesk.pl\"},\"image\":{\"@id\":\"https:\\\/\\\/www.coffeedesk.pl\\\/blog\\\/#\\\/schema\\\/logo\\\/image\\\/\"}},{\"@type\":\"Person\",\"@id\":\"https:\\\/\\\/www.coffeedesk.pl\\\/blog\\\/#\\\/schema\\\/person\\\/bf406b5d45d29fa966196cec20d4753f\",\"name\":\"Dorota Brzozowska\",\"image\":{\"@type\":\"ImageObject\",\"inLanguage\":\"pl-PL\",\"@id\":\"https:\\\/\\\/www.coffeedesk.pl\\\/blog\\\/wp-content\\\/uploads\\\/2018\\\/02\\\/30127216_2093408250676232_4259481301242871808_n-320x320.jpg\",\"url\":\"https:\\\/\\\/www.coffeedesk.pl\\\/blog\\\/wp-content\\\/uploads\\\/2018\\\/02\\\/30127216_2093408250676232_4259481301242871808_n-320x320.jpg\",\"contentUrl\":\"https:\\\/\\\/www.coffeedesk.pl\\\/blog\\\/wp-content\\\/uploads\\\/2018\\\/02\\\/30127216_2093408250676232_4259481301242871808_n-320x320.jpg\",\"caption\":\"Dorota Brzozowska\"},\"description\":\"Chocia\u017c opu\u015bci\u0142a ko\u0142obrzesk\u0105 kawiarni\u0119 wspiera Coffeedesk na odleg\u0142o\u015b\u0107. Pije czarn\u0105 kaw\u0119, wychowuje czarnego kota i studiuje filozofi\u0119.\",\"sameAs\":[\"http:\\\/\\\/coffeedesk.pl\"],\"url\":\"https:\\\/\\\/www.coffeedesk.pl\\\/blog\\\/author\\\/dbrzozowska\\\/\"}]}<\/script>\n<!-- \/ Yoast SEO plugin. -->","yoast_head_json":{"title":"Herbata na b\u00f3l gard\u0142a \u2013 jaka b\u0119dzie najlepsza? - Blog Coffeedesk.pl","description":"B\u00f3l gard\u0142a to uporczywa dolegliwo\u015b\u0107, kt\u00f3rej - gdy si\u0119 pojawi - chcemy si\u0119 szybko pozby\u0107. Czy herbata mo\u017ce pom\u00f3c na b\u00f3l gard\u0142a? Sprawd\u017a!","robots":{"index":"index","follow":"follow","max-snippet":"max-snippet:-1","max-image-preview":"max-image-preview:large","max-video-preview":"max-video-preview:-1"},"canonical":"https:\/\/www.coffeedesk.pl\/blog\/herbata-na-bol-gardla-jaka-bedzie-najlepsza\/","og_locale":"pl_PL","og_type":"article","og_title":"Herbata na b\u00f3l gard\u0142a \u2013 jaka b\u0119dzie najlepsza? - Blog Coffeedesk.pl","og_description":"B\u00f3l gard\u0142a to uporczywa dolegliwo\u015b\u0107, kt\u00f3rej - gdy si\u0119 pojawi - chcemy si\u0119 szybko pozby\u0107. Czy herbata mo\u017ce pom\u00f3c na b\u00f3l gard\u0142a? Sprawd\u017a!","og_url":"https:\/\/www.coffeedesk.pl\/blog\/herbata-na-bol-gardla-jaka-bedzie-najlepsza\/","og_site_name":"Blog Coffeedesk.pl","article_published_time":"2023-11-27T13:53:02+00:00","article_modified_time":"2023-12-21T14:24:44+00:00","og_image":[{"width":1024,"height":683,"url":"https:\/\/www.coffeedesk.pl\/blog\/wp-content\/uploads\/2022\/01\/herbata_imbir_poziom_2.jpg","type":"image\/jpeg"}],"author":"Dorota Brzozowska","twitter_card":"summary_large_image","twitter_misc":{"Napisane przez":"Dorota Brzozowska","Szacowany czas czytania":"3 minuty"},"schema":{"@context":"https:\/\/schema.org","@graph":[{"@type":"Article","@id":"https:\/\/www.coffeedesk.pl\/blog\/herbata-na-bol-gardla-jaka-bedzie-najlepsza\/#article","isPartOf":{"@id":"https:\/\/www.coffeedesk.pl\/blog\/herbata-na-bol-gardla-jaka-bedzie-najlepsza\/"},"author":{"name":"Dorota Brzozowska","@id":"https:\/\/www.coffeedesk.pl\/blog\/#\/schema\/person\/bf406b5d45d29fa966196cec20d4753f"},"headline":"Herbata na b\u00f3l gard\u0142a \u2013 jaka b\u0119dzie najlepsza?","datePublished":"2023-11-27T13:53:02+00:00","dateModified":"2023-12-21T14:24:44+00:00","mainEntityOfPage":{"@id":"https:\/\/www.coffeedesk.pl\/blog\/herbata-na-bol-gardla-jaka-bedzie-najlepsza\/"},"wordCount":487,"commentCount":0,"publisher":{"@id":"https:\/\/www.coffeedesk.pl\/blog\/#organization"},"image":{"@id":"https:\/\/www.coffeedesk.pl\/blog\/herbata-na-bol-gardla-jaka-bedzie-najlepsza\/#primaryimage"},"thumbnailUrl":"https:\/\/www.coffeedesk.pl\/blog\/wp-content\/uploads\/2022\/01\/herbata_imbir_poziom_2.jpg","articleSection":["Herbata","Zdrowie"],"inLanguage":"pl-PL","potentialAction":[{"@type":"CommentAction","name":"Comment","target":["https:\/\/www.coffeedesk.pl\/blog\/herbata-na-bol-gardla-jaka-bedzie-najlepsza\/#respond"]}]},{"@type":"WebPage","@id":"https:\/\/www.coffeedesk.pl\/blog\/herbata-na-bol-gardla-jaka-bedzie-najlepsza\/","url":"https:\/\/www.coffeedesk.pl\/blog\/herbata-na-bol-gardla-jaka-bedzie-najlepsza\/","name":"Herbata na b\u00f3l gard\u0142a \u2013 jaka b\u0119dzie najlepsza? - Blog Coffeedesk.pl","isPartOf":{"@id":"https:\/\/www.coffeedesk.pl\/blog\/#website"},"primaryImageOfPage":{"@id":"https:\/\/www.coffeedesk.pl\/blog\/herbata-na-bol-gardla-jaka-bedzie-najlepsza\/#primaryimage"},"image":{"@id":"https:\/\/www.coffeedesk.pl\/blog\/herbata-na-bol-gardla-jaka-bedzie-najlepsza\/#primaryimage"},"thumbnailUrl":"https:\/\/www.coffeedesk.pl\/blog\/wp-content\/uploads\/2022\/01\/herbata_imbir_poziom_2.jpg","datePublished":"2023-11-27T13:53:02+00:00","dateModified":"2023-12-21T14:24:44+00:00","description":"B\u00f3l gard\u0142a to uporczywa dolegliwo\u015b\u0107, kt\u00f3rej - gdy si\u0119 pojawi - chcemy si\u0119 szybko pozby\u0107. Czy herbata mo\u017ce pom\u00f3c na b\u00f3l gard\u0142a? Sprawd\u017a!","breadcrumb":{"@id":"https:\/\/www.coffeedesk.pl\/blog\/herbata-na-bol-gardla-jaka-bedzie-najlepsza\/#breadcrumb"},"inLanguage":"pl-PL","potentialAction":[{"@type":"ReadAction","target":["https:\/\/www.coffeedesk.pl\/blog\/herbata-na-bol-gardla-jaka-bedzie-najlepsza\/"]}]},{"@type":"ImageObject","inLanguage":"pl-PL","@id":"https:\/\/www.coffeedesk.pl\/blog\/herbata-na-bol-gardla-jaka-bedzie-najlepsza\/#primaryimage","url":"https:\/\/www.coffeedesk.pl\/blog\/wp-content\/uploads\/2022\/01\/herbata_imbir_poziom_2.jpg","contentUrl":"https:\/\/www.coffeedesk.pl\/blog\/wp-content\/uploads\/2022\/01\/herbata_imbir_poziom_2.jpg","width":1024,"height":683,"caption":"herbata z imbirem i cytryn\u0105"},{"@type":"BreadcrumbList","@id":"https:\/\/www.coffeedesk.pl\/blog\/herbata-na-bol-gardla-jaka-bedzie-najlepsza\/#breadcrumb","itemListElement":[{"@type":"ListItem","position":1,"name":"Strona g\u0142\u00f3wna","item":"https:\/\/www.coffeedesk.pl\/blog\/"},{"@type":"ListItem","position":2,"name":"Herbata na b\u00f3l gard\u0142a \u2013 jaka b\u0119dzie najlepsza?"}]},{"@type":"WebSite","@id":"https:\/\/www.coffeedesk.pl\/blog\/#website","url":"https:\/\/www.coffeedesk.pl\/blog\/","name":"Blog Coffeedesk.pl","description":"","publisher":{"@id":"https:\/\/www.coffeedesk.pl\/blog\/#organization"},"potentialAction":[{"@type":"SearchAction","target":{"@type":"EntryPoint","urlTemplate":"https:\/\/www.coffeedesk.pl\/blog\/?s={search_term_string}"},"query-input":{"@type":"PropertyValueSpecification","valueRequired":true,"valueName":"search_term_string"}}],"inLanguage":"pl-PL"},{"@type":"Organization","@id":"https:\/\/www.coffeedesk.pl\/blog\/#organization","name":"Coffeedesk.pl","url":"https:\/\/www.coffeedesk.pl\/blog\/","logo":{"@type":"ImageObject","inLanguage":"pl-PL","@id":"https:\/\/www.coffeedesk.pl\/blog\/#\/schema\/logo\/image\/","url":"https:\/\/www.coffeedesk.pl\/blog\/wp-content\/uploads\/2019\/10\/logo_color.png","contentUrl":"https:\/\/www.coffeedesk.pl\/blog\/wp-content\/uploads\/2019\/10\/logo_color.png","width":246,"height":50,"caption":"Coffeedesk.pl"},"image":{"@id":"https:\/\/www.coffeedesk.pl\/blog\/#\/schema\/logo\/image\/"}},{"@type":"Person","@id":"https:\/\/www.coffeedesk.pl\/blog\/#\/schema\/person\/bf406b5d45d29fa966196cec20d4753f","name":"Dorota Brzozowska","image":{"@type":"ImageObject","inLanguage":"pl-PL","@id":"https:\/\/www.coffeedesk.pl\/blog\/wp-content\/uploads\/2018\/02\/30127216_2093408250676232_4259481301242871808_n-320x320.jpg","url":"https:\/\/www.coffeedesk.pl\/blog\/wp-content\/uploads\/2018\/02\/30127216_2093408250676232_4259481301242871808_n-320x320.jpg","contentUrl":"https:\/\/www.coffeedesk.pl\/blog\/wp-content\/uploads\/2018\/02\/30127216_2093408250676232_4259481301242871808_n-320x320.jpg","caption":"Dorota Brzozowska"},"description":"Chocia\u017c opu\u015bci\u0142a ko\u0142obrzesk\u0105 kawiarni\u0119 wspiera Coffeedesk na odleg\u0142o\u015b\u0107. Pije czarn\u0105 kaw\u0119, wychowuje czarnego kota i studiuje filozofi\u0119.","sameAs":["http:\/\/coffeedesk.pl"],"url":"https:\/\/www.coffeedesk.pl\/blog\/author\/dbrzozowska\/"}]}},"jetpack_featured_media_url":"https:\/\/www.coffeedesk.pl\/blog\/wp-content\/uploads\/2022\/01\/herbata_imbir_poziom_2.jpg","_links":{"self":[{"href":"https:\/\/www.coffeedesk.pl\/blog\/wp-json\/wp\/v2\/posts\/24108","targetHints":{"allow":["GET"]}}],"collection":[{"href":"https:\/\/www.coffeedesk.pl\/blog\/wp-json\/wp\/v2\/posts"}],"about":[{"href":"https:\/\/www.coffeedesk.pl\/blog\/wp-json\/wp\/v2\/types\/post"}],"author":[{"embeddable":true,"href":"https:\/\/www.coffeedesk.pl\/blog\/wp-json\/wp\/v2\/users\/36"}],"replies":[{"embeddable":true,"href":"https:\/\/www.coffeedesk.pl\/blog\/wp-json\/wp\/v2\/comments?post=24108"}],"version-history":[{"count":1,"href":"https:\/\/www.coffeedesk.pl\/blog\/wp-json\/wp\/v2\/posts\/24108\/revisions"}],"predecessor-version":[{"id":24109,"href":"https:\/\/www.coffeedesk.pl\/blog\/wp-json\/wp\/v2\/posts\/24108\/revisions\/24109"}],"wp:featuredmedia":[{"embeddable":true,"href":"https:\/\/www.coffeedesk.pl\/blog\/wp-json\/wp\/v2\/media\/17306"}],"wp:attachment":[{"href":"https:\/\/www.coffeedesk.pl\/blog\/wp-json\/wp\/v2\/media?parent=24108"}],"wp:term":[{"taxonomy":"category","embeddable":true,"href":"https:\/\/www.coffeedesk.pl\/blog\/wp-json\/wp\/v2\/categories?post=24108"},{"taxonomy":"post_tag","embeddable":true,"href":"https:\/\/www.coffeedesk.pl\/blog\/wp-json\/wp\/v2\/tags?post=24108"},{"taxonomy":"powerkit_post_featured","embeddable":true,"href":"https:\/\/www.coffeedesk.pl\/blog\/wp-json\/wp\/v2\/powerkit_post_featured?post=24108"}],"curies":[{"name":"wp","href":"https:\/\/api.w.org\/{rel}","templated":true}]}}