{"id":28703,"date":"2026-03-11T15:38:11","date_gmt":"2026-03-11T14:38:11","guid":{"rendered":"https:\/\/www.coffeedesk.pl\/blog\/?p=28703"},"modified":"2026-03-11T15:47:47","modified_gmt":"2026-03-11T14:47:47","slug":"nowa-kawiarnia-coffeedesk-nowy-swiat","status":"publish","type":"post","link":"https:\/\/www.coffeedesk.pl\/blog\/nowa-kawiarnia-coffeedesk-nowy-swiat\/","title":{"rendered":"Nowa kawiarnia Coffeedesk przy Rondzie de Gaulle&#8217;a w Warszawie"},"content":{"rendered":"<h2 id=\"sa-miejsca-w-warszawie-ktore-zawsze-tetnia-zyciem-nowy-swiat-zdecydowanie-do-nich-nalezy-wlasnie-tam-otworzylismy-nasza-nowa-kawiarnie-coffeedesk-przestrzen-dla-porannego-espresso-spokojneg\"><b>S\u0105 miejsca w Warszawie, kt\u00f3re zawsze t\u0119tni\u0105 \u017cyciem. Nowy \u015awiat zdecydowanie do nich nale\u017cy. W\u0142a\u015bnie tam otworzyli\u015bmy nasz\u0105 now\u0105 kawiarni\u0119 Coffeedesk,\u00a0 przestrze\u0144 dla porannego espresso, spokojnego przelewu i wieczor\u00f3w, kt\u00f3re zaczynaj\u0105 si\u0119 od kawy, a ko\u0144cz\u0105 troch\u0119 p\u00f3\u017aniej.<\/b><\/h2>\n<p><img  loading=\"lazy\"  decoding=\"async\"  class=\"alignnone size-full wp-image-28706 pk-lazyload\"  src=\"data:image\/png;base64,iVBORw0KGgoAAAANSUhEUgAAAx8AAAIVAQMAAACKhtA0AAAAA1BMVEUAAP+KeNJXAAAAAXRSTlMAQObYZgAAAAlwSFlzAAAOxAAADsQBlSsOGwAAAEtJREFUeNrtwQENAAAAwqD3T20ON6AAAAAAAAAAAAAAAAAAAAAAAAAAAAAAAAAAAAAAAAAAAAAAAAAAAAAAAAAAAAAAAAAAAAAATgzSSQABp\/elWgAAAABJRU5ErkJggg==\"  alt=\"\"  width=\"799\"  height=\"533\"  data-pk-sizes=\"auto\"  data-ls-sizes=\"auto, (max-width: 799px) 100vw, 799px\"  data-pk-src=\"https:\/\/www.coffeedesk.pl\/blog\/wp-content\/uploads\/2026\/03\/55138263658_8e8ee1535b_c.jpg\"  data-pk-srcset=\"https:\/\/www.coffeedesk.pl\/blog\/wp-content\/uploads\/2026\/03\/55138263658_8e8ee1535b_c.jpg 799w, https:\/\/www.coffeedesk.pl\/blog\/wp-content\/uploads\/2026\/03\/55138263658_8e8ee1535b_c-320x213.jpg 320w, https:\/\/www.coffeedesk.pl\/blog\/wp-content\/uploads\/2026\/03\/55138263658_8e8ee1535b_c-560x374.jpg 560w\" ><\/p>\n<p><span style=\"font-weight: 400;\">Nie zwalniamy tempa, w\u0142a\u015bnie otworzyli\u015bmy kolejn\u0105 kawiarni\u0119 Coffeedesk w Warszawie. Nowy lokal znajdziecie przy ul. Nowy \u015awiat 6\/12, tu\u017c przy rondzie de Gaulle\u2019a, w charakterystycznym budynku dawnego Domu Partii. To ju\u017c sz\u00f3sta kawiarnia Coffeedesk w stolicy i kolejne miejsce na naszej kawowej mapie miasta. Chcieli\u015bmy stworzy\u0107 przestrze\u0144, kt\u00f3ra \u017cyje w rytmie Warszawy: poranne espresso w drodze do pracy, przelew wypity przy laptopie w \u015brodku dnia i wieczory, kt\u00f3re potrafi\u0105 przeci\u0105gn\u0105\u0107 si\u0119 troch\u0119 d\u0142u\u017cej przy dobrej muzyce i jeszcze lepszych spotkaniach.<\/span><\/p>\n<p><b>Kawiarnia w samym sercu miasta<\/b><\/p>\n<p><span style=\"font-weight: 400;\">Nowa kawiarnia powsta\u0142a w jednym z najbardziej symbolicznych punkt\u00f3w Warszawy. Budynek, w kt\u00f3rym si\u0119 mie\u015bcimy, jest wpisany na list\u0119 zabytk\u00f3w i przez lata pe\u0142ni\u0142 wa\u017cne funkcje w historii miasta, po 1989 roku dzia\u0142a\u0142a tu mi\u0119dzy innymi Gie\u0142da Papier\u00f3w Warto\u015bciowych. Dzi\u015b miejsce zyskuje nowe \u017cycie jako przestrze\u0144 spotka\u0144 i miejskiego hospitality, a Coffeedesk naturalnie wpisuje si\u0119 w t\u0119 energi\u0119.\u00a0<\/span><\/p>\n<p><img  loading=\"lazy\"  decoding=\"async\"  class=\"alignnone size-full wp-image-28704 pk-lazyload\"  src=\"data:image\/png;base64,iVBORw0KGgoAAAANSUhEUgAAAx8AAAIVAQMAAACKhtA0AAAAA1BMVEUAAP+KeNJXAAAAAXRSTlMAQObYZgAAAAlwSFlzAAAOxAAADsQBlSsOGwAAAEtJREFUeNrtwQENAAAAwqD3T20ON6AAAAAAAAAAAAAAAAAAAAAAAAAAAAAAAAAAAAAAAAAAAAAAAAAAAAAAAAAAAAAAAAAAAAAATgzSSQABp\/elWgAAAABJRU5ErkJggg==\"  alt=\"\"  width=\"799\"  height=\"533\"  data-pk-sizes=\"auto\"  data-ls-sizes=\"auto, (max-width: 799px) 100vw, 799px\"  data-pk-src=\"https:\/\/www.coffeedesk.pl\/blog\/wp-content\/uploads\/2026\/03\/55137202542_6cf72d3bb9_c.jpg\"  data-pk-srcset=\"https:\/\/www.coffeedesk.pl\/blog\/wp-content\/uploads\/2026\/03\/55137202542_6cf72d3bb9_c.jpg 799w, https:\/\/www.coffeedesk.pl\/blog\/wp-content\/uploads\/2026\/03\/55137202542_6cf72d3bb9_c-320x213.jpg 320w, https:\/\/www.coffeedesk.pl\/blog\/wp-content\/uploads\/2026\/03\/55137202542_6cf72d3bb9_c-560x374.jpg 560w\" ><\/p>\n<p><span style=\"font-weight: 400;\">Wn\u0119trze, jak w pozosta\u0142ych kawiarniach Coffeedesk zaprojektowa\u0142a Paulina Gardzielik, kt\u00f3ra w swoich projektach zawsze stara si\u0119 prowadzi\u0107 dialog z architektur\u0105 miejsca. Dlatego nowy lokal jest sp\u00f3jny z DNA marki, ale ma sw\u00f3j w\u0142asny charakter. Dominuj\u0105cym kolorem jest g\u0142\u0119bokie bordo, a ca\u0142o\u015b\u0107 \u0142\u0105czy drewno, metal, marmur, lustra i luksfery. To mieszanka modernistycznej elegancji i miejskiej energii, w kt\u00f3rej pojawiaj\u0105 si\u0119 te\u017c klasyki designu, jak krzes\u0142a PAGED czy o\u015bwietlenie Louis Poulsen.<\/span><\/p>\n<p><span style=\"font-weight: 400;\">W kawiarni nie zabrak\u0142o te\u017c elementu zaskoczenia, charakterystycznego dla naszych lokali architektonicznego \u201emrugni\u0119cia okiem\u201d. Tym razem zadba\u0142a o nie artystka Ania Augustynowicz-Akarda\u015f (Augustynka), a mural w \u0142azience stworzy\u0142 Cezary S\u00f3jka.<\/span><\/p>\n<p><img  loading=\"lazy\"  decoding=\"async\"  class=\"alignnone size-full wp-image-28708 pk-lazyload\"  src=\"data:image\/png;base64,iVBORw0KGgoAAAANSUhEUgAAAx8AAAIVAQMAAACKhtA0AAAAA1BMVEUAAP+KeNJXAAAAAXRSTlMAQObYZgAAAAlwSFlzAAAOxAAADsQBlSsOGwAAAEtJREFUeNrtwQENAAAAwqD3T20ON6AAAAAAAAAAAAAAAAAAAAAAAAAAAAAAAAAAAAAAAAAAAAAAAAAAAAAAAAAAAAAAAAAAAAAATgzSSQABp\/elWgAAAABJRU5ErkJggg==\"  alt=\"\"  width=\"799\"  height=\"533\"  data-pk-sizes=\"auto\"  data-ls-sizes=\"auto, (max-width: 799px) 100vw, 799px\"  data-pk-src=\"https:\/\/www.coffeedesk.pl\/blog\/wp-content\/uploads\/2026\/03\/55138477715_58c504bc17_c.jpg\"  data-pk-srcset=\"https:\/\/www.coffeedesk.pl\/blog\/wp-content\/uploads\/2026\/03\/55138477715_58c504bc17_c.jpg 799w, https:\/\/www.coffeedesk.pl\/blog\/wp-content\/uploads\/2026\/03\/55138477715_58c504bc17_c-320x213.jpg 320w, https:\/\/www.coffeedesk.pl\/blog\/wp-content\/uploads\/2026\/03\/55138477715_58c504bc17_c-560x374.jpg 560w\" ><\/p>\n<p><b>Muzyka jako cz\u0119\u015b\u0107 do\u015bwiadczenia<\/b><\/p>\n<p><span style=\"font-weight: 400;\">Nowy Coffeedesk przy Nowym \u015awiecie wyr\u00f3\u017cnia si\u0119 tak\u017ce muzyk\u0105, kt\u00f3ra w tej przestrzeni nie jest tylko t\u0142em. W kawiarni pojawi\u0142o si\u0119 profesjonalne stanowisko DJ-skie i nag\u0142o\u015bnienie zaprojektowane przez specjalist\u00f3w od sound experience. Dzi\u0119ki temu lokal \u017cyje od rana do wieczora. W Coffeedesku wierzymy, \u017ce kawiarnia mo\u017ce by\u0107 dzi\u015b czym\u015b wi\u0119cej ni\u017c miejscem na szybkie espresso, mo\u017ce by\u0107 \u201etrzecim miejscem\u201d, przestrzeni\u0105 pomi\u0119dzy domem a prac\u0105, w kt\u00f3rej po prostu dobrze si\u0119 sp\u0119dza czas.<\/span><\/p>\n<p><img  loading=\"lazy\"  decoding=\"async\"  class=\"alignnone size-full wp-image-28712 pk-lazyload\"  src=\"data:image\/png;base64,iVBORw0KGgoAAAANSUhEUgAAAx8AAAIVAQMAAACKhtA0AAAAA1BMVEUAAP+KeNJXAAAAAXRSTlMAQObYZgAAAAlwSFlzAAAOxAAADsQBlSsOGwAAAEtJREFUeNrtwQENAAAAwqD3T20ON6AAAAAAAAAAAAAAAAAAAAAAAAAAAAAAAAAAAAAAAAAAAAAAAAAAAAAAAAAAAAAAAAAAAAAATgzSSQABp\/elWgAAAABJRU5ErkJggg==\"  alt=\"\"  width=\"799\"  height=\"533\"  data-pk-sizes=\"auto\"  data-ls-sizes=\"auto, (max-width: 799px) 100vw, 799px\"  data-pk-src=\"https:\/\/www.coffeedesk.pl\/blog\/wp-content\/uploads\/2026\/03\/55137202167_420f40c576_c.jpg\"  data-pk-srcset=\"https:\/\/www.coffeedesk.pl\/blog\/wp-content\/uploads\/2026\/03\/55137202167_420f40c576_c.jpg 799w, https:\/\/www.coffeedesk.pl\/blog\/wp-content\/uploads\/2026\/03\/55137202167_420f40c576_c-320x213.jpg 320w, https:\/\/www.coffeedesk.pl\/blog\/wp-content\/uploads\/2026\/03\/55137202167_420f40c576_c-560x374.jpg 560w\" ><\/p>\n<p><span style=\"font-weight: 400;\">Oczywi\u015bcie najwa\u017cniejsza pozostaje kawa. Sercem baru jest trzygrupowy ekspres La Marzocco KB90, na kt\u00f3rym przygotowujemy klasyki z ekspresu, kawy mleczne i szerokie menu przelewowe. W fili\u017cankach pojawiaj\u0105 si\u0119 ziarna z r\u00f3\u017cnych region\u00f3w \u015bwiata, zar\u00f3wno w klasycznych, jak i eksperymentalnych obr\u00f3bkach, od polskich i zagranicznych palarni specialty.<\/span><\/p>\n<p><span style=\"font-weight: 400;\">Do kawy mo\u017cna dobra\u0107 kanapki i wypieki z warszawskich rzemie\u015blniczych pracowni, a sam lokal pe\u0142ni r\u00f3wnie\u017c funkcj\u0119 showroomu, w kt\u00f3rym mo\u017cna zobaczy\u0107 i przetestowa\u0107 profesjonalny sprz\u0119t do parzenia kawy.\u00a0<\/span><\/p>\n<p><img  loading=\"lazy\"  decoding=\"async\"  class=\"alignnone size-full wp-image-28714 pk-lazyload\"  src=\"data:image\/png;base64,iVBORw0KGgoAAAANSUhEUgAAAx8AAAIVAQMAAACKhtA0AAAAA1BMVEUAAP+KeNJXAAAAAXRSTlMAQObYZgAAAAlwSFlzAAAOxAAADsQBlSsOGwAAAEtJREFUeNrtwQENAAAAwqD3T20ON6AAAAAAAAAAAAAAAAAAAAAAAAAAAAAAAAAAAAAAAAAAAAAAAAAAAAAAAAAAAAAAAAAAAAAATgzSSQABp\/elWgAAAABJRU5ErkJggg==\"  alt=\"\"  width=\"799\"  height=\"533\"  data-pk-sizes=\"auto\"  data-ls-sizes=\"auto, (max-width: 799px) 100vw, 799px\"  data-pk-src=\"https:\/\/www.coffeedesk.pl\/blog\/wp-content\/uploads\/2026\/03\/55138324974_fb4cab7eb3_c.jpg\"  data-pk-srcset=\"https:\/\/www.coffeedesk.pl\/blog\/wp-content\/uploads\/2026\/03\/55138324974_fb4cab7eb3_c.jpg 799w, https:\/\/www.coffeedesk.pl\/blog\/wp-content\/uploads\/2026\/03\/55138324974_fb4cab7eb3_c-320x213.jpg 320w, https:\/\/www.coffeedesk.pl\/blog\/wp-content\/uploads\/2026\/03\/55138324974_fb4cab7eb3_c-560x374.jpg 560w\" ><\/p>\n<p><b>Wieczorna ods\u0142ona\u00a0<\/b><\/p>\n<p><span style=\"font-weight: 400;\">Nowo\u015bci\u0105 w tej lokalizacji jest tak\u017ce karta autorskich koktajli i mocktaili, kt\u00f3ra naturalnie rozszerza ofert\u0119 o wieczorny format. Jej autorem jest Mateusz Szuchnik, jeden z najbardziej utytu\u0142owanych polskich ekspert\u00f3w w dziedzinie miksologii, znany z licznych konkurs\u00f3w i barowych koncept\u00f3w na warszawskiej scenie gastronomicznej. Dzi\u0119ki temu Coffeedesk przy Nowym \u015awiecie p\u0142ynnie przechodzi od porannej kawiarni do miejsca, w kt\u00f3rym mo\u017cna sp\u0119dzi\u0107 wiecz\u00f3r.<\/span><\/p>\n<p><span style=\"font-weight: 400;\">Nowy Coffeedesk to kolejny rozdzia\u0142 w naszej historii, kt\u00f3ra od lat \u0142\u0105czy \u015bwiat kawy specialty, edukacji i profesjonalnego sprz\u0119tu do parzenia. W Warszawie dzia\u0142amy ju\u017c przy Wilczej, Pr\u00f3\u017cnej, na Tamce, w The Form przy Pa\u0144skiej oraz w Fabryce Norblina,\u00a0 a teraz tak\u017ce przy Nowym \u015awiecie.<\/span><\/p>\n<p><span style=\"font-weight: 400;\">Je\u015bli wi\u0119c spacerujecie po centrum miasta i macie ochot\u0119 na dobr\u0105 kaw\u0119, zajrzyjcie do nas.<\/span><\/p>\n<p><span style=\"font-weight: 400;\">Czekamy przy barze!<\/span><\/p>\n<p><img  loading=\"lazy\"  decoding=\"async\"  class=\"alignnone size-full wp-image-28716 pk-lazyload\"  src=\"data:image\/png;base64,iVBORw0KGgoAAAANSUhEUgAAAx8AAAIVAQMAAACKhtA0AAAAA1BMVEUAAP+KeNJXAAAAAXRSTlMAQObYZgAAAAlwSFlzAAAOxAAADsQBlSsOGwAAAEtJREFUeNrtwQENAAAAwqD3T20ON6AAAAAAAAAAAAAAAAAAAAAAAAAAAAAAAAAAAAAAAAAAAAAAAAAAAAAAAAAAAAAAAAAAAAAATgzSSQABp\/elWgAAAABJRU5ErkJggg==\"  alt=\"\"  width=\"799\"  height=\"533\"  data-pk-sizes=\"auto\"  data-ls-sizes=\"auto, (max-width: 799px) 100vw, 799px\"  data-pk-src=\"https:\/\/www.coffeedesk.pl\/blog\/wp-content\/uploads\/2026\/03\/55138324964_ee14edae74_c.jpg\"  data-pk-srcset=\"https:\/\/www.coffeedesk.pl\/blog\/wp-content\/uploads\/2026\/03\/55138324964_ee14edae74_c.jpg 799w, https:\/\/www.coffeedesk.pl\/blog\/wp-content\/uploads\/2026\/03\/55138324964_ee14edae74_c-320x213.jpg 320w, https:\/\/www.coffeedesk.pl\/blog\/wp-content\/uploads\/2026\/03\/55138324964_ee14edae74_c-560x374.jpg 560w\" ><\/p>\n","protected":false},"excerpt":{"rendered":"<div class=\"post-excerpt\">S\u0105 miejsca w Warszawie, kt\u00f3re zawsze t\u0119tni\u0105 \u017cyciem. Nowy \u015awiat zdecydowanie do nich nale\u017cy. W\u0142a\u015bnie tam otworzyli\u015bmy nasz\u0105 now\u0105 kawiarni\u0119 Coffeedesk,\u00a0 przestrze\u0144 dla porannego espresso, spokojnego przelewu i wieczor\u00f3w, kt\u00f3re&hellip;<\/div>\n<div class=\"post-more\"><a href=\"https:\/\/www.coffeedesk.pl\/blog\/nowa-kawiarnia-coffeedesk-nowy-swiat\/\" class=\"button button-primary button-effect\"><span>Czytaj wpis<\/span><span><i class=\"cs-icon cs-icon-arrow-right\"><\/i><\/span><\/a><\/div>\n","protected":false},"author":73,"featured_media":28719,"comment_status":"closed","ping_status":"open","sticky":false,"template":"","format":"standard","meta":{"_acf_changed":false,"footnotes":""},"categories":[63,106,2792],"tags":[],"powerkit_post_featured":[],"class_list":{"0":"post-28703","1":"post","2":"type-post","3":"status-publish","4":"format-standard","5":"has-post-thumbnail","7":"category-aktualnosci","8":"category-polecane","9":"category-przewodniki"},"acf":[],"author_display_name":"Dominik Ropela","author_url":"https:\/\/www.coffeedesk.pl\/blog\/author\/dominik-ropela\/","featured_image":"https:\/\/www.coffeedesk.pl\/blog\/wp-content\/uploads\/2026\/03\/55138323769_0c3fbd3dd3_k-800x533.jpg","post_tags":[],"post_categories":["Aktualno\u015bci","Polecane","Przewodniki"],"yoast_head":"<!-- This site is optimized with the Yoast SEO plugin v27.4 - https:\/\/yoast.com\/product\/yoast-seo-wordpress\/ -->\n<title>Nowa kawiarnia Coffeedesk przy Rondzie de Gaulle&#039;a w Warszawie - Blog Coffeedesk.pl<\/title>\n<meta name=\"description\" content=\"S\u0105 miejsca,kt\u00f3re zawsze t\u0119tni\u0105 \u017cyciem. Warszawski Nowy \u015awiat zdecydowanie do nich nale\u017cy. W\u0142a\u015bnie tam otworzyli\u015bmy now\u0105 kawiarni\u0119 Coffeedesk.\" \/>\n<meta name=\"robots\" content=\"index, follow, max-snippet:-1, max-image-preview:large, max-video-preview:-1\" \/>\n<link rel=\"canonical\" href=\"https:\/\/www.coffeedesk.pl\/blog\/nowa-kawiarnia-coffeedesk-nowy-swiat\/\" \/>\n<meta property=\"og:locale\" content=\"pl_PL\" \/>\n<meta property=\"og:type\" content=\"article\" \/>\n<meta property=\"og:title\" content=\"Nowa kawiarnia Coffeedesk przy Rondzie de Gaulle&#039;a w Warszawie - Blog Coffeedesk.pl\" \/>\n<meta property=\"og:description\" content=\"S\u0105 miejsca,kt\u00f3re zawsze t\u0119tni\u0105 \u017cyciem. Warszawski Nowy \u015awiat zdecydowanie do nich nale\u017cy. W\u0142a\u015bnie tam otworzyli\u015bmy now\u0105 kawiarni\u0119 Coffeedesk.\" \/>\n<meta property=\"og:url\" content=\"https:\/\/www.coffeedesk.pl\/blog\/nowa-kawiarnia-coffeedesk-nowy-swiat\/\" \/>\n<meta property=\"og:site_name\" content=\"Blog Coffeedesk.pl\" \/>\n<meta property=\"article:published_time\" content=\"2026-03-11T14:38:11+00:00\" \/>\n<meta property=\"article:modified_time\" content=\"2026-03-11T14:47:47+00:00\" \/>\n<meta property=\"og:image\" content=\"https:\/\/www.coffeedesk.pl\/blog\/wp-content\/uploads\/2026\/03\/55138323769_0c3fbd3dd3_k.jpg\" \/>\n\t<meta property=\"og:image:width\" content=\"2048\" \/>\n\t<meta property=\"og:image:height\" content=\"1365\" \/>\n\t<meta property=\"og:image:type\" content=\"image\/jpeg\" \/>\n<meta name=\"author\" content=\"Dominik Ropela\" \/>\n<meta name=\"twitter:card\" content=\"summary_large_image\" \/>\n<meta name=\"twitter:label1\" content=\"Napisane przez\" \/>\n\t<meta name=\"twitter:data1\" content=\"Dominik Ropela\" \/>\n\t<meta name=\"twitter:label2\" content=\"Szacowany czas czytania\" \/>\n\t<meta name=\"twitter:data2\" content=\"5 minut\" \/>\n<script type=\"application\/ld+json\" class=\"yoast-schema-graph\">{\"@context\":\"https:\\\/\\\/schema.org\",\"@graph\":[{\"@type\":\"Article\",\"@id\":\"https:\\\/\\\/www.coffeedesk.pl\\\/blog\\\/nowa-kawiarnia-coffeedesk-nowy-swiat\\\/#article\",\"isPartOf\":{\"@id\":\"https:\\\/\\\/www.coffeedesk.pl\\\/blog\\\/nowa-kawiarnia-coffeedesk-nowy-swiat\\\/\"},\"author\":{\"name\":\"Dominik Ropela\",\"@id\":\"https:\\\/\\\/www.coffeedesk.pl\\\/blog\\\/#\\\/schema\\\/person\\\/5328c87e859f9b191ecf9c1cc6b0529e\"},\"headline\":\"Nowa kawiarnia Coffeedesk przy Rondzie de Gaulle&#8217;a w Warszawie\",\"datePublished\":\"2026-03-11T14:38:11+00:00\",\"dateModified\":\"2026-03-11T14:47:47+00:00\",\"mainEntityOfPage\":{\"@id\":\"https:\\\/\\\/www.coffeedesk.pl\\\/blog\\\/nowa-kawiarnia-coffeedesk-nowy-swiat\\\/\"},\"wordCount\":668,\"publisher\":{\"@id\":\"https:\\\/\\\/www.coffeedesk.pl\\\/blog\\\/#organization\"},\"image\":{\"@id\":\"https:\\\/\\\/www.coffeedesk.pl\\\/blog\\\/nowa-kawiarnia-coffeedesk-nowy-swiat\\\/#primaryimage\"},\"thumbnailUrl\":\"https:\\\/\\\/www.coffeedesk.pl\\\/blog\\\/wp-content\\\/uploads\\\/2026\\\/03\\\/55138323769_0c3fbd3dd3_k.jpg\",\"articleSection\":[\"Aktualno\u015bci\",\"Polecane\",\"Przewodniki\"],\"inLanguage\":\"pl-PL\"},{\"@type\":\"WebPage\",\"@id\":\"https:\\\/\\\/www.coffeedesk.pl\\\/blog\\\/nowa-kawiarnia-coffeedesk-nowy-swiat\\\/\",\"url\":\"https:\\\/\\\/www.coffeedesk.pl\\\/blog\\\/nowa-kawiarnia-coffeedesk-nowy-swiat\\\/\",\"name\":\"Nowa kawiarnia Coffeedesk przy Rondzie de Gaulle'a w Warszawie - Blog Coffeedesk.pl\",\"isPartOf\":{\"@id\":\"https:\\\/\\\/www.coffeedesk.pl\\\/blog\\\/#website\"},\"primaryImageOfPage\":{\"@id\":\"https:\\\/\\\/www.coffeedesk.pl\\\/blog\\\/nowa-kawiarnia-coffeedesk-nowy-swiat\\\/#primaryimage\"},\"image\":{\"@id\":\"https:\\\/\\\/www.coffeedesk.pl\\\/blog\\\/nowa-kawiarnia-coffeedesk-nowy-swiat\\\/#primaryimage\"},\"thumbnailUrl\":\"https:\\\/\\\/www.coffeedesk.pl\\\/blog\\\/wp-content\\\/uploads\\\/2026\\\/03\\\/55138323769_0c3fbd3dd3_k.jpg\",\"datePublished\":\"2026-03-11T14:38:11+00:00\",\"dateModified\":\"2026-03-11T14:47:47+00:00\",\"description\":\"S\u0105 miejsca,kt\u00f3re zawsze t\u0119tni\u0105 \u017cyciem. Warszawski Nowy \u015awiat zdecydowanie do nich nale\u017cy. W\u0142a\u015bnie tam otworzyli\u015bmy now\u0105 kawiarni\u0119 Coffeedesk.\",\"breadcrumb\":{\"@id\":\"https:\\\/\\\/www.coffeedesk.pl\\\/blog\\\/nowa-kawiarnia-coffeedesk-nowy-swiat\\\/#breadcrumb\"},\"inLanguage\":\"pl-PL\",\"potentialAction\":[{\"@type\":\"ReadAction\",\"target\":[\"https:\\\/\\\/www.coffeedesk.pl\\\/blog\\\/nowa-kawiarnia-coffeedesk-nowy-swiat\\\/\"]}]},{\"@type\":\"ImageObject\",\"inLanguage\":\"pl-PL\",\"@id\":\"https:\\\/\\\/www.coffeedesk.pl\\\/blog\\\/nowa-kawiarnia-coffeedesk-nowy-swiat\\\/#primaryimage\",\"url\":\"https:\\\/\\\/www.coffeedesk.pl\\\/blog\\\/wp-content\\\/uploads\\\/2026\\\/03\\\/55138323769_0c3fbd3dd3_k.jpg\",\"contentUrl\":\"https:\\\/\\\/www.coffeedesk.pl\\\/blog\\\/wp-content\\\/uploads\\\/2026\\\/03\\\/55138323769_0c3fbd3dd3_k.jpg\",\"width\":2048,\"height\":1365},{\"@type\":\"BreadcrumbList\",\"@id\":\"https:\\\/\\\/www.coffeedesk.pl\\\/blog\\\/nowa-kawiarnia-coffeedesk-nowy-swiat\\\/#breadcrumb\",\"itemListElement\":[{\"@type\":\"ListItem\",\"position\":1,\"name\":\"Strona g\u0142\u00f3wna\",\"item\":\"https:\\\/\\\/www.coffeedesk.pl\\\/blog\\\/\"},{\"@type\":\"ListItem\",\"position\":2,\"name\":\"Nowa kawiarnia Coffeedesk przy Rondzie de Gaulle&#8217;a w Warszawie\"}]},{\"@type\":\"WebSite\",\"@id\":\"https:\\\/\\\/www.coffeedesk.pl\\\/blog\\\/#website\",\"url\":\"https:\\\/\\\/www.coffeedesk.pl\\\/blog\\\/\",\"name\":\"Blog Coffeedesk.pl\",\"description\":\"\",\"publisher\":{\"@id\":\"https:\\\/\\\/www.coffeedesk.pl\\\/blog\\\/#organization\"},\"potentialAction\":[{\"@type\":\"SearchAction\",\"target\":{\"@type\":\"EntryPoint\",\"urlTemplate\":\"https:\\\/\\\/www.coffeedesk.pl\\\/blog\\\/?s={search_term_string}\"},\"query-input\":{\"@type\":\"PropertyValueSpecification\",\"valueRequired\":true,\"valueName\":\"search_term_string\"}}],\"inLanguage\":\"pl-PL\"},{\"@type\":\"Organization\",\"@id\":\"https:\\\/\\\/www.coffeedesk.pl\\\/blog\\\/#organization\",\"name\":\"Coffeedesk.pl\",\"url\":\"https:\\\/\\\/www.coffeedesk.pl\\\/blog\\\/\",\"logo\":{\"@type\":\"ImageObject\",\"inLanguage\":\"pl-PL\",\"@id\":\"https:\\\/\\\/www.coffeedesk.pl\\\/blog\\\/#\\\/schema\\\/logo\\\/image\\\/\",\"url\":\"https:\\\/\\\/www.coffeedesk.pl\\\/blog\\\/wp-content\\\/uploads\\\/2019\\\/10\\\/logo_color.png\",\"contentUrl\":\"https:\\\/\\\/www.coffeedesk.pl\\\/blog\\\/wp-content\\\/uploads\\\/2019\\\/10\\\/logo_color.png\",\"width\":246,\"height\":50,\"caption\":\"Coffeedesk.pl\"},\"image\":{\"@id\":\"https:\\\/\\\/www.coffeedesk.pl\\\/blog\\\/#\\\/schema\\\/logo\\\/image\\\/\"}},{\"@type\":\"Person\",\"@id\":\"https:\\\/\\\/www.coffeedesk.pl\\\/blog\\\/#\\\/schema\\\/person\\\/5328c87e859f9b191ecf9c1cc6b0529e\",\"name\":\"Dominik Ropela\",\"image\":{\"@type\":\"ImageObject\",\"inLanguage\":\"pl-PL\",\"@id\":\"https:\\\/\\\/www.coffeedesk.pl\\\/blog\\\/wp-content\\\/uploads\\\/2023\\\/06\\\/IMG_2323-320x320.jpg\",\"url\":\"https:\\\/\\\/www.coffeedesk.pl\\\/blog\\\/wp-content\\\/uploads\\\/2023\\\/06\\\/IMG_2323-320x320.jpg\",\"contentUrl\":\"https:\\\/\\\/www.coffeedesk.pl\\\/blog\\\/wp-content\\\/uploads\\\/2023\\\/06\\\/IMG_2323-320x320.jpg\",\"caption\":\"Dominik Ropela\"},\"description\":\"Prawnik z dusz\u0105 marketingowca. W Coffeedesk odpowiadam za wydarzenia, akcje sprzeda\u017cowe i wszystko, co dzieje si\u0119 \u201ena froncie\u201d warszawskich lokali. Po pracy zagl\u0105dam do nowych gastro miejsc\u00f3wek, podr\u00f3\u017cuj\u0119 i robi\u0119 zdj\u0119cia analogiem, \u017ceby o niczym nie zapomnie\u0107.\",\"sameAs\":[\"https:\\\/\\\/www.linkedin.com\\\/in\\\/dominik-ropela\\\/\"],\"url\":\"https:\\\/\\\/www.coffeedesk.pl\\\/blog\\\/author\\\/dominik-ropela\\\/\"}]}<\/script>\n<!-- \/ Yoast SEO plugin. -->","yoast_head_json":{"title":"Nowa kawiarnia Coffeedesk przy Rondzie de Gaulle'a w Warszawie - Blog Coffeedesk.pl","description":"S\u0105 miejsca,kt\u00f3re zawsze t\u0119tni\u0105 \u017cyciem. Warszawski Nowy \u015awiat zdecydowanie do nich nale\u017cy. W\u0142a\u015bnie tam otworzyli\u015bmy now\u0105 kawiarni\u0119 Coffeedesk.","robots":{"index":"index","follow":"follow","max-snippet":"max-snippet:-1","max-image-preview":"max-image-preview:large","max-video-preview":"max-video-preview:-1"},"canonical":"https:\/\/www.coffeedesk.pl\/blog\/nowa-kawiarnia-coffeedesk-nowy-swiat\/","og_locale":"pl_PL","og_type":"article","og_title":"Nowa kawiarnia Coffeedesk przy Rondzie de Gaulle'a w Warszawie - Blog Coffeedesk.pl","og_description":"S\u0105 miejsca,kt\u00f3re zawsze t\u0119tni\u0105 \u017cyciem. Warszawski Nowy \u015awiat zdecydowanie do nich nale\u017cy. W\u0142a\u015bnie tam otworzyli\u015bmy now\u0105 kawiarni\u0119 Coffeedesk.","og_url":"https:\/\/www.coffeedesk.pl\/blog\/nowa-kawiarnia-coffeedesk-nowy-swiat\/","og_site_name":"Blog Coffeedesk.pl","article_published_time":"2026-03-11T14:38:11+00:00","article_modified_time":"2026-03-11T14:47:47+00:00","og_image":[{"width":2048,"height":1365,"url":"https:\/\/www.coffeedesk.pl\/blog\/wp-content\/uploads\/2026\/03\/55138323769_0c3fbd3dd3_k.jpg","type":"image\/jpeg"}],"author":"Dominik Ropela","twitter_card":"summary_large_image","twitter_misc":{"Napisane przez":"Dominik Ropela","Szacowany czas czytania":"5 minut"},"schema":{"@context":"https:\/\/schema.org","@graph":[{"@type":"Article","@id":"https:\/\/www.coffeedesk.pl\/blog\/nowa-kawiarnia-coffeedesk-nowy-swiat\/#article","isPartOf":{"@id":"https:\/\/www.coffeedesk.pl\/blog\/nowa-kawiarnia-coffeedesk-nowy-swiat\/"},"author":{"name":"Dominik Ropela","@id":"https:\/\/www.coffeedesk.pl\/blog\/#\/schema\/person\/5328c87e859f9b191ecf9c1cc6b0529e"},"headline":"Nowa kawiarnia Coffeedesk przy Rondzie de Gaulle&#8217;a w Warszawie","datePublished":"2026-03-11T14:38:11+00:00","dateModified":"2026-03-11T14:47:47+00:00","mainEntityOfPage":{"@id":"https:\/\/www.coffeedesk.pl\/blog\/nowa-kawiarnia-coffeedesk-nowy-swiat\/"},"wordCount":668,"publisher":{"@id":"https:\/\/www.coffeedesk.pl\/blog\/#organization"},"image":{"@id":"https:\/\/www.coffeedesk.pl\/blog\/nowa-kawiarnia-coffeedesk-nowy-swiat\/#primaryimage"},"thumbnailUrl":"https:\/\/www.coffeedesk.pl\/blog\/wp-content\/uploads\/2026\/03\/55138323769_0c3fbd3dd3_k.jpg","articleSection":["Aktualno\u015bci","Polecane","Przewodniki"],"inLanguage":"pl-PL"},{"@type":"WebPage","@id":"https:\/\/www.coffeedesk.pl\/blog\/nowa-kawiarnia-coffeedesk-nowy-swiat\/","url":"https:\/\/www.coffeedesk.pl\/blog\/nowa-kawiarnia-coffeedesk-nowy-swiat\/","name":"Nowa kawiarnia Coffeedesk przy Rondzie de Gaulle'a w Warszawie - Blog Coffeedesk.pl","isPartOf":{"@id":"https:\/\/www.coffeedesk.pl\/blog\/#website"},"primaryImageOfPage":{"@id":"https:\/\/www.coffeedesk.pl\/blog\/nowa-kawiarnia-coffeedesk-nowy-swiat\/#primaryimage"},"image":{"@id":"https:\/\/www.coffeedesk.pl\/blog\/nowa-kawiarnia-coffeedesk-nowy-swiat\/#primaryimage"},"thumbnailUrl":"https:\/\/www.coffeedesk.pl\/blog\/wp-content\/uploads\/2026\/03\/55138323769_0c3fbd3dd3_k.jpg","datePublished":"2026-03-11T14:38:11+00:00","dateModified":"2026-03-11T14:47:47+00:00","description":"S\u0105 miejsca,kt\u00f3re zawsze t\u0119tni\u0105 \u017cyciem. Warszawski Nowy \u015awiat zdecydowanie do nich nale\u017cy. W\u0142a\u015bnie tam otworzyli\u015bmy now\u0105 kawiarni\u0119 Coffeedesk.","breadcrumb":{"@id":"https:\/\/www.coffeedesk.pl\/blog\/nowa-kawiarnia-coffeedesk-nowy-swiat\/#breadcrumb"},"inLanguage":"pl-PL","potentialAction":[{"@type":"ReadAction","target":["https:\/\/www.coffeedesk.pl\/blog\/nowa-kawiarnia-coffeedesk-nowy-swiat\/"]}]},{"@type":"ImageObject","inLanguage":"pl-PL","@id":"https:\/\/www.coffeedesk.pl\/blog\/nowa-kawiarnia-coffeedesk-nowy-swiat\/#primaryimage","url":"https:\/\/www.coffeedesk.pl\/blog\/wp-content\/uploads\/2026\/03\/55138323769_0c3fbd3dd3_k.jpg","contentUrl":"https:\/\/www.coffeedesk.pl\/blog\/wp-content\/uploads\/2026\/03\/55138323769_0c3fbd3dd3_k.jpg","width":2048,"height":1365},{"@type":"BreadcrumbList","@id":"https:\/\/www.coffeedesk.pl\/blog\/nowa-kawiarnia-coffeedesk-nowy-swiat\/#breadcrumb","itemListElement":[{"@type":"ListItem","position":1,"name":"Strona g\u0142\u00f3wna","item":"https:\/\/www.coffeedesk.pl\/blog\/"},{"@type":"ListItem","position":2,"name":"Nowa kawiarnia Coffeedesk przy Rondzie de Gaulle&#8217;a w Warszawie"}]},{"@type":"WebSite","@id":"https:\/\/www.coffeedesk.pl\/blog\/#website","url":"https:\/\/www.coffeedesk.pl\/blog\/","name":"Blog Coffeedesk.pl","description":"","publisher":{"@id":"https:\/\/www.coffeedesk.pl\/blog\/#organization"},"potentialAction":[{"@type":"SearchAction","target":{"@type":"EntryPoint","urlTemplate":"https:\/\/www.coffeedesk.pl\/blog\/?s={search_term_string}"},"query-input":{"@type":"PropertyValueSpecification","valueRequired":true,"valueName":"search_term_string"}}],"inLanguage":"pl-PL"},{"@type":"Organization","@id":"https:\/\/www.coffeedesk.pl\/blog\/#organization","name":"Coffeedesk.pl","url":"https:\/\/www.coffeedesk.pl\/blog\/","logo":{"@type":"ImageObject","inLanguage":"pl-PL","@id":"https:\/\/www.coffeedesk.pl\/blog\/#\/schema\/logo\/image\/","url":"https:\/\/www.coffeedesk.pl\/blog\/wp-content\/uploads\/2019\/10\/logo_color.png","contentUrl":"https:\/\/www.coffeedesk.pl\/blog\/wp-content\/uploads\/2019\/10\/logo_color.png","width":246,"height":50,"caption":"Coffeedesk.pl"},"image":{"@id":"https:\/\/www.coffeedesk.pl\/blog\/#\/schema\/logo\/image\/"}},{"@type":"Person","@id":"https:\/\/www.coffeedesk.pl\/blog\/#\/schema\/person\/5328c87e859f9b191ecf9c1cc6b0529e","name":"Dominik Ropela","image":{"@type":"ImageObject","inLanguage":"pl-PL","@id":"https:\/\/www.coffeedesk.pl\/blog\/wp-content\/uploads\/2023\/06\/IMG_2323-320x320.jpg","url":"https:\/\/www.coffeedesk.pl\/blog\/wp-content\/uploads\/2023\/06\/IMG_2323-320x320.jpg","contentUrl":"https:\/\/www.coffeedesk.pl\/blog\/wp-content\/uploads\/2023\/06\/IMG_2323-320x320.jpg","caption":"Dominik Ropela"},"description":"Prawnik z dusz\u0105 marketingowca. W Coffeedesk odpowiadam za wydarzenia, akcje sprzeda\u017cowe i wszystko, co dzieje si\u0119 \u201ena froncie\u201d warszawskich lokali. Po pracy zagl\u0105dam do nowych gastro miejsc\u00f3wek, podr\u00f3\u017cuj\u0119 i robi\u0119 zdj\u0119cia analogiem, \u017ceby o niczym nie zapomnie\u0107.","sameAs":["https:\/\/www.linkedin.com\/in\/dominik-ropela\/"],"url":"https:\/\/www.coffeedesk.pl\/blog\/author\/dominik-ropela\/"}]}},"jetpack_featured_media_url":"https:\/\/www.coffeedesk.pl\/blog\/wp-content\/uploads\/2026\/03\/55138323769_0c3fbd3dd3_k.jpg","_links":{"self":[{"href":"https:\/\/www.coffeedesk.pl\/blog\/wp-json\/wp\/v2\/posts\/28703","targetHints":{"allow":["GET"]}}],"collection":[{"href":"https:\/\/www.coffeedesk.pl\/blog\/wp-json\/wp\/v2\/posts"}],"about":[{"href":"https:\/\/www.coffeedesk.pl\/blog\/wp-json\/wp\/v2\/types\/post"}],"author":[{"embeddable":true,"href":"https:\/\/www.coffeedesk.pl\/blog\/wp-json\/wp\/v2\/users\/73"}],"replies":[{"embeddable":true,"href":"https:\/\/www.coffeedesk.pl\/blog\/wp-json\/wp\/v2\/comments?post=28703"}],"version-history":[{"count":3,"href":"https:\/\/www.coffeedesk.pl\/blog\/wp-json\/wp\/v2\/posts\/28703\/revisions"}],"predecessor-version":[{"id":28718,"href":"https:\/\/www.coffeedesk.pl\/blog\/wp-json\/wp\/v2\/posts\/28703\/revisions\/28718"}],"wp:featuredmedia":[{"embeddable":true,"href":"https:\/\/www.coffeedesk.pl\/blog\/wp-json\/wp\/v2\/media\/28719"}],"wp:attachment":[{"href":"https:\/\/www.coffeedesk.pl\/blog\/wp-json\/wp\/v2\/media?parent=28703"}],"wp:term":[{"taxonomy":"category","embeddable":true,"href":"https:\/\/www.coffeedesk.pl\/blog\/wp-json\/wp\/v2\/categories?post=28703"},{"taxonomy":"post_tag","embeddable":true,"href":"https:\/\/www.coffeedesk.pl\/blog\/wp-json\/wp\/v2\/tags?post=28703"},{"taxonomy":"powerkit_post_featured","embeddable":true,"href":"https:\/\/www.coffeedesk.pl\/blog\/wp-json\/wp\/v2\/powerkit_post_featured?post=28703"}],"curies":[{"name":"wp","href":"https:\/\/api.w.org\/{rel}","templated":true}]}}