{"id":3725,"date":"2018-02-06T05:28:49","date_gmt":"2018-02-06T04:28:49","guid":{"rendered":"https:\/\/www.coffeedesk.pl\/blog\/?p=3725"},"modified":"2020-03-12T14:47:32","modified_gmt":"2020-03-12T13:47:32","slug":"kawowa-prasowka-6-lutego-2018","status":"publish","type":"post","link":"https:\/\/www.coffeedesk.pl\/blog\/kawowa-prasowka-6-lutego-2018\/","title":{"rendered":"Kawowa Pras\u00f3wka &#8211; 6 lutego 2018"},"content":{"rendered":"<p><strong><big>Cze\u015b\u0107 w lutym! Dni s\u0105 ju\u017c ponad godzin\u0119 d\u0142u\u017csze od najkr\u00f3tszego dnia w roku, a i espresso jakie\u015b takie bardziej owocowe i rze\u015bkie ni\u017c do tej pory. Jeszcze tylko kilka pras\u00f3wek i za oknami zago\u015bci wiosna, a w fili\u017cankach zbiory \u015bwie\u017cych Kenii!<\/big><\/strong><\/p>\n<ol>\n<li>Pami\u0119tacie <a href=\"https:\/\/www.coffeedesk.pl\/blog\/kofeina-przekofeinowanie-dzialanie\/\" target=\"_blank\" rel=\"noopener noreferrer\">artyku\u0142<\/a>\u00a0o kofeinie jako narkotyku? By\u0142o tam troch\u0119 o syndromie odstawienia. Wi\u0119cej o tym, dlaczego boli Ci\u0119 g\u0142owa, gdy pominiesz sw\u0105 codzienn\u0105 fili\u017cank\u0119, znalaz\u0142em w <a href=\"https:\/\/www.foodandwine.com\/news\/why-skipping-coffee-gives-you-headache-according-science\" target=\"_blank\" rel=\"nofollow noopener noreferrer\">tym artykule<\/a>. W pakiecie filmik od SciShow!<\/li>\n<li>Kolejne oficjalne zawody <a href=\"https:\/\/www.polscywydarzenia.pl\/wydarzenia\/1583317\/mistrzostwa-polski-barista-2018-warszawski-festiwal-kawy\" target=\"_blank\" rel=\"nofollow noopener noreferrer\">potwierdzone<\/a>! Po kilku latach nieobecno\u015bci koronna dyscyplina, Mistrzostwa Polski Barista, wraca do stolicy. Najbardziej presti\u017cow\u0105\u00a0konkurencj\u0119 w kawowym \u015bwiecie b\u0119dzie mo\u017cna ogl\u0105da\u0107 w sobot\u0119, 10 marca, podczas Warszawskiego Festiwalu Kawy przy ulicy Brackiej 25. Czy w dziesi\u0105tym roku kobiecej dominacji po tryumf si\u0119gnie jaki\u015b barista? Czy jednak zn\u00f3w Rojes? \ud83d\ude09<\/li>\n<li><a href=\"https:\/\/www.perfectdailygrind.com\/2018\/01\/coffee-tasting-exercises-will-improve-palate\/\" target=\"_blank\" rel=\"nofollow noopener noreferrer\">\u015awietny artyku\u0142<\/a> dla wszystkich, kt\u00f3rzy chc\u0105 \u0107wiczy\u0107 i usprawnia\u0107 swoj\u0105 sensoryk\u0119. Mn\u00f3stwo przydatnych porad, przyk\u0142ady trening\u00f3w i cenne wskaz\u00f3wki od obecnego Mistrza \u015awiata Cup Tasters. W \u015brodku znajdziecie te\u017c link do sensorycznego leksykonu opracowanego przez World Coffee Research. Gratka! Okazja!<\/li>\n<li>Na deser wisienka z tortu lepsza, ni\u017c m\u00f3g\u0142by zaoferowa\u0107\u00a0Mr. Woolf. \u0141ukasz, Marcin i Jacek, czyli sk\u0142ad coffeedeskowego kapita\u0144skiego mostka, w artykule na \u0142amach\u2026 <a href=\"https:\/\/www.facebook.com\/coffeedeskpl\/photos\/a.542667712430789.125550.529031313794429\/1806669932697221\/?type=3\" target=\"_blank\" rel=\"noopener noreferrer\">Forbes\u2019a<\/a>! Niestety tak presti\u017cowy periodyk nie publikuje swych bie\u017c\u0105cych tre\u015bci za darmo. Mo\u017cna kupi\u0107 e-wydanie lub zagada\u0107 z pani\u0105\u00a0Jadzi\u0105 z kiosku na dole. Szacunek, Panowie!<\/li>\n<\/ol>\n<p>Do zobaczenia za tydzie\u0144!<\/p>\n","protected":false},"excerpt":{"rendered":"<div class=\"post-excerpt\">Cze\u015b\u0107 w lutym! Dni s\u0105 ju\u017c ponad godzin\u0119 d\u0142u\u017csze od najkr\u00f3tszego dnia w roku, a i espresso jakie\u015b takie bardziej owocowe i rze\u015bkie ni\u017c do tej pory. Jeszcze tylko kilka&hellip;<\/div>\n<div class=\"post-more\"><a href=\"https:\/\/www.coffeedesk.pl\/blog\/kawowa-prasowka-6-lutego-2018\/\" class=\"button button-primary button-effect\"><span>Czytaj wpis<\/span><span><i class=\"cs-icon cs-icon-arrow-right\"><\/i><\/span><\/a><\/div>\n","protected":false},"author":25,"featured_media":3357,"comment_status":"open","ping_status":"open","sticky":false,"template":"","format":"standard","meta":{"_acf_changed":false,"footnotes":""},"categories":[34,47,40,41],"tags":[909,179,931,889,880,992,334],"powerkit_post_featured":[],"class_list":{"0":"post-3725","1":"post","2":"type-post","3":"status-publish","4":"format-standard","5":"has-post-thumbnail","7":"category-kawa","8":"category-lifestyle","9":"category-mity","10":"category-speciality","11":"tag-909","12":"tag-coffeedesk","13":"tag-kawowa-prasowka","14":"tag-mistrzostwa-polski-barista","15":"tag-prasowka","16":"tag-sensoryka","17":"tag-warszawa"},"acf":[],"author_display_name":"Piotr Je\u017cewski","author_url":"https:\/\/www.coffeedesk.pl\/blog\/author\/piotrjezewski\/","featured_image":"https:\/\/www.coffeedesk.pl\/blog\/wp-content\/uploads\/2017\/12\/prasowka-s-800x533.jpeg","post_tags":["2018","coffeedesk","kawowa pras\u00f3wka","mistrzostwa polski barista","pras\u00f3wka","sensoryka","warszawa"],"post_categories":["Kawa","Lifestyle","Mity","Speciality"],"yoast_head":"<!-- This site is optimized with the Yoast SEO plugin v27.4 - https:\/\/yoast.com\/product\/yoast-seo-wordpress\/ -->\n<title>Kawowa Pras\u00f3wka - 6 lutego 2018 - Blog CoffeeDesk.pl<\/title>\n<meta name=\"description\" content=\"PIerwsza w lutym Kawowa Pras\u00f3wka przynosi Wam wie\u015bci o Mistrzostwach Polski Barista 2018, o tym, jak poprawi\u0107 swoj\u0105 sensoryk\u0119 (i to rady od samego Mistrza \u015awiata Cup Tasters!), a tak\u017ce co CoffeeDesk ma wsp\u00f3lnego z presti\u017cowym magazynem Forbes.\" \/>\n<meta name=\"robots\" content=\"index, follow, max-snippet:-1, max-image-preview:large, max-video-preview:-1\" \/>\n<link rel=\"canonical\" href=\"https:\/\/www.coffeedesk.pl\/blog\/kawowa-prasowka-6-lutego-2018\/\" \/>\n<meta property=\"og:locale\" content=\"pl_PL\" \/>\n<meta property=\"og:type\" content=\"article\" \/>\n<meta property=\"og:title\" content=\"Kawowa Pras\u00f3wka - 6 lutego 2018 - Blog CoffeeDesk.pl\" \/>\n<meta property=\"og:description\" content=\"PIerwsza w lutym Kawowa Pras\u00f3wka przynosi Wam wie\u015bci o Mistrzostwach Polski Barista 2018, o tym, jak poprawi\u0107 swoj\u0105 sensoryk\u0119 (i to rady od samego Mistrza \u015awiata Cup Tasters!), a tak\u017ce co CoffeeDesk ma wsp\u00f3lnego z presti\u017cowym magazynem Forbes.\" \/>\n<meta property=\"og:url\" content=\"https:\/\/www.coffeedesk.pl\/blog\/kawowa-prasowka-6-lutego-2018\/\" \/>\n<meta property=\"og:site_name\" content=\"Blog Coffeedesk.pl\" \/>\n<meta property=\"article:author\" content=\"https:\/\/www.facebook.com\/heresy.coffee\" \/>\n<meta property=\"article:published_time\" content=\"2018-02-06T04:28:49+00:00\" \/>\n<meta property=\"article:modified_time\" content=\"2020-03-12T13:47:32+00:00\" \/>\n<meta property=\"og:image\" content=\"https:\/\/www.coffeedesk.pl\/blog\/wp-content\/uploads\/2017\/12\/prasowka-s.jpeg\" \/>\n\t<meta property=\"og:image:width\" content=\"1920\" \/>\n\t<meta property=\"og:image:height\" content=\"1280\" \/>\n\t<meta property=\"og:image:type\" content=\"image\/jpeg\" \/>\n<meta name=\"author\" content=\"Piotr Je\u017cewski\" \/>\n<meta name=\"twitter:card\" content=\"summary_large_image\" \/>\n<meta name=\"twitter:label1\" content=\"Napisane przez\" \/>\n\t<meta name=\"twitter:data1\" content=\"Piotr Je\u017cewski\" \/>\n\t<meta name=\"twitter:label2\" content=\"Szacowany czas czytania\" \/>\n\t<meta name=\"twitter:data2\" content=\"1 minuta\" \/>\n<script type=\"application\/ld+json\" class=\"yoast-schema-graph\">{\"@context\":\"https:\\\/\\\/schema.org\",\"@graph\":[{\"@type\":\"Article\",\"@id\":\"https:\\\/\\\/www.coffeedesk.pl\\\/blog\\\/kawowa-prasowka-6-lutego-2018\\\/#article\",\"isPartOf\":{\"@id\":\"https:\\\/\\\/www.coffeedesk.pl\\\/blog\\\/kawowa-prasowka-6-lutego-2018\\\/\"},\"author\":{\"name\":\"Piotr Je\u017cewski\",\"@id\":\"https:\\\/\\\/www.coffeedesk.pl\\\/blog\\\/#\\\/schema\\\/person\\\/a7fcc4a800bbfe6fcac6a029e7ecef02\"},\"headline\":\"Kawowa Pras\u00f3wka &#8211; 6 lutego 2018\",\"datePublished\":\"2018-02-06T04:28:49+00:00\",\"dateModified\":\"2020-03-12T13:47:32+00:00\",\"mainEntityOfPage\":{\"@id\":\"https:\\\/\\\/www.coffeedesk.pl\\\/blog\\\/kawowa-prasowka-6-lutego-2018\\\/\"},\"wordCount\":260,\"commentCount\":2,\"publisher\":{\"@id\":\"https:\\\/\\\/www.coffeedesk.pl\\\/blog\\\/#organization\"},\"image\":{\"@id\":\"https:\\\/\\\/www.coffeedesk.pl\\\/blog\\\/kawowa-prasowka-6-lutego-2018\\\/#primaryimage\"},\"thumbnailUrl\":\"https:\\\/\\\/www.coffeedesk.pl\\\/blog\\\/wp-content\\\/uploads\\\/2017\\\/12\\\/prasowka-s.jpeg\",\"keywords\":[\"2018\",\"coffeedesk\",\"kawowa pras\u00f3wka\",\"mistrzostwa polski barista\",\"pras\u00f3wka\",\"sensoryka\",\"warszawa\"],\"articleSection\":[\"Kawa\",\"Lifestyle\",\"Mity\",\"Speciality\"],\"inLanguage\":\"pl-PL\",\"potentialAction\":[{\"@type\":\"CommentAction\",\"name\":\"Comment\",\"target\":[\"https:\\\/\\\/www.coffeedesk.pl\\\/blog\\\/kawowa-prasowka-6-lutego-2018\\\/#respond\"]}]},{\"@type\":\"WebPage\",\"@id\":\"https:\\\/\\\/www.coffeedesk.pl\\\/blog\\\/kawowa-prasowka-6-lutego-2018\\\/\",\"url\":\"https:\\\/\\\/www.coffeedesk.pl\\\/blog\\\/kawowa-prasowka-6-lutego-2018\\\/\",\"name\":\"Kawowa Pras\u00f3wka - 6 lutego 2018 - Blog CoffeeDesk.pl\",\"isPartOf\":{\"@id\":\"https:\\\/\\\/www.coffeedesk.pl\\\/blog\\\/#website\"},\"primaryImageOfPage\":{\"@id\":\"https:\\\/\\\/www.coffeedesk.pl\\\/blog\\\/kawowa-prasowka-6-lutego-2018\\\/#primaryimage\"},\"image\":{\"@id\":\"https:\\\/\\\/www.coffeedesk.pl\\\/blog\\\/kawowa-prasowka-6-lutego-2018\\\/#primaryimage\"},\"thumbnailUrl\":\"https:\\\/\\\/www.coffeedesk.pl\\\/blog\\\/wp-content\\\/uploads\\\/2017\\\/12\\\/prasowka-s.jpeg\",\"datePublished\":\"2018-02-06T04:28:49+00:00\",\"dateModified\":\"2020-03-12T13:47:32+00:00\",\"description\":\"PIerwsza w lutym Kawowa Pras\u00f3wka przynosi Wam wie\u015bci o Mistrzostwach Polski Barista 2018, o tym, jak poprawi\u0107 swoj\u0105 sensoryk\u0119 (i to rady od samego Mistrza \u015awiata Cup Tasters!), a tak\u017ce co CoffeeDesk ma wsp\u00f3lnego z presti\u017cowym magazynem Forbes.\",\"breadcrumb\":{\"@id\":\"https:\\\/\\\/www.coffeedesk.pl\\\/blog\\\/kawowa-prasowka-6-lutego-2018\\\/#breadcrumb\"},\"inLanguage\":\"pl-PL\",\"potentialAction\":[{\"@type\":\"ReadAction\",\"target\":[\"https:\\\/\\\/www.coffeedesk.pl\\\/blog\\\/kawowa-prasowka-6-lutego-2018\\\/\"]}]},{\"@type\":\"ImageObject\",\"inLanguage\":\"pl-PL\",\"@id\":\"https:\\\/\\\/www.coffeedesk.pl\\\/blog\\\/kawowa-prasowka-6-lutego-2018\\\/#primaryimage\",\"url\":\"https:\\\/\\\/www.coffeedesk.pl\\\/blog\\\/wp-content\\\/uploads\\\/2017\\\/12\\\/prasowka-s.jpeg\",\"contentUrl\":\"https:\\\/\\\/www.coffeedesk.pl\\\/blog\\\/wp-content\\\/uploads\\\/2017\\\/12\\\/prasowka-s.jpeg\",\"width\":1920,\"height\":1280,\"caption\":\"kawowa pras\u00f3wka coffeedesk\"},{\"@type\":\"BreadcrumbList\",\"@id\":\"https:\\\/\\\/www.coffeedesk.pl\\\/blog\\\/kawowa-prasowka-6-lutego-2018\\\/#breadcrumb\",\"itemListElement\":[{\"@type\":\"ListItem\",\"position\":1,\"name\":\"Strona g\u0142\u00f3wna\",\"item\":\"https:\\\/\\\/www.coffeedesk.pl\\\/blog\\\/\"},{\"@type\":\"ListItem\",\"position\":2,\"name\":\"Kawowa Pras\u00f3wka &#8211; 6 lutego 2018\"}]},{\"@type\":\"WebSite\",\"@id\":\"https:\\\/\\\/www.coffeedesk.pl\\\/blog\\\/#website\",\"url\":\"https:\\\/\\\/www.coffeedesk.pl\\\/blog\\\/\",\"name\":\"Blog Coffeedesk.pl\",\"description\":\"\",\"publisher\":{\"@id\":\"https:\\\/\\\/www.coffeedesk.pl\\\/blog\\\/#organization\"},\"potentialAction\":[{\"@type\":\"SearchAction\",\"target\":{\"@type\":\"EntryPoint\",\"urlTemplate\":\"https:\\\/\\\/www.coffeedesk.pl\\\/blog\\\/?s={search_term_string}\"},\"query-input\":{\"@type\":\"PropertyValueSpecification\",\"valueRequired\":true,\"valueName\":\"search_term_string\"}}],\"inLanguage\":\"pl-PL\"},{\"@type\":\"Organization\",\"@id\":\"https:\\\/\\\/www.coffeedesk.pl\\\/blog\\\/#organization\",\"name\":\"Coffeedesk.pl\",\"url\":\"https:\\\/\\\/www.coffeedesk.pl\\\/blog\\\/\",\"logo\":{\"@type\":\"ImageObject\",\"inLanguage\":\"pl-PL\",\"@id\":\"https:\\\/\\\/www.coffeedesk.pl\\\/blog\\\/#\\\/schema\\\/logo\\\/image\\\/\",\"url\":\"https:\\\/\\\/www.coffeedesk.pl\\\/blog\\\/wp-content\\\/uploads\\\/2019\\\/10\\\/logo_color.png\",\"contentUrl\":\"https:\\\/\\\/www.coffeedesk.pl\\\/blog\\\/wp-content\\\/uploads\\\/2019\\\/10\\\/logo_color.png\",\"width\":246,\"height\":50,\"caption\":\"Coffeedesk.pl\"},\"image\":{\"@id\":\"https:\\\/\\\/www.coffeedesk.pl\\\/blog\\\/#\\\/schema\\\/logo\\\/image\\\/\"}},{\"@type\":\"Person\",\"@id\":\"https:\\\/\\\/www.coffeedesk.pl\\\/blog\\\/#\\\/schema\\\/person\\\/a7fcc4a800bbfe6fcac6a029e7ecef02\",\"name\":\"Piotr Je\u017cewski\",\"image\":{\"@type\":\"ImageObject\",\"inLanguage\":\"pl-PL\",\"@id\":\"https:\\\/\\\/www.coffeedesk.pl\\\/blog\\\/wp-content\\\/uploads\\\/2016\\\/09\\\/IMG_0743-320x320.jpg\",\"url\":\"https:\\\/\\\/www.coffeedesk.pl\\\/blog\\\/wp-content\\\/uploads\\\/2016\\\/09\\\/IMG_0743-320x320.jpg\",\"contentUrl\":\"https:\\\/\\\/www.coffeedesk.pl\\\/blog\\\/wp-content\\\/uploads\\\/2016\\\/09\\\/IMG_0743-320x320.jpg\",\"caption\":\"Piotr Je\u017cewski\"},\"description\":\"W kawie od 2012. Ni to d\u0142ugo, ni to kr\u00f3tko, tak my\u015bl\u0119! Wsp\u00f3\u0142tw\u00f3rca palarni Heresy Reformed Coffee, green coffee buyer, roaster, konsultant, Q-Grader. Mam szcz\u0119\u015bcie do ludzi. Tak dla logiki, kaw z Hondurasu, g\u00f3r i herbatki. Nie dla miejskich legend, \u015blepej wiary w autorytety i mi\u0119ska. S\u0142onecznego dnia!\",\"sameAs\":[\"http:\\\/\\\/www.heresy.coffee\",\"https:\\\/\\\/www.facebook.com\\\/heresy.coffee\",\"https:\\\/\\\/www.instagram.com\\\/pio_jez\\\/?hl=pl\"],\"url\":\"https:\\\/\\\/www.coffeedesk.pl\\\/blog\\\/author\\\/piotrjezewski\\\/\"}]}<\/script>\n<!-- \/ Yoast SEO plugin. -->","yoast_head_json":{"title":"Kawowa Pras\u00f3wka - 6 lutego 2018 - Blog CoffeeDesk.pl","description":"PIerwsza w lutym Kawowa Pras\u00f3wka przynosi Wam wie\u015bci o Mistrzostwach Polski Barista 2018, o tym, jak poprawi\u0107 swoj\u0105 sensoryk\u0119 (i to rady od samego Mistrza \u015awiata Cup Tasters!), a tak\u017ce co CoffeeDesk ma wsp\u00f3lnego z presti\u017cowym magazynem Forbes.","robots":{"index":"index","follow":"follow","max-snippet":"max-snippet:-1","max-image-preview":"max-image-preview:large","max-video-preview":"max-video-preview:-1"},"canonical":"https:\/\/www.coffeedesk.pl\/blog\/kawowa-prasowka-6-lutego-2018\/","og_locale":"pl_PL","og_type":"article","og_title":"Kawowa Pras\u00f3wka - 6 lutego 2018 - Blog CoffeeDesk.pl","og_description":"PIerwsza w lutym Kawowa Pras\u00f3wka przynosi Wam wie\u015bci o Mistrzostwach Polski Barista 2018, o tym, jak poprawi\u0107 swoj\u0105 sensoryk\u0119 (i to rady od samego Mistrza \u015awiata Cup Tasters!), a tak\u017ce co CoffeeDesk ma wsp\u00f3lnego z presti\u017cowym magazynem Forbes.","og_url":"https:\/\/www.coffeedesk.pl\/blog\/kawowa-prasowka-6-lutego-2018\/","og_site_name":"Blog Coffeedesk.pl","article_author":"https:\/\/www.facebook.com\/heresy.coffee","article_published_time":"2018-02-06T04:28:49+00:00","article_modified_time":"2020-03-12T13:47:32+00:00","og_image":[{"width":1920,"height":1280,"url":"https:\/\/www.coffeedesk.pl\/blog\/wp-content\/uploads\/2017\/12\/prasowka-s.jpeg","type":"image\/jpeg"}],"author":"Piotr Je\u017cewski","twitter_card":"summary_large_image","twitter_misc":{"Napisane przez":"Piotr Je\u017cewski","Szacowany czas czytania":"1 minuta"},"schema":{"@context":"https:\/\/schema.org","@graph":[{"@type":"Article","@id":"https:\/\/www.coffeedesk.pl\/blog\/kawowa-prasowka-6-lutego-2018\/#article","isPartOf":{"@id":"https:\/\/www.coffeedesk.pl\/blog\/kawowa-prasowka-6-lutego-2018\/"},"author":{"name":"Piotr Je\u017cewski","@id":"https:\/\/www.coffeedesk.pl\/blog\/#\/schema\/person\/a7fcc4a800bbfe6fcac6a029e7ecef02"},"headline":"Kawowa Pras\u00f3wka &#8211; 6 lutego 2018","datePublished":"2018-02-06T04:28:49+00:00","dateModified":"2020-03-12T13:47:32+00:00","mainEntityOfPage":{"@id":"https:\/\/www.coffeedesk.pl\/blog\/kawowa-prasowka-6-lutego-2018\/"},"wordCount":260,"commentCount":2,"publisher":{"@id":"https:\/\/www.coffeedesk.pl\/blog\/#organization"},"image":{"@id":"https:\/\/www.coffeedesk.pl\/blog\/kawowa-prasowka-6-lutego-2018\/#primaryimage"},"thumbnailUrl":"https:\/\/www.coffeedesk.pl\/blog\/wp-content\/uploads\/2017\/12\/prasowka-s.jpeg","keywords":["2018","coffeedesk","kawowa pras\u00f3wka","mistrzostwa polski barista","pras\u00f3wka","sensoryka","warszawa"],"articleSection":["Kawa","Lifestyle","Mity","Speciality"],"inLanguage":"pl-PL","potentialAction":[{"@type":"CommentAction","name":"Comment","target":["https:\/\/www.coffeedesk.pl\/blog\/kawowa-prasowka-6-lutego-2018\/#respond"]}]},{"@type":"WebPage","@id":"https:\/\/www.coffeedesk.pl\/blog\/kawowa-prasowka-6-lutego-2018\/","url":"https:\/\/www.coffeedesk.pl\/blog\/kawowa-prasowka-6-lutego-2018\/","name":"Kawowa Pras\u00f3wka - 6 lutego 2018 - Blog CoffeeDesk.pl","isPartOf":{"@id":"https:\/\/www.coffeedesk.pl\/blog\/#website"},"primaryImageOfPage":{"@id":"https:\/\/www.coffeedesk.pl\/blog\/kawowa-prasowka-6-lutego-2018\/#primaryimage"},"image":{"@id":"https:\/\/www.coffeedesk.pl\/blog\/kawowa-prasowka-6-lutego-2018\/#primaryimage"},"thumbnailUrl":"https:\/\/www.coffeedesk.pl\/blog\/wp-content\/uploads\/2017\/12\/prasowka-s.jpeg","datePublished":"2018-02-06T04:28:49+00:00","dateModified":"2020-03-12T13:47:32+00:00","description":"PIerwsza w lutym Kawowa Pras\u00f3wka przynosi Wam wie\u015bci o Mistrzostwach Polski Barista 2018, o tym, jak poprawi\u0107 swoj\u0105 sensoryk\u0119 (i to rady od samego Mistrza \u015awiata Cup Tasters!), a tak\u017ce co CoffeeDesk ma wsp\u00f3lnego z presti\u017cowym magazynem Forbes.","breadcrumb":{"@id":"https:\/\/www.coffeedesk.pl\/blog\/kawowa-prasowka-6-lutego-2018\/#breadcrumb"},"inLanguage":"pl-PL","potentialAction":[{"@type":"ReadAction","target":["https:\/\/www.coffeedesk.pl\/blog\/kawowa-prasowka-6-lutego-2018\/"]}]},{"@type":"ImageObject","inLanguage":"pl-PL","@id":"https:\/\/www.coffeedesk.pl\/blog\/kawowa-prasowka-6-lutego-2018\/#primaryimage","url":"https:\/\/www.coffeedesk.pl\/blog\/wp-content\/uploads\/2017\/12\/prasowka-s.jpeg","contentUrl":"https:\/\/www.coffeedesk.pl\/blog\/wp-content\/uploads\/2017\/12\/prasowka-s.jpeg","width":1920,"height":1280,"caption":"kawowa pras\u00f3wka coffeedesk"},{"@type":"BreadcrumbList","@id":"https:\/\/www.coffeedesk.pl\/blog\/kawowa-prasowka-6-lutego-2018\/#breadcrumb","itemListElement":[{"@type":"ListItem","position":1,"name":"Strona g\u0142\u00f3wna","item":"https:\/\/www.coffeedesk.pl\/blog\/"},{"@type":"ListItem","position":2,"name":"Kawowa Pras\u00f3wka &#8211; 6 lutego 2018"}]},{"@type":"WebSite","@id":"https:\/\/www.coffeedesk.pl\/blog\/#website","url":"https:\/\/www.coffeedesk.pl\/blog\/","name":"Blog Coffeedesk.pl","description":"","publisher":{"@id":"https:\/\/www.coffeedesk.pl\/blog\/#organization"},"potentialAction":[{"@type":"SearchAction","target":{"@type":"EntryPoint","urlTemplate":"https:\/\/www.coffeedesk.pl\/blog\/?s={search_term_string}"},"query-input":{"@type":"PropertyValueSpecification","valueRequired":true,"valueName":"search_term_string"}}],"inLanguage":"pl-PL"},{"@type":"Organization","@id":"https:\/\/www.coffeedesk.pl\/blog\/#organization","name":"Coffeedesk.pl","url":"https:\/\/www.coffeedesk.pl\/blog\/","logo":{"@type":"ImageObject","inLanguage":"pl-PL","@id":"https:\/\/www.coffeedesk.pl\/blog\/#\/schema\/logo\/image\/","url":"https:\/\/www.coffeedesk.pl\/blog\/wp-content\/uploads\/2019\/10\/logo_color.png","contentUrl":"https:\/\/www.coffeedesk.pl\/blog\/wp-content\/uploads\/2019\/10\/logo_color.png","width":246,"height":50,"caption":"Coffeedesk.pl"},"image":{"@id":"https:\/\/www.coffeedesk.pl\/blog\/#\/schema\/logo\/image\/"}},{"@type":"Person","@id":"https:\/\/www.coffeedesk.pl\/blog\/#\/schema\/person\/a7fcc4a800bbfe6fcac6a029e7ecef02","name":"Piotr Je\u017cewski","image":{"@type":"ImageObject","inLanguage":"pl-PL","@id":"https:\/\/www.coffeedesk.pl\/blog\/wp-content\/uploads\/2016\/09\/IMG_0743-320x320.jpg","url":"https:\/\/www.coffeedesk.pl\/blog\/wp-content\/uploads\/2016\/09\/IMG_0743-320x320.jpg","contentUrl":"https:\/\/www.coffeedesk.pl\/blog\/wp-content\/uploads\/2016\/09\/IMG_0743-320x320.jpg","caption":"Piotr Je\u017cewski"},"description":"W kawie od 2012. Ni to d\u0142ugo, ni to kr\u00f3tko, tak my\u015bl\u0119! Wsp\u00f3\u0142tw\u00f3rca palarni Heresy Reformed Coffee, green coffee buyer, roaster, konsultant, Q-Grader. Mam szcz\u0119\u015bcie do ludzi. Tak dla logiki, kaw z Hondurasu, g\u00f3r i herbatki. Nie dla miejskich legend, \u015blepej wiary w autorytety i mi\u0119ska. S\u0142onecznego dnia!","sameAs":["http:\/\/www.heresy.coffee","https:\/\/www.facebook.com\/heresy.coffee","https:\/\/www.instagram.com\/pio_jez\/?hl=pl"],"url":"https:\/\/www.coffeedesk.pl\/blog\/author\/piotrjezewski\/"}]}},"jetpack_featured_media_url":"https:\/\/www.coffeedesk.pl\/blog\/wp-content\/uploads\/2017\/12\/prasowka-s.jpeg","_links":{"self":[{"href":"https:\/\/www.coffeedesk.pl\/blog\/wp-json\/wp\/v2\/posts\/3725","targetHints":{"allow":["GET"]}}],"collection":[{"href":"https:\/\/www.coffeedesk.pl\/blog\/wp-json\/wp\/v2\/posts"}],"about":[{"href":"https:\/\/www.coffeedesk.pl\/blog\/wp-json\/wp\/v2\/types\/post"}],"author":[{"embeddable":true,"href":"https:\/\/www.coffeedesk.pl\/blog\/wp-json\/wp\/v2\/users\/25"}],"replies":[{"embeddable":true,"href":"https:\/\/www.coffeedesk.pl\/blog\/wp-json\/wp\/v2\/comments?post=3725"}],"version-history":[{"count":8,"href":"https:\/\/www.coffeedesk.pl\/blog\/wp-json\/wp\/v2\/posts\/3725\/revisions"}],"predecessor-version":[{"id":9917,"href":"https:\/\/www.coffeedesk.pl\/blog\/wp-json\/wp\/v2\/posts\/3725\/revisions\/9917"}],"wp:featuredmedia":[{"embeddable":true,"href":"https:\/\/www.coffeedesk.pl\/blog\/wp-json\/wp\/v2\/media\/3357"}],"wp:attachment":[{"href":"https:\/\/www.coffeedesk.pl\/blog\/wp-json\/wp\/v2\/media?parent=3725"}],"wp:term":[{"taxonomy":"category","embeddable":true,"href":"https:\/\/www.coffeedesk.pl\/blog\/wp-json\/wp\/v2\/categories?post=3725"},{"taxonomy":"post_tag","embeddable":true,"href":"https:\/\/www.coffeedesk.pl\/blog\/wp-json\/wp\/v2\/tags?post=3725"},{"taxonomy":"powerkit_post_featured","embeddable":true,"href":"https:\/\/www.coffeedesk.pl\/blog\/wp-json\/wp\/v2\/powerkit_post_featured?post=3725"}],"curies":[{"name":"wp","href":"https:\/\/api.w.org\/{rel}","templated":true}]}}