{"id":37,"name":"Anna Kotowicz - Zero Waste","url":"","description":"Jeste\u015bmy grup\u0105 znajomych z Wydzia\u0142u Zarz\u0105dzania UW. Wsp\u00f3lnie realizujemy projekt spo\u0142eczny o tematyce zero waste. Wierzymy, \u017ce nawet ma\u0142a zmiana ma ogromny wp\u0142yw na \u015brodowisko, dlatego zach\u0119camy do do\u0142\u0105czenia do naszej spo\u0142eczno\u015bci, aby razem ocali\u0107 nasz\u0105 planet\u0119!","link":"https:\/\/www.coffeedesk.pl\/blog\/author\/zwlasnymkubkiem\/","slug":"zwlasnymkubkiem","avatar_urls":{"24":"https:\/\/www.coffeedesk.pl\/blog\/wp-content\/uploads\/2018\/02\/logo-80x80.jpg","48":"https:\/\/www.coffeedesk.pl\/blog\/wp-content\/uploads\/2018\/02\/logo-80x80.jpg","96":"https:\/\/www.coffeedesk.pl\/blog\/wp-content\/uploads\/2018\/02\/logo-320x320.jpg"},"meta":[],"acf":[],"yoast_head":"<!-- This site is optimized with the Yoast SEO plugin v27.4 - https:\/\/yoast.com\/product\/yoast-seo-wordpress\/ -->\n<title>#zwlasnymkubkiem<\/title>\n<meta name=\"description\" content=\"Jeste\u015bmy grup\u0105 znajomych z Wydzia\u0142u Zarz\u0105dzania UW. Wsp\u00f3lnie realizujemy projekt spo\u0142eczny o tematyce zero waste. Wierzymy, \u017ce nawet ma\u0142a zmiana ma ogromny wp\u0142yw na \u015brodowisko, dlatego zach\u0119camy do do\u0142\u0105czenia do naszej spo\u0142eczno\u015bci, aby razem ocali\u0107 nasz\u0105 planet\u0119!\" \/>\n<meta name=\"robots\" content=\"index, follow, max-snippet:-1, max-image-preview:large, max-video-preview:-1\" \/>\n<link rel=\"canonical\" href=\"https:\/\/www.coffeedesk.pl\/blog\/author\/zwlasnymkubkiem\/\" \/>\n<meta property=\"og:locale\" content=\"pl_PL\" \/>\n<meta property=\"og:type\" content=\"profile\" \/>\n<meta property=\"og:title\" content=\"#zwlasnymkubkiem\" \/>\n<meta property=\"og:description\" content=\"Jeste\u015bmy grup\u0105 znajomych z Wydzia\u0142u Zarz\u0105dzania UW. Wsp\u00f3lnie realizujemy projekt spo\u0142eczny o tematyce zero waste. Wierzymy, \u017ce nawet ma\u0142a zmiana ma ogromny wp\u0142yw na \u015brodowisko, dlatego zach\u0119camy do do\u0142\u0105czenia do naszej spo\u0142eczno\u015bci, aby razem ocali\u0107 nasz\u0105 planet\u0119!\" \/>\n<meta property=\"og:url\" content=\"https:\/\/www.coffeedesk.pl\/blog\/author\/zwlasnymkubkiem\/\" \/>\n<meta property=\"og:site_name\" content=\"Blog Coffeedesk.pl\" \/>\n<meta property=\"og:image\" content=\"https:\/\/www.coffeedesk.pl\/blog\/wp-content\/uploads\/2018\/02\/logo.jpg\" \/>\n\t<meta property=\"og:image:width\" content=\"610\" \/>\n\t<meta property=\"og:image:height\" content=\"598\" \/>\n\t<meta property=\"og:image:type\" content=\"image\/jpeg\" \/>\n<meta name=\"twitter:card\" content=\"summary_large_image\" \/>\n<script type=\"application\/ld+json\" class=\"yoast-schema-graph\">{\"@context\":\"https:\\\/\\\/schema.org\",\"@graph\":[{\"@type\":\"ProfilePage\",\"@id\":\"https:\\\/\\\/www.coffeedesk.pl\\\/blog\\\/author\\\/zwlasnymkubkiem\\\/\",\"url\":\"https:\\\/\\\/www.coffeedesk.pl\\\/blog\\\/author\\\/zwlasnymkubkiem\\\/\",\"name\":\"#zwlasnymkubkiem\",\"isPartOf\":{\"@id\":\"https:\\\/\\\/www.coffeedesk.pl\\\/blog\\\/#website\"},\"description\":\"Jeste\u015bmy grup\u0105 znajomych z Wydzia\u0142u Zarz\u0105dzania UW. Wsp\u00f3lnie realizujemy projekt spo\u0142eczny o tematyce zero waste. Wierzymy, \u017ce nawet ma\u0142a zmiana ma ogromny wp\u0142yw na \u015brodowisko, dlatego zach\u0119camy do do\u0142\u0105czenia do naszej spo\u0142eczno\u015bci, aby razem ocali\u0107 nasz\u0105 planet\u0119!\",\"breadcrumb\":{\"@id\":\"https:\\\/\\\/www.coffeedesk.pl\\\/blog\\\/author\\\/zwlasnymkubkiem\\\/#breadcrumb\"},\"inLanguage\":\"pl-PL\",\"potentialAction\":[{\"@type\":\"ReadAction\",\"target\":[\"https:\\\/\\\/www.coffeedesk.pl\\\/blog\\\/author\\\/zwlasnymkubkiem\\\/\"]}]},{\"@type\":\"BreadcrumbList\",\"@id\":\"https:\\\/\\\/www.coffeedesk.pl\\\/blog\\\/author\\\/zwlasnymkubkiem\\\/#breadcrumb\",\"itemListElement\":[{\"@type\":\"ListItem\",\"position\":1,\"name\":\"Strona g\u0142\u00f3wna\",\"item\":\"https:\\\/\\\/www.coffeedesk.pl\\\/blog\\\/\"},{\"@type\":\"ListItem\",\"position\":2,\"name\":\"Archiwum dla Anna Kotowicz - Zero Waste\"}]},{\"@type\":\"WebSite\",\"@id\":\"https:\\\/\\\/www.coffeedesk.pl\\\/blog\\\/#website\",\"url\":\"https:\\\/\\\/www.coffeedesk.pl\\\/blog\\\/\",\"name\":\"Blog Coffeedesk.pl\",\"description\":\"\",\"publisher\":{\"@id\":\"https:\\\/\\\/www.coffeedesk.pl\\\/blog\\\/#organization\"},\"potentialAction\":[{\"@type\":\"SearchAction\",\"target\":{\"@type\":\"EntryPoint\",\"urlTemplate\":\"https:\\\/\\\/www.coffeedesk.pl\\\/blog\\\/?s={search_term_string}\"},\"query-input\":{\"@type\":\"PropertyValueSpecification\",\"valueRequired\":true,\"valueName\":\"search_term_string\"}}],\"inLanguage\":\"pl-PL\"},{\"@type\":\"Organization\",\"@id\":\"https:\\\/\\\/www.coffeedesk.pl\\\/blog\\\/#organization\",\"name\":\"Coffeedesk.pl\",\"url\":\"https:\\\/\\\/www.coffeedesk.pl\\\/blog\\\/\",\"logo\":{\"@type\":\"ImageObject\",\"inLanguage\":\"pl-PL\",\"@id\":\"https:\\\/\\\/www.coffeedesk.pl\\\/blog\\\/#\\\/schema\\\/logo\\\/image\\\/\",\"url\":\"https:\\\/\\\/www.coffeedesk.pl\\\/blog\\\/wp-content\\\/uploads\\\/2019\\\/10\\\/logo_color.png\",\"contentUrl\":\"https:\\\/\\\/www.coffeedesk.pl\\\/blog\\\/wp-content\\\/uploads\\\/2019\\\/10\\\/logo_color.png\",\"width\":246,\"height\":50,\"caption\":\"Coffeedesk.pl\"},\"image\":{\"@id\":\"https:\\\/\\\/www.coffeedesk.pl\\\/blog\\\/#\\\/schema\\\/logo\\\/image\\\/\"}},{\"@type\":\"Person\",\"@id\":\"https:\\\/\\\/www.coffeedesk.pl\\\/blog\\\/#\\\/schema\\\/person\\\/cbed6f11fea36d5d6f62b7df29bcb967\",\"name\":\"Anna Kotowicz - Zero Waste\",\"image\":{\"@type\":\"ImageObject\",\"inLanguage\":\"pl-PL\",\"@id\":\"https:\\\/\\\/www.coffeedesk.pl\\\/blog\\\/wp-content\\\/uploads\\\/2018\\\/02\\\/logo-320x320.jpg\",\"url\":\"https:\\\/\\\/www.coffeedesk.pl\\\/blog\\\/wp-content\\\/uploads\\\/2018\\\/02\\\/logo-320x320.jpg\",\"contentUrl\":\"https:\\\/\\\/www.coffeedesk.pl\\\/blog\\\/wp-content\\\/uploads\\\/2018\\\/02\\\/logo-320x320.jpg\",\"caption\":\"Anna Kotowicz - Zero Waste\"},\"description\":\"Jeste\u015bmy grup\u0105 znajomych z Wydzia\u0142u Zarz\u0105dzania UW. Wsp\u00f3lnie realizujemy projekt spo\u0142eczny o tematyce zero waste. Wierzymy, \u017ce nawet ma\u0142a zmiana ma ogromny wp\u0142yw na \u015brodowisko, dlatego zach\u0119camy do do\u0142\u0105czenia do naszej spo\u0142eczno\u015bci, aby razem ocali\u0107 nasz\u0105 planet\u0119!\",\"sameAs\":[\"https:\\\/\\\/www.facebook.com\\\/Wyrzu\u0107-\u015amieci-ze-Swojego-\u017bycia-158040764886089\\\/\",\"https:\\\/\\\/www.instagram.com\\\/zerowaste_\\\/\"],\"mainEntityOfPage\":{\"@id\":\"https:\\\/\\\/www.coffeedesk.pl\\\/blog\\\/author\\\/zwlasnymkubkiem\\\/\"}}]}<\/script>\n<!-- \/ Yoast SEO plugin. -->","yoast_head_json":{"title":"#zwlasnymkubkiem","description":"Jeste\u015bmy grup\u0105 znajomych z Wydzia\u0142u Zarz\u0105dzania UW. Wsp\u00f3lnie realizujemy projekt spo\u0142eczny o tematyce zero waste. Wierzymy, \u017ce nawet ma\u0142a zmiana ma ogromny wp\u0142yw na \u015brodowisko, dlatego zach\u0119camy do do\u0142\u0105czenia do naszej spo\u0142eczno\u015bci, aby razem ocali\u0107 nasz\u0105 planet\u0119!","robots":{"index":"index","follow":"follow","max-snippet":"max-snippet:-1","max-image-preview":"max-image-preview:large","max-video-preview":"max-video-preview:-1"},"canonical":"https:\/\/www.coffeedesk.pl\/blog\/author\/zwlasnymkubkiem\/","og_locale":"pl_PL","og_type":"profile","og_title":"#zwlasnymkubkiem","og_description":"Jeste\u015bmy grup\u0105 znajomych z Wydzia\u0142u Zarz\u0105dzania UW. Wsp\u00f3lnie realizujemy projekt spo\u0142eczny o tematyce zero waste. Wierzymy, \u017ce nawet ma\u0142a zmiana ma ogromny wp\u0142yw na \u015brodowisko, dlatego zach\u0119camy do do\u0142\u0105czenia do naszej spo\u0142eczno\u015bci, aby razem ocali\u0107 nasz\u0105 planet\u0119!","og_url":"https:\/\/www.coffeedesk.pl\/blog\/author\/zwlasnymkubkiem\/","og_site_name":"Blog Coffeedesk.pl","og_image":[{"width":610,"height":598,"url":"https:\/\/www.coffeedesk.pl\/blog\/wp-content\/uploads\/2018\/02\/logo.jpg","type":"image\/jpeg"}],"twitter_card":"summary_large_image","schema":{"@context":"https:\/\/schema.org","@graph":[{"@type":"ProfilePage","@id":"https:\/\/www.coffeedesk.pl\/blog\/author\/zwlasnymkubkiem\/","url":"https:\/\/www.coffeedesk.pl\/blog\/author\/zwlasnymkubkiem\/","name":"#zwlasnymkubkiem","isPartOf":{"@id":"https:\/\/www.coffeedesk.pl\/blog\/#website"},"description":"Jeste\u015bmy grup\u0105 znajomych z Wydzia\u0142u Zarz\u0105dzania UW. Wsp\u00f3lnie realizujemy projekt spo\u0142eczny o tematyce zero waste. Wierzymy, \u017ce nawet ma\u0142a zmiana ma ogromny wp\u0142yw na \u015brodowisko, dlatego zach\u0119camy do do\u0142\u0105czenia do naszej spo\u0142eczno\u015bci, aby razem ocali\u0107 nasz\u0105 planet\u0119!","breadcrumb":{"@id":"https:\/\/www.coffeedesk.pl\/blog\/author\/zwlasnymkubkiem\/#breadcrumb"},"inLanguage":"pl-PL","potentialAction":[{"@type":"ReadAction","target":["https:\/\/www.coffeedesk.pl\/blog\/author\/zwlasnymkubkiem\/"]}]},{"@type":"BreadcrumbList","@id":"https:\/\/www.coffeedesk.pl\/blog\/author\/zwlasnymkubkiem\/#breadcrumb","itemListElement":[{"@type":"ListItem","position":1,"name":"Strona g\u0142\u00f3wna","item":"https:\/\/www.coffeedesk.pl\/blog\/"},{"@type":"ListItem","position":2,"name":"Archiwum dla Anna Kotowicz - Zero Waste"}]},{"@type":"WebSite","@id":"https:\/\/www.coffeedesk.pl\/blog\/#website","url":"https:\/\/www.coffeedesk.pl\/blog\/","name":"Blog Coffeedesk.pl","description":"","publisher":{"@id":"https:\/\/www.coffeedesk.pl\/blog\/#organization"},"potentialAction":[{"@type":"SearchAction","target":{"@type":"EntryPoint","urlTemplate":"https:\/\/www.coffeedesk.pl\/blog\/?s={search_term_string}"},"query-input":{"@type":"PropertyValueSpecification","valueRequired":true,"valueName":"search_term_string"}}],"inLanguage":"pl-PL"},{"@type":"Organization","@id":"https:\/\/www.coffeedesk.pl\/blog\/#organization","name":"Coffeedesk.pl","url":"https:\/\/www.coffeedesk.pl\/blog\/","logo":{"@type":"ImageObject","inLanguage":"pl-PL","@id":"https:\/\/www.coffeedesk.pl\/blog\/#\/schema\/logo\/image\/","url":"https:\/\/www.coffeedesk.pl\/blog\/wp-content\/uploads\/2019\/10\/logo_color.png","contentUrl":"https:\/\/www.coffeedesk.pl\/blog\/wp-content\/uploads\/2019\/10\/logo_color.png","width":246,"height":50,"caption":"Coffeedesk.pl"},"image":{"@id":"https:\/\/www.coffeedesk.pl\/blog\/#\/schema\/logo\/image\/"}},{"@type":"Person","@id":"https:\/\/www.coffeedesk.pl\/blog\/#\/schema\/person\/cbed6f11fea36d5d6f62b7df29bcb967","name":"Anna Kotowicz - Zero Waste","image":{"@type":"ImageObject","inLanguage":"pl-PL","@id":"https:\/\/www.coffeedesk.pl\/blog\/wp-content\/uploads\/2018\/02\/logo-320x320.jpg","url":"https:\/\/www.coffeedesk.pl\/blog\/wp-content\/uploads\/2018\/02\/logo-320x320.jpg","contentUrl":"https:\/\/www.coffeedesk.pl\/blog\/wp-content\/uploads\/2018\/02\/logo-320x320.jpg","caption":"Anna Kotowicz - Zero Waste"},"description":"Jeste\u015bmy grup\u0105 znajomych z Wydzia\u0142u Zarz\u0105dzania UW. Wsp\u00f3lnie realizujemy projekt spo\u0142eczny o tematyce zero waste. Wierzymy, \u017ce nawet ma\u0142a zmiana ma ogromny wp\u0142yw na \u015brodowisko, dlatego zach\u0119camy do do\u0142\u0105czenia do naszej spo\u0142eczno\u015bci, aby razem ocali\u0107 nasz\u0105 planet\u0119!","sameAs":["https:\/\/www.facebook.com\/Wyrzu\u0107-\u015amieci-ze-Swojego-\u017bycia-158040764886089\/","https:\/\/www.instagram.com\/zerowaste_\/"],"mainEntityOfPage":{"@id":"https:\/\/www.coffeedesk.pl\/blog\/author\/zwlasnymkubkiem\/"}}]}},"_links":{"self":[{"href":"https:\/\/www.coffeedesk.pl\/blog\/wp-json\/wp\/v2\/users\/37","targetHints":{"allow":["GET"]}}],"collection":[{"href":"https:\/\/www.coffeedesk.pl\/blog\/wp-json\/wp\/v2\/users"}]}}